{"id":76862,"date":"2017-01-24T09:06:01","date_gmt":"2017-01-24T13:06:01","guid":{"rendered":"http:\/\/www.eltrabajo.cl\/2017\/?p=76862"},"modified":"2017-01-24T09:06:01","modified_gmt":"2017-01-24T13:06:01","slug":"dictamen-de-contraloria-deja-sin-viaje-a-la-playa-a-funcionarios-municipales","status":"publish","type":"post","link":"https:\/\/www.eltrabajo.cl\/2017\/dictamen-de-contraloria-deja-sin-viaje-a-la-playa-a-funcionarios-municipales\/","title":{"rendered":"Dictamen de Contralor\u00eda deja sin viaje a la playa a funcionarios municipales"},"content":{"rendered":"<figure id=\"attachment_76863\" aria-describedby=\"caption-attachment-76863\" style=\"width: 580px\" class=\"wp-caption alignnone\"><img data-recalc-dims=\"1\" loading=\"lazy\" decoding=\"async\" class=\"size-full wp-image-76863\" src=\"https:\/\/i0.wp.com\/www.eltrabajo.cl\/2017\/wp-content\/uploads\/2017\/01\/TAPIA.jpg?resize=580%2C348\" alt=\"Wladimir Tapia, presidente de Asemuch San Felipe.\" width=\"580\" height=\"348\" srcset=\"https:\/\/i0.wp.com\/www.eltrabajo.cl\/2017\/wp-content\/uploads\/2017\/01\/TAPIA.jpg?w=580&amp;ssl=1 580w, https:\/\/i0.wp.com\/www.eltrabajo.cl\/2017\/wp-content\/uploads\/2017\/01\/TAPIA.jpg?resize=300%2C180&amp;ssl=1 300w, https:\/\/i0.wp.com\/www.eltrabajo.cl\/2017\/wp-content\/uploads\/2017\/01\/TAPIA.jpg?resize=150%2C90&amp;ssl=1 150w\" sizes=\"auto, (max-width: 580px) 100vw, 580px\" \/><figcaption id=\"caption-attachment-76863\" class=\"wp-caption-text\">Wladimir Tapia, presidente de Asemuch San Felipe.<\/figcaption><\/figure>\n<ul>\n<li><strong>En palabras simples, la Municipalidad de San Felipe dispon\u00eda de una subvenci\u00f3n para que el personal fuera a la playa y eso este a\u00f1o fue objetado por la Contralor\u00eda de la Rep\u00fablica.<\/strong><\/li>\n<\/ul>\n<p>El presidente de Asemuch San Felipe, Wladimir Tapia, inform\u00f3 que por primera vez en 20 a\u00f1os esta organizaci\u00f3n no va a poder dar a sus asociados un beneficio que consist\u00eda en un viaje a la playa, ya que la Contralor\u00eda de la Rep\u00fablica objet\u00f3 este tipo de actividades por parte de la asociaci\u00f3n.<br \/>\nLa actividad, consist\u00eda en que la Municipalidad, les entregaba una subvenci\u00f3n para realizar esta actividad pues bien, este a\u00f1o no se va a realizar.<br \/>\nAl respecto, el dirigente expres\u00f3 que este viaje era una tradici\u00f3n que viene desde el a\u00f1o 1996 \u201cnosotros todos los veranos le entregamos a los funcionarios un paseo a la playa una actividad cultural que hacemos normalmente y que lo hemos estado haciendo por 20 a\u00f1os, pero en esta oportunidad nos ha sido objetado, toda vez que hay un dictamen de contralor\u00eda se\u00f1ala que no es compatible la funci\u00f3n social que tienen las asociaciones de funcionarios municipales y que puedan entregar este beneficio a sus asociados, eso nos fue impedido\u201d, sostuvo Tapia.<br \/>\nAgreg\u00f3, que esta es una situaci\u00f3n que les preocupa toda vez que por 20 a\u00f1os hicieron esta actividad, lo que ha significado para la gran mayor\u00eda de los funcionarios estrechar lazos, porque muchos familiares no tienen la posibilidad de veranear como las dem\u00e1s personas normales \u201ces en esta oportunidad donde nosotros podemos otorgarles ese beneficio pero vamos a tratar de ver otra f\u00f3rmula y veremos qu\u00e9 posibilidades tenemos en el aspecto legal de poder hacer la reclamaci\u00f3n correspondiente\u201d, indic\u00f3 el dirigente.<br \/>\nEn cuanto al motivo por el cual no se llevar\u00e1 a cabo dicha actividad, el dirigente indic\u00f3 que la Contralor\u00eda se\u00f1al\u00f3 que \u201cno era funci\u00f3n de la Asemuch, entregar ese tipo de prestaciones, bueno veremos qu\u00e9 otras opciones tenemos\u201d, se\u00f1al\u00f3 Tapia.<\/p>\n<p><strong>CASO FUNCIONARIOS A QUIENES NO LES RENOVARON SUS CONTRATOS<\/strong><br \/>\nConsultado el dirigente, en cuanto a la situaci\u00f3n final de los funcionarios a quienes no les fue renovado su contrato, Tapia dijo que todo estaba en manos de la Contralor\u00eda, \u201ceso todav\u00eda est\u00e1 en contralor\u00eda nosotros entregamos los antecedentes a la secci\u00f3n jur\u00eddica, contratamos un especialista (\u2026) un jurista para que apoyara las presentaciones de los funcionarios ante la contralor\u00eda y estamos a la espera de los resultados, este es un tr\u00e1mite que no se resuelva r\u00e1pidamente sino que se tiene que cumplir todos los plazos legales\u201d, sostuvo.<br \/>\nHasta el momento, se sabe que la Contralor\u00eda pidi\u00f3 un informe a la Municipalidad de San Felipe, sobre los motivos que tuvo para tomar esa decisi\u00f3n de no renovarles sus contratos \u201cvamos a esperar lo que resuelva posteriormente, esperando que dentro del mes de marzo est\u00e9 resuelto\u201d.<br \/>\n<strong>&#8211; \u00bfQu\u00e9 respondi\u00f3 la Municipalidad?<\/strong><br \/>\n<strong>&#8211;<\/strong> No lo sabemos.<br \/>\n<strong>-Es decir, \u00bfQu\u00e9 desde la Municipalidad deben informar los motivos que tuvo para desvincularlos?<\/strong><br \/>\n<strong>&#8211;<\/strong> Efectivamente, hay un tema de la notable confianza, es decir aqu\u00ed hay un tema de confianza por los tantos a\u00f1os que elaboraron tienen legitima confianza, para trabajar en los puestos que est\u00e1n por lo tanto una desvinculaci\u00f3n tiene que ser bien justificada, no puede ser arbitraria, eso es un tema que tiene que resolver la contralor\u00eda y en ese contexto nosotros estamos tranquilos y esperamos que se resuelva favorablemente.<br \/>\n<strong>&#8211; \u00bfNo ha habido m\u00e1s desvinculaciones?<\/strong><br \/>\n<strong>&#8211;<\/strong> No (\u2026) nada m\u00e1s.<br \/>\nRecordar que fueron cuatro los funcionarios a contrata a quienes no les fue renovado su contrato, entre ellos un arquitecto, encargado de emergencia, funcionaria de la parte social y catastro.<\/p>\n","protected":false},"excerpt":{"rendered":"<div class=\"mh-excerpt\"><p>En palabras simples, la Municipalidad de San Felipe dispon\u00eda de una subvenci\u00f3n para que el personal fuera a la playa y eso este a\u00f1o fue <a class=\"mh-excerpt-more\" href=\"https:\/\/www.eltrabajo.cl\/2017\/dictamen-de-contraloria-deja-sin-viaje-a-la-playa-a-funcionarios-municipales\/\" title=\"Dictamen de Contralor\u00eda deja sin viaje a la playa a funcionarios municipales\">[&#8230;]<\/a><\/p>\n<\/div>","protected":false},"author":1,"featured_media":76863,"comment_status":"open","ping_status":"open","sticky":false,"template":"","format":"standard","meta":{"_jetpack_newsletter_access":"","_jetpack_dont_email_post_to_subs":false,"_jetpack_newsletter_tier_id":0,"_jetpack_memberships_contains_paywalled_content":false,"_jetpack_memberships_contains_paid_content":false,"footnotes":""},"categories":[4],"tags":[],"class_list":["post-76862","post","type-post","status-publish","format-standard","has-post-thumbnail","hentry","category-cronica"],"nelio_content":{"autoShareEndMode":"never","automationSources":{"useCustomSentences":false,"customSentences":[]},"efiAlt":"","efiUrl":"","followers":[],"highlights":[],"isAutoShareEnabled":true,"networkImageIds":[],"permalinkQueryArgs":[],"series":[],"suggestedReferences":[]},"jetpack_featured_media_url":"https:\/\/i0.wp.com\/www.eltrabajo.cl\/2017\/wp-content\/uploads\/2017\/01\/TAPIA.jpg?fit=580%2C348&ssl=1","jetpack_sharing_enabled":true,"_links":{"self":[{"href":"https:\/\/www.eltrabajo.cl\/2017\/wp-json\/wp\/v2\/posts\/76862","targetHints":{"allow":["GET"]}}],"collection":[{"href":"https:\/\/www.eltrabajo.cl\/2017\/wp-json\/wp\/v2\/posts"}],"about":[{"href":"https:\/\/www.eltrabajo.cl\/2017\/wp-json\/wp\/v2\/types\/post"}],"author":[{"embeddable":true,"href":"https:\/\/www.eltrabajo.cl\/2017\/wp-json\/wp\/v2\/users\/1"}],"replies":[{"embeddable":true,"href":"https:\/\/www.eltrabajo.cl\/2017\/wp-json\/wp\/v2\/comments?post=76862"}],"version-history":[{"count":1,"href":"https:\/\/www.eltrabajo.cl\/2017\/wp-json\/wp\/v2\/posts\/76862\/revisions"}],"predecessor-version":[{"id":76864,"href":"https:\/\/www.eltrabajo.cl\/2017\/wp-json\/wp\/v2\/posts\/76862\/revisions\/76864"}],"wp:featuredmedia":[{"embeddable":true,"href":"https:\/\/www.eltrabajo.cl\/2017\/wp-json\/wp\/v2\/media\/76863"}],"wp:attachment":[{"href":"https:\/\/www.eltrabajo.cl\/2017\/wp-json\/wp\/v2\/media?parent=76862"}],"wp:term":[{"taxonomy":"category","embeddable":true,"href":"https:\/\/www.eltrabajo.cl\/2017\/wp-json\/wp\/v2\/categories?post=76862"},{"taxonomy":"post_tag","embeddable":true,"href":"https:\/\/www.eltrabajo.cl\/2017\/wp-json\/wp\/v2\/tags?post=76862"}],"curies":[{"name":"wp","href":"https:\/\/api.w.org\/{rel}","templated":true}]}}