{"id":77352,"date":"2017-02-20T08:15:27","date_gmt":"2017-02-20T12:15:27","guid":{"rendered":"http:\/\/www.eltrabajo.cl\/2017\/?p=77352"},"modified":"2017-02-20T08:15:27","modified_gmt":"2017-02-20T12:15:27","slug":"trabajadores-de-aridos-tres-esquinas-en-la-incertidumbre-desde-clausura-de-empresa","status":"publish","type":"post","link":"https:\/\/www.eltrabajo.cl\/2017\/trabajadores-de-aridos-tres-esquinas-en-la-incertidumbre-desde-clausura-de-empresa\/","title":{"rendered":"Trabajadores de \u00c1ridos Tres Esquinas en la incertidumbre desde clausura de empresa"},"content":{"rendered":"<figure id=\"attachment_77354\" aria-describedby=\"caption-attachment-77354\" style=\"width: 580px\" class=\"wp-caption alignnone\"><img data-recalc-dims=\"1\" loading=\"lazy\" decoding=\"async\" class=\"size-full wp-image-77354\" src=\"https:\/\/i0.wp.com\/www.eltrabajo.cl\/2017\/wp-content\/uploads\/2017\/02\/aridos-Daniel-S%C3%A1ez5.jpg?resize=580%2C349\" alt=\"Daniel S\u00e1ez, presidente del Sindicato de Trabajadores de \u00c1ridos Tres Esquinas.\" width=\"580\" height=\"349\" srcset=\"https:\/\/i0.wp.com\/www.eltrabajo.cl\/2017\/wp-content\/uploads\/2017\/02\/aridos-Daniel-S%C3%A1ez5.jpg?w=580&amp;ssl=1 580w, https:\/\/i0.wp.com\/www.eltrabajo.cl\/2017\/wp-content\/uploads\/2017\/02\/aridos-Daniel-S%C3%A1ez5.jpg?resize=300%2C181&amp;ssl=1 300w, https:\/\/i0.wp.com\/www.eltrabajo.cl\/2017\/wp-content\/uploads\/2017\/02\/aridos-Daniel-S%C3%A1ez5.jpg?resize=150%2C90&amp;ssl=1 150w\" sizes=\"auto, (max-width: 580px) 100vw, 580px\" \/><figcaption id=\"caption-attachment-77354\" class=\"wp-caption-text\">Daniel S\u00e1ez, presidente del Sindicato de Trabajadores de \u00c1ridos Tres Esquinas.<\/figcaption><\/figure>\n<ul>\n<li><span style=\"color: #ff0000;\"><strong>Empleados temen que la compa\u00f1\u00eda se declare en quiebra, por lo que, eventualmente podr\u00edan acogerse a la ley de autodespido.<\/strong><\/span><\/li>\n<\/ul>\n<p>Pr\u00e1cticamente un mes ha transcurrido desde que la Municipalidad de San Felipe decidi\u00f3 clausurar el funcionamiento de la empresa \u00c1ridos Tres Esquinas. La caducidad de una patente industrial no especificada, adem\u00e1s del incumplimiento de una serie de normas ambientales y sanitarias, que hab\u00edan comenzado a afectar de forma peligrosa a los vecinos del sector, provocaron el cierre definitivo de sus faenas, dejando a unos 38 trabajadores en la incertidumbre total respecto de la fuente laboral que sostiene econ\u00f3micamente a cada una de sus familias.<br \/>\nEste viernes 17 de febrero, correspond\u00eda que el due\u00f1o de la empresa cancelara los anticipos de los trabajadores, sin embargo, aquello no ocurri\u00f3, profundizando a\u00fan m\u00e1s la sensaci\u00f3n de inseguridad en cada uno de los empleados, pues no saben c\u00f3mo alimentar\u00e1n a sus familias y responder\u00e1n a las deudas que deben cancelar antes que termine el mes.<br \/>\nEste es el caso de don Carlos Huerta Saavedra, trabajador proveniente de la comuna de Catemu y que trabaja hace 19 a\u00f1os para \u00c1ridos Tres Esquinas, quien se mostr\u00f3 muy preocupado con la situaci\u00f3n que est\u00e1 viviendo junto a sus compa\u00f1eros.<br \/>\n\u201cYa nos dijeron que para fin de mes no habr\u00e1 sueldo, porque seg\u00fan el gerente no ten\u00eda plata, as\u00ed que estamos muy afectados, yo tengo letras que pagar y una familia que depende de m\u00ed: dos nietas, una hija y mi esposa y yo soy la \u00fanica fuente laboral\u201c, relat\u00f3 el apesadumbrado trabajador, quien adem\u00e1s asumi\u00f3 que es muy dif\u00edcil que la empresa vuelva a funcionar, por lo que pidi\u00f3 a las autoridades que puedan ayudarlos a resolver su situaci\u00f3n laboral.<br \/>\nUn contexto similar es el que est\u00e1 viviendo Christian Vargas, transportista dependiente de la empresa clausurada, quien cont\u00f3 que \u201cyo soy de Valpara\u00edso, tengo mi familia all\u00e1, tengo que pagar arriendo, viene la \u00e9poca del colegio\u2026 hoy (el viernes) nosotros ten\u00edamos suple (sic)\u2026 llevo ocho a\u00f1os ac\u00e1, cinco trabajando para Transportes Kevin y nunca hab\u00edamos tenido un problema de plata\u2026 ahora se desat\u00f3 esta situaci\u00f3n\u2026 Yo tengo dos hijos y cuatro nietas que dependen de m\u00ed, una de ellas de ac\u00e1 de San Felipe, de la cual yo tengo que cubrir su pensi\u00f3n de alimentos porque mi hijo est\u00e1 cesante y yo como abuelo debo responder ante la ley\u2026 todo esto nos tiene s\u00faper mal\u201d, narr\u00f3 el afectado.<\/p>\n<p><strong>FUTURO INCIERTO<\/strong><br \/>\nDaniel S\u00e1ez, presidente del Sindicato de Trabajadores de \u00c1ridos Tres Esquinas, manifest\u00f3 su preocupaci\u00f3n por la estabilidad laboral de las casi 100 personas que directa e indirectamente dependen de la extracci\u00f3n de \u00e1ridos, manifestando que \u201cestamos en ascuas, no podemos salir a trabajar, tenemos que espera qu\u00e9 pasa con esto, para no perder la fuente laboral, estoy preocupado por mi gente, por las deudas que tienen\u201d, adujo, insistiendo en que \u201chay empresas que est\u00e1n buscando material en otro lado, otras han parado porque no tienen de d\u00f3nde sacar material, todo esto va en desmedro de la gente com\u00fan tambi\u00e9n, porque si el metro de arena lo vend\u00edan en 10 mil pesos, de aqu\u00ed a dos meses m\u00e1s va a costar 15 \u00f3 20 mil pesos\u201d, argument\u00f3 el dirigente sindical, aprovechando la instancia de agradecer la dedicaci\u00f3n que les ha otorgado el Consejero Regional, Core, Rolando Stevenson.<br \/>\nFuentes no oficiales, aseguraron que desde el municipio sanfelipe\u00f1o la decisi\u00f3n es inquebrantable y que mientras \u00c1ridos Tres Esquinas no regularice y legalice su rubro, la planta se mantendr\u00e1 cerrada. Por otra parte, algunos de los trabajadores temen que finalmente la empresa se declare en quiebra y que se queden sin sus sueldos y los finiquitos correspondientes, por lo que estar\u00edan estudiando la posibilidad de asesorarse con un abogado y acogerse a la ley de autodespido.<\/p>\n<figure id=\"attachment_77353\" aria-describedby=\"caption-attachment-77353\" style=\"width: 580px\" class=\"wp-caption alignnone\"><img data-recalc-dims=\"1\" loading=\"lazy\" decoding=\"async\" class=\"size-full wp-image-77353\" src=\"https:\/\/i0.wp.com\/www.eltrabajo.cl\/2017\/wp-content\/uploads\/2017\/02\/aridos-Christian-Vargas3.jpg?resize=580%2C349\" alt=\"Christian Vargas, transportista porte\u00f1o dependiente de la empresa clausurada.\" width=\"580\" height=\"349\" srcset=\"https:\/\/i0.wp.com\/www.eltrabajo.cl\/2017\/wp-content\/uploads\/2017\/02\/aridos-Christian-Vargas3.jpg?w=580&amp;ssl=1 580w, https:\/\/i0.wp.com\/www.eltrabajo.cl\/2017\/wp-content\/uploads\/2017\/02\/aridos-Christian-Vargas3.jpg?resize=300%2C181&amp;ssl=1 300w, https:\/\/i0.wp.com\/www.eltrabajo.cl\/2017\/wp-content\/uploads\/2017\/02\/aridos-Christian-Vargas3.jpg?resize=150%2C90&amp;ssl=1 150w\" sizes=\"auto, (max-width: 580px) 100vw, 580px\" \/><figcaption id=\"caption-attachment-77353\" class=\"wp-caption-text\">Christian Vargas, transportista porte\u00f1o dependiente de la empresa clausurada.<\/figcaption><\/figure>\n<figure id=\"attachment_77355\" aria-describedby=\"caption-attachment-77355\" style=\"width: 580px\" class=\"wp-caption alignnone\"><img data-recalc-dims=\"1\" loading=\"lazy\" decoding=\"async\" class=\"size-full wp-image-77355\" src=\"https:\/\/i0.wp.com\/www.eltrabajo.cl\/2017\/wp-content\/uploads\/2017\/02\/aridos-Huerta-Saavedra2.jpg?resize=580%2C349\" alt=\"Carlos Huerta Saavedra, trabajador proveniente de la comuna de Catemu y que trabaja hace 19 a\u00f1os para \u00c1ridos Tres Esquinas.\" width=\"580\" height=\"349\" srcset=\"https:\/\/i0.wp.com\/www.eltrabajo.cl\/2017\/wp-content\/uploads\/2017\/02\/aridos-Huerta-Saavedra2.jpg?w=580&amp;ssl=1 580w, https:\/\/i0.wp.com\/www.eltrabajo.cl\/2017\/wp-content\/uploads\/2017\/02\/aridos-Huerta-Saavedra2.jpg?resize=300%2C181&amp;ssl=1 300w, https:\/\/i0.wp.com\/www.eltrabajo.cl\/2017\/wp-content\/uploads\/2017\/02\/aridos-Huerta-Saavedra2.jpg?resize=150%2C90&amp;ssl=1 150w\" sizes=\"auto, (max-width: 580px) 100vw, 580px\" \/><figcaption id=\"caption-attachment-77355\" class=\"wp-caption-text\">Carlos Huerta Saavedra, trabajador proveniente de la comuna de Catemu y que trabaja hace 19 a\u00f1os para \u00c1ridos Tres Esquinas.<\/figcaption><\/figure>\n<figure id=\"attachment_77356\" aria-describedby=\"caption-attachment-77356\" style=\"width: 580px\" class=\"wp-caption alignnone\"><img data-recalc-dims=\"1\" loading=\"lazy\" decoding=\"async\" class=\"size-full wp-image-77356\" src=\"https:\/\/i0.wp.com\/www.eltrabajo.cl\/2017\/wp-content\/uploads\/2017\/02\/aridos-trabajadores1.jpg?resize=580%2C349\" alt=\"Trabajadores de \u00c1ridos Tres Esquinas viven en la incertidumbre respecto de su futuro laboral y econ\u00f3mico.\" width=\"580\" height=\"349\" srcset=\"https:\/\/i0.wp.com\/www.eltrabajo.cl\/2017\/wp-content\/uploads\/2017\/02\/aridos-trabajadores1.jpg?w=580&amp;ssl=1 580w, https:\/\/i0.wp.com\/www.eltrabajo.cl\/2017\/wp-content\/uploads\/2017\/02\/aridos-trabajadores1.jpg?resize=300%2C181&amp;ssl=1 300w, https:\/\/i0.wp.com\/www.eltrabajo.cl\/2017\/wp-content\/uploads\/2017\/02\/aridos-trabajadores1.jpg?resize=150%2C90&amp;ssl=1 150w\" sizes=\"auto, (max-width: 580px) 100vw, 580px\" \/><figcaption id=\"caption-attachment-77356\" class=\"wp-caption-text\">Trabajadores de \u00c1ridos Tres Esquinas viven en la incertidumbre respecto de su futuro laboral y econ\u00f3mico.<\/figcaption><\/figure>\n","protected":false},"excerpt":{"rendered":"<div class=\"mh-excerpt\"><p>Empleados temen que la compa\u00f1\u00eda se declare en quiebra, por lo que, eventualmente podr\u00edan acogerse a la ley de autodespido. Pr\u00e1cticamente un mes ha transcurrido <a class=\"mh-excerpt-more\" href=\"https:\/\/www.eltrabajo.cl\/2017\/trabajadores-de-aridos-tres-esquinas-en-la-incertidumbre-desde-clausura-de-empresa\/\" title=\"Trabajadores de \u00c1ridos Tres Esquinas en la incertidumbre desde clausura de empresa\">[&#8230;]<\/a><\/p>\n<\/div>","protected":false},"author":1,"featured_media":77356,"comment_status":"open","ping_status":"open","sticky":false,"template":"","format":"standard","meta":{"_jetpack_newsletter_access":"","_jetpack_dont_email_post_to_subs":false,"_jetpack_newsletter_tier_id":0,"_jetpack_memberships_contains_paywalled_content":false,"_jetpack_memberships_contains_paid_content":false,"footnotes":""},"categories":[4],"tags":[],"class_list":["post-77352","post","type-post","status-publish","format-standard","has-post-thumbnail","hentry","category-cronica"],"nelio_content":{"autoShareEndMode":"never","automationSources":{"useCustomSentences":false,"customSentences":[]},"efiAlt":"","efiUrl":"","followers":[],"highlights":[],"isAutoShareEnabled":true,"networkImageIds":[],"permalinkQueryArgs":[],"series":[],"suggestedReferences":[]},"jetpack_featured_media_url":"https:\/\/i0.wp.com\/www.eltrabajo.cl\/2017\/wp-content\/uploads\/2017\/02\/aridos-trabajadores1.jpg?fit=580%2C349&ssl=1","jetpack_sharing_enabled":true,"_links":{"self":[{"href":"https:\/\/www.eltrabajo.cl\/2017\/wp-json\/wp\/v2\/posts\/77352","targetHints":{"allow":["GET"]}}],"collection":[{"href":"https:\/\/www.eltrabajo.cl\/2017\/wp-json\/wp\/v2\/posts"}],"about":[{"href":"https:\/\/www.eltrabajo.cl\/2017\/wp-json\/wp\/v2\/types\/post"}],"author":[{"embeddable":true,"href":"https:\/\/www.eltrabajo.cl\/2017\/wp-json\/wp\/v2\/users\/1"}],"replies":[{"embeddable":true,"href":"https:\/\/www.eltrabajo.cl\/2017\/wp-json\/wp\/v2\/comments?post=77352"}],"version-history":[{"count":1,"href":"https:\/\/www.eltrabajo.cl\/2017\/wp-json\/wp\/v2\/posts\/77352\/revisions"}],"predecessor-version":[{"id":77357,"href":"https:\/\/www.eltrabajo.cl\/2017\/wp-json\/wp\/v2\/posts\/77352\/revisions\/77357"}],"wp:featuredmedia":[{"embeddable":true,"href":"https:\/\/www.eltrabajo.cl\/2017\/wp-json\/wp\/v2\/media\/77356"}],"wp:attachment":[{"href":"https:\/\/www.eltrabajo.cl\/2017\/wp-json\/wp\/v2\/media?parent=77352"}],"wp:term":[{"taxonomy":"category","embeddable":true,"href":"https:\/\/www.eltrabajo.cl\/2017\/wp-json\/wp\/v2\/categories?post=77352"},{"taxonomy":"post_tag","embeddable":true,"href":"https:\/\/www.eltrabajo.cl\/2017\/wp-json\/wp\/v2\/tags?post=77352"}],"curies":[{"name":"wp","href":"https:\/\/api.w.org\/{rel}","templated":true}]}}