{"id":77362,"date":"2017-02-21T07:44:14","date_gmt":"2017-02-21T11:44:14","guid":{"rendered":"http:\/\/www.eltrabajo.cl\/2017\/?p=77362"},"modified":"2017-02-21T07:44:14","modified_gmt":"2017-02-21T11:44:14","slug":"desde-hoy-y-hasta-el-sabado-se-realiza-fiesta-de-la-chaya-en-san-esteban","status":"publish","type":"post","link":"https:\/\/www.eltrabajo.cl\/2017\/desde-hoy-y-hasta-el-sabado-se-realiza-fiesta-de-la-chaya-en-san-esteban\/","title":{"rendered":"Desde hoy y hasta el s\u00e1bado se realiza fiesta de la Chaya en San Esteban"},"content":{"rendered":"<figure id=\"attachment_77363\" aria-describedby=\"caption-attachment-77363\" style=\"width: 580px\" class=\"wp-caption alignnone\"><img data-recalc-dims=\"1\" loading=\"lazy\" decoding=\"async\" class=\"size-full wp-image-77363\" src=\"https:\/\/i0.wp.com\/www.eltrabajo.cl\/2017\/wp-content\/uploads\/2017\/02\/alexitico.jpg?resize=580%2C348\" alt=\"El carism\u00e1tico Alex\u00edtico, l\u00edder de 'La Noche', ser\u00e1 uno de los atractivos de la jornada del jueves 23 de febrero.\" width=\"580\" height=\"348\" srcset=\"https:\/\/i0.wp.com\/www.eltrabajo.cl\/2017\/wp-content\/uploads\/2017\/02\/alexitico.jpg?w=580&amp;ssl=1 580w, https:\/\/i0.wp.com\/www.eltrabajo.cl\/2017\/wp-content\/uploads\/2017\/02\/alexitico.jpg?resize=300%2C180&amp;ssl=1 300w, https:\/\/i0.wp.com\/www.eltrabajo.cl\/2017\/wp-content\/uploads\/2017\/02\/alexitico.jpg?resize=150%2C90&amp;ssl=1 150w\" sizes=\"auto, (max-width: 580px) 100vw, 580px\" \/><figcaption id=\"caption-attachment-77363\" class=\"wp-caption-text\">El carism\u00e1tico Alex\u00edtico, l\u00edder de &#8216;La Noche&#8217;, ser\u00e1 uno de los atractivos de la jornada del jueves 23 de febrero.<\/figcaption><\/figure>\n<ul>\n<li><span style=\"color: #ff0000;\"><strong>El grupo \u00abLa Noche\u00bb, con Alex\u00edtico como l\u00edder, y el grupo los \u00abS\u00faper Charros\u00bb de Los \u00c1ngeles, ser\u00e1n parte de los cinco d\u00edas de show en la \u00faltima Chaya de Aconcagua, la que se inicia a las 20:30 horas de hoy martes 21 de febrero.<\/strong><\/span><\/li>\n<\/ul>\n<p><strong>SAN ESTEBAN.-<\/strong> A partir de hoy martes y hasta este s\u00e1bado 25 de febrero se estar\u00e1 desarrollando el tradicional \u2018Carnaval Chaya 2017\u2019, espect\u00e1culo totalmente gratuito y que tendr\u00e1 en promedio dos grupos o solistas por d\u00eda.<br \/>\nDe esta manera la Municipalidad de San Esteban estar\u00e1 despidiendo el programa de actividades preparado para el presente verano.<br \/>\nSeg\u00fan consigna la programaci\u00f3n oficial, todo comienza hoy con la presentaci\u00f3n del grupo \u00abSonambulismo\u00bb, con lo mejor de la m\u00fasica del recuerdo; luego, el grupo proveniente de Los Andes \u00abWayra\u2019s Andinos\u00bb animar\u00e1 la apertura del Carnaval de la Chaya. El mi\u00e9rcoles, ser\u00e1 la oportunidad de los sanfelipe\u00f1os \u00abFicks\u00bb, quienes por estos d\u00edas han estado sonando en distintas radios presentando su primer single \u2018T\u00fa me llevas al cielo\u2019. La noche del mi\u00e9rcoles finalizar\u00e1 con la banda \u00abLatimba\u00bb, el sonido rumbero del valle de Aconcagua, que ya se ha presentado en varios escenarios aconcag\u00fcinos demostrando calidad y entrega a un p\u00fablico m\u00e1s joven.<br \/>\nEl jueves 23 de febrero, la \u00abNueva Gran Sonora\u00bb abrir\u00e1 el espect\u00e1culo en San Esteban, para luego dejar al grupo \u00abLa Noche\u00bb liderado por Alex\u00edtico, siendo uno de los atractivos de la jornada. El d\u00eda viernes 24 de febrero, los locales \u00abPira\u00f1a 4\u00bb, la solista Jazm\u00edn Lazcano, y el grupo \u00abPaskual y su Alegr\u00eda\u00bb, pretenden hacer bailar a los visitantes en el escenario que estar\u00e1 ubicado en plena avenida 26 de Diciembre, frente al municipio.<br \/>\nCerrando la jornada, el d\u00eda s\u00e1bado 25 de febrero, se presentar\u00e1 la banda \u00abDulce Locura\u00bb, para dejar en el bailable a \u00abLos S\u00faper Charros\u00bb de Los \u00c1ngeles, actividades que estar\u00e1n acompa\u00f1ados de stand de comidas y artesan\u00edas, adem\u00e1s de juegos infantiles para los ni\u00f1os. Todo pensado en un ambiente familiar como ha sido caracter\u00edstico en las actividades organizadas por la Municipalidad de San Esteban.<\/p>\n<figure id=\"attachment_77364\" aria-describedby=\"caption-attachment-77364\" style=\"width: 580px\" class=\"wp-caption alignnone\"><img data-recalc-dims=\"1\" loading=\"lazy\" decoding=\"async\" class=\"size-full wp-image-77364\" src=\"https:\/\/i0.wp.com\/www.eltrabajo.cl\/2017\/wp-content\/uploads\/2017\/02\/latimba-suena.jpg?resize=580%2C350\" alt=\"La banda 'Latimba', el sonido rumbero del valle de Aconcagua, ser\u00e1 la encargada de cerrar la noche del mi\u00e9rcoles.\" width=\"580\" height=\"350\" srcset=\"https:\/\/i0.wp.com\/www.eltrabajo.cl\/2017\/wp-content\/uploads\/2017\/02\/latimba-suena.jpg?w=580&amp;ssl=1 580w, https:\/\/i0.wp.com\/www.eltrabajo.cl\/2017\/wp-content\/uploads\/2017\/02\/latimba-suena.jpg?resize=300%2C181&amp;ssl=1 300w, https:\/\/i0.wp.com\/www.eltrabajo.cl\/2017\/wp-content\/uploads\/2017\/02\/latimba-suena.jpg?resize=150%2C91&amp;ssl=1 150w\" sizes=\"auto, (max-width: 580px) 100vw, 580px\" \/><figcaption id=\"caption-attachment-77364\" class=\"wp-caption-text\">La banda &#8216;Latimba&#8217;, el sonido rumbero del valle de Aconcagua, ser\u00e1 la encargada de cerrar la noche del mi\u00e9rcoles.<\/figcaption><\/figure>\n","protected":false},"excerpt":{"rendered":"<div class=\"mh-excerpt\"><p>El grupo \u00abLa Noche\u00bb, con Alex\u00edtico como l\u00edder, y el grupo los \u00abS\u00faper Charros\u00bb de Los \u00c1ngeles, ser\u00e1n parte de los cinco d\u00edas de show <a class=\"mh-excerpt-more\" href=\"https:\/\/www.eltrabajo.cl\/2017\/desde-hoy-y-hasta-el-sabado-se-realiza-fiesta-de-la-chaya-en-san-esteban\/\" title=\"Desde hoy y hasta el s\u00e1bado se realiza fiesta de la Chaya en San Esteban\">[&#8230;]<\/a><\/p>\n<\/div>","protected":false},"author":1,"featured_media":77364,"comment_status":"open","ping_status":"open","sticky":false,"template":"","format":"standard","meta":{"_jetpack_newsletter_access":"","_jetpack_dont_email_post_to_subs":false,"_jetpack_newsletter_tier_id":0,"_jetpack_memberships_contains_paywalled_content":false,"_jetpack_memberships_contains_paid_content":false,"footnotes":""},"categories":[4],"tags":[67],"class_list":["post-77362","post","type-post","status-publish","format-standard","has-post-thumbnail","hentry","category-cronica","tag-san-esteban"],"nelio_content":{"autoShareEndMode":"never","automationSources":{"useCustomSentences":false,"customSentences":[]},"efiAlt":"","efiUrl":"","followers":[],"highlights":[],"isAutoShareEnabled":true,"networkImageIds":[],"permalinkQueryArgs":[],"series":[],"suggestedReferences":[]},"jetpack_featured_media_url":"https:\/\/i0.wp.com\/www.eltrabajo.cl\/2017\/wp-content\/uploads\/2017\/02\/latimba-suena.jpg?fit=580%2C350&ssl=1","jetpack_sharing_enabled":true,"_links":{"self":[{"href":"https:\/\/www.eltrabajo.cl\/2017\/wp-json\/wp\/v2\/posts\/77362","targetHints":{"allow":["GET"]}}],"collection":[{"href":"https:\/\/www.eltrabajo.cl\/2017\/wp-json\/wp\/v2\/posts"}],"about":[{"href":"https:\/\/www.eltrabajo.cl\/2017\/wp-json\/wp\/v2\/types\/post"}],"author":[{"embeddable":true,"href":"https:\/\/www.eltrabajo.cl\/2017\/wp-json\/wp\/v2\/users\/1"}],"replies":[{"embeddable":true,"href":"https:\/\/www.eltrabajo.cl\/2017\/wp-json\/wp\/v2\/comments?post=77362"}],"version-history":[{"count":1,"href":"https:\/\/www.eltrabajo.cl\/2017\/wp-json\/wp\/v2\/posts\/77362\/revisions"}],"predecessor-version":[{"id":77365,"href":"https:\/\/www.eltrabajo.cl\/2017\/wp-json\/wp\/v2\/posts\/77362\/revisions\/77365"}],"wp:featuredmedia":[{"embeddable":true,"href":"https:\/\/www.eltrabajo.cl\/2017\/wp-json\/wp\/v2\/media\/77364"}],"wp:attachment":[{"href":"https:\/\/www.eltrabajo.cl\/2017\/wp-json\/wp\/v2\/media?parent=77362"}],"wp:term":[{"taxonomy":"category","embeddable":true,"href":"https:\/\/www.eltrabajo.cl\/2017\/wp-json\/wp\/v2\/categories?post=77362"},{"taxonomy":"post_tag","embeddable":true,"href":"https:\/\/www.eltrabajo.cl\/2017\/wp-json\/wp\/v2\/tags?post=77362"}],"curies":[{"name":"wp","href":"https:\/\/api.w.org\/{rel}","templated":true}]}}