{"id":77366,"date":"2017-02-21T07:47:22","date_gmt":"2017-02-21T11:47:22","guid":{"rendered":"http:\/\/www.eltrabajo.cl\/2017\/?p=77366"},"modified":"2017-02-21T07:47:22","modified_gmt":"2017-02-21T11:47:22","slug":"hipoterapia-gratuita-a-30-ninos-en-alianza-municipio-y-fundacion-equiendo","status":"publish","type":"post","link":"https:\/\/www.eltrabajo.cl\/2017\/hipoterapia-gratuita-a-30-ninos-en-alianza-municipio-y-fundacion-equiendo\/","title":{"rendered":"Hipoterapia gratuita a 30 ni\u00f1os en alianza Municipio y Fundaci\u00f3n Equiendo"},"content":{"rendered":"<figure id=\"attachment_77368\" aria-describedby=\"caption-attachment-77368\" style=\"width: 580px\" class=\"wp-caption alignnone\"><img data-recalc-dims=\"1\" loading=\"lazy\" decoding=\"async\" class=\"size-full wp-image-77368\" src=\"https:\/\/i0.wp.com\/www.eltrabajo.cl\/2017\/wp-content\/uploads\/2017\/02\/Hipoterapia-grupo.jpg?resize=580%2C350\" alt=\"Alumnos de la Escuela Sagrado Coraz\u00f3n y de la Casa Azul, est\u00e1n asistiendo a terapias que son financiadas por el municipio gracias al Fondo de Apoyo a la Educaci\u00f3n P\u00fablica.\" width=\"580\" height=\"350\" srcset=\"https:\/\/i0.wp.com\/www.eltrabajo.cl\/2017\/wp-content\/uploads\/2017\/02\/Hipoterapia-grupo.jpg?w=580&amp;ssl=1 580w, https:\/\/i0.wp.com\/www.eltrabajo.cl\/2017\/wp-content\/uploads\/2017\/02\/Hipoterapia-grupo.jpg?resize=300%2C181&amp;ssl=1 300w, https:\/\/i0.wp.com\/www.eltrabajo.cl\/2017\/wp-content\/uploads\/2017\/02\/Hipoterapia-grupo.jpg?resize=150%2C91&amp;ssl=1 150w\" sizes=\"auto, (max-width: 580px) 100vw, 580px\" \/><figcaption id=\"caption-attachment-77368\" class=\"wp-caption-text\">Alumnos de la Escuela Sagrado Coraz\u00f3n y de la Casa Azul, est\u00e1n asistiendo a terapias que son financiadas por el municipio gracias al Fondo de Apoyo a la Educaci\u00f3n P\u00fablica.<\/figcaption><\/figure>\n<p>Un total de 30 ni\u00f1os y ni\u00f1as pertenecientes al sistema de educaci\u00f3n municipal sanfelipe\u00f1o, espec\u00edficamente de la Escuela Sagrado Coraz\u00f3n y del Programa de Integraci\u00f3n Escolar (PIE), as\u00ed como de la Casa Azul, est\u00e1n participando en sesiones de hipoterapia gratuitas en la Fundaci\u00f3n Equiendo de la comuna de Putaendo, donde ya en las primeras jornadas de trabajo con los profesionales encabezados por el director de esta instituci\u00f3n, Rafael Pantoja, han registrado notables avances.<br \/>\nSoledad Gonz\u00e1lez es mam\u00e1 de Milagros, una de las beneficiarias de esta iniciativa, quien ha evidenciado mejoras sorprendentes a prop\u00f3sito de la hipoterapia.<br \/>\n\u00abLa organizaci\u00f3n que tiene el grupo es muy buena, son s\u00faper met\u00f3dicos, nos esperan con desayuno a las 8.30 y a las 9 empiezan las sesiones, mientras un ni\u00f1o trabaja con los profesionales y los caballos, los dem\u00e1s trabajan con la terapeuta. Mi hija tiene hipoton\u00eda mixta y trastornos del sue\u00f1o. Ella en la tercera sesi\u00f3n, ya se iba en el furg\u00f3n durmiendo y despu\u00e9s de almuerzo est\u00e1 nuevamente durmiendo, est\u00e1 volviendo a armar rompecabezas. Esto es un sue\u00f1o hecho realidad\u00bb, se\u00f1al\u00f3.<br \/>\nA\u00f1adi\u00f3 que \u00abel Alcalde Freire habla de inclusi\u00f3n, habla mucho de inclusi\u00f3n, y yo puedo decir con certeza que se nota que lo que \u00e9l dice, se hace. Eso la comunidad de la Escuela Sagrado Coraz\u00f3n lo nota y lo agradece, porque antes no lo hab\u00edamos visto\u00bb.<br \/>\nSeg\u00fan el jefe comunal, la hipoterapia se ha convertido en una alternativa mucho m\u00e1s que v\u00e1lida para trabajar y apoyar la rehabilitaci\u00f3n de ni\u00f1os y ni\u00f1as con discapacidades. A su juicio, esta alianza con la Fundaci\u00f3n Equiendo, refleja el esp\u00edritu inclusivo de su gesti\u00f3n.<br \/>\n\u00abHoy vemos que este programa que hacemos con fondos del Ministerio de Educaci\u00f3n, nos permite demostrar que en San Felipe todos tienen las mismas oportunidades. Ac\u00e1 hay un trabajo muy importante, que es la rehabilitaci\u00f3n, estamos hablando de inclusi\u00f3n, los ni\u00f1os en San Felipe, todos los ni\u00f1os, deben tener y tienen en la comuna, las mismas oportunidades\u00bb, enfatiz\u00f3 la autoridad.<br \/>\nSe trata de un trabajo en convenio que permite apoyar a ni\u00f1os sanfelipe\u00f1os con capacidades diferentes y sus familias. Cada ni\u00f1o recibe una terapia diferente, a partir de una evaluaci\u00f3n donde tambi\u00e9n participa la familia y donde en una de las etapas se incorpora el caballo.<br \/>\n\u00abHay diferentes beneficios de esta terapia, por ejemplo, tenemos una ni\u00f1a con un s\u00edndrome muy complejo, con una par\u00e1lisis, ella no se pod\u00eda sentar y hoy no solo se sienta en el caballo, sino tambi\u00e9n se pone de pie sobre \u00e9l y se le nota feliz, muy feliz. Los beneficios son impresionantes y a mediano plazo, que es lo bueno tambi\u00e9n\u00bb, se\u00f1al\u00f3 el director de Equiendo.<br \/>\nSeg\u00fan asever\u00f3 el director de la DAEM, Iv\u00e1n Silva, este trabajo en alianza del municipio con la fundaci\u00f3n, se traduce en acciones que dejan entrever enorme empat\u00eda de los profesionales de Equiendo con los ni\u00f1os y sus familias. Asimismo, la municipalidad dispone del transporte de los usuarios.<br \/>\n\u00abHay mucha demanda por este tipo de rehabilitaci\u00f3n. La Escuela Sagrado Coraz\u00f3n y los ni\u00f1os que est\u00e1n dentro del Programa de Integraci\u00f3n Escolar. Todos pueden constatar los cambios, por lo que hablamos de una apuesta que realiza nuestro Alcalde, con un presupuesto de 21 millones de pesos por un plazo de 6 meses\u00bb, se\u00f1al\u00f3.<br \/>\nEl Alcalde Freire, junto a los directores de la Daem y la Dideco, adem\u00e1s de la directora de la Escuela Sagrado Coraz\u00f3n Beatriz Gallardo y la encargada de la Oficina de la Discapacidad, Valeria Sald\u00edvar, visitaron el centro, donde los beneficiarios y sus padres demostraron en sus sesiones el positivo cambio que han registrado.<\/p>\n<figure id=\"attachment_77367\" aria-describedby=\"caption-attachment-77367\" style=\"width: 580px\" class=\"wp-caption alignnone\"><img data-recalc-dims=\"1\" loading=\"lazy\" decoding=\"async\" class=\"size-full wp-image-77367\" src=\"https:\/\/i0.wp.com\/www.eltrabajo.cl\/2017\/wp-content\/uploads\/2017\/02\/Hipoterapia-2.jpg?resize=580%2C350\" alt=\"En total son 30 los menores que se est\u00e1n beneficiando de este convenio entre la municipalidad y la Fundaci\u00f3n Equiendo.\" width=\"580\" height=\"350\" srcset=\"https:\/\/i0.wp.com\/www.eltrabajo.cl\/2017\/wp-content\/uploads\/2017\/02\/Hipoterapia-2.jpg?w=580&amp;ssl=1 580w, https:\/\/i0.wp.com\/www.eltrabajo.cl\/2017\/wp-content\/uploads\/2017\/02\/Hipoterapia-2.jpg?resize=300%2C181&amp;ssl=1 300w, https:\/\/i0.wp.com\/www.eltrabajo.cl\/2017\/wp-content\/uploads\/2017\/02\/Hipoterapia-2.jpg?resize=150%2C91&amp;ssl=1 150w\" sizes=\"auto, (max-width: 580px) 100vw, 580px\" \/><figcaption id=\"caption-attachment-77367\" class=\"wp-caption-text\">En total son 30 los menores que se est\u00e1n beneficiando de este convenio entre la municipalidad y la Fundaci\u00f3n Equiendo.<\/figcaption><\/figure>\n<figure id=\"attachment_77369\" aria-describedby=\"caption-attachment-77369\" style=\"width: 580px\" class=\"wp-caption alignnone\"><img data-recalc-dims=\"1\" loading=\"lazy\" decoding=\"async\" class=\"size-full wp-image-77369\" src=\"https:\/\/i0.wp.com\/www.eltrabajo.cl\/2017\/wp-content\/uploads\/2017\/02\/Hipoterapia-uno.jpg?resize=580%2C349\" alt=\"El Director de la Daem, Iv\u00e1n Silva, destac\u00f3 la inversi\u00f3n que se realiza y que llega a los 21 millones de pesos por un periodo de seis meses.\" width=\"580\" height=\"349\" srcset=\"https:\/\/i0.wp.com\/www.eltrabajo.cl\/2017\/wp-content\/uploads\/2017\/02\/Hipoterapia-uno.jpg?w=580&amp;ssl=1 580w, https:\/\/i0.wp.com\/www.eltrabajo.cl\/2017\/wp-content\/uploads\/2017\/02\/Hipoterapia-uno.jpg?resize=300%2C181&amp;ssl=1 300w, https:\/\/i0.wp.com\/www.eltrabajo.cl\/2017\/wp-content\/uploads\/2017\/02\/Hipoterapia-uno.jpg?resize=150%2C90&amp;ssl=1 150w\" sizes=\"auto, (max-width: 580px) 100vw, 580px\" \/><figcaption id=\"caption-attachment-77369\" class=\"wp-caption-text\">El Director de la Daem, Iv\u00e1n Silva, destac\u00f3 la inversi\u00f3n que se realiza y que llega a los 21 millones de pesos por un periodo de seis meses.<\/figcaption><\/figure>\n","protected":false},"excerpt":{"rendered":"<div class=\"mh-excerpt\"><p>Un total de 30 ni\u00f1os y ni\u00f1as pertenecientes al sistema de educaci\u00f3n municipal sanfelipe\u00f1o, espec\u00edficamente de la Escuela Sagrado Coraz\u00f3n y del Programa de Integraci\u00f3n <a class=\"mh-excerpt-more\" href=\"https:\/\/www.eltrabajo.cl\/2017\/hipoterapia-gratuita-a-30-ninos-en-alianza-municipio-y-fundacion-equiendo\/\" title=\"Hipoterapia gratuita a 30 ni\u00f1os en alianza Municipio y Fundaci\u00f3n Equiendo\">[&#8230;]<\/a><\/p>\n<\/div>","protected":false},"author":1,"featured_media":77367,"comment_status":"open","ping_status":"open","sticky":false,"template":"","format":"standard","meta":{"_jetpack_newsletter_access":"","_jetpack_dont_email_post_to_subs":false,"_jetpack_newsletter_tier_id":0,"_jetpack_memberships_contains_paywalled_content":false,"_jetpack_memberships_contains_paid_content":false,"footnotes":""},"categories":[4],"tags":[],"class_list":["post-77366","post","type-post","status-publish","format-standard","has-post-thumbnail","hentry","category-cronica"],"nelio_content":{"autoShareEndMode":"never","automationSources":{"useCustomSentences":false,"customSentences":[]},"efiAlt":"","efiUrl":"","followers":[],"highlights":[],"isAutoShareEnabled":true,"networkImageIds":[],"permalinkQueryArgs":[],"series":[],"suggestedReferences":[]},"jetpack_featured_media_url":"https:\/\/i0.wp.com\/www.eltrabajo.cl\/2017\/wp-content\/uploads\/2017\/02\/Hipoterapia-2.jpg?fit=580%2C350&ssl=1","jetpack_sharing_enabled":true,"_links":{"self":[{"href":"https:\/\/www.eltrabajo.cl\/2017\/wp-json\/wp\/v2\/posts\/77366","targetHints":{"allow":["GET"]}}],"collection":[{"href":"https:\/\/www.eltrabajo.cl\/2017\/wp-json\/wp\/v2\/posts"}],"about":[{"href":"https:\/\/www.eltrabajo.cl\/2017\/wp-json\/wp\/v2\/types\/post"}],"author":[{"embeddable":true,"href":"https:\/\/www.eltrabajo.cl\/2017\/wp-json\/wp\/v2\/users\/1"}],"replies":[{"embeddable":true,"href":"https:\/\/www.eltrabajo.cl\/2017\/wp-json\/wp\/v2\/comments?post=77366"}],"version-history":[{"count":1,"href":"https:\/\/www.eltrabajo.cl\/2017\/wp-json\/wp\/v2\/posts\/77366\/revisions"}],"predecessor-version":[{"id":77370,"href":"https:\/\/www.eltrabajo.cl\/2017\/wp-json\/wp\/v2\/posts\/77366\/revisions\/77370"}],"wp:featuredmedia":[{"embeddable":true,"href":"https:\/\/www.eltrabajo.cl\/2017\/wp-json\/wp\/v2\/media\/77367"}],"wp:attachment":[{"href":"https:\/\/www.eltrabajo.cl\/2017\/wp-json\/wp\/v2\/media?parent=77366"}],"wp:term":[{"taxonomy":"category","embeddable":true,"href":"https:\/\/www.eltrabajo.cl\/2017\/wp-json\/wp\/v2\/categories?post=77366"},{"taxonomy":"post_tag","embeddable":true,"href":"https:\/\/www.eltrabajo.cl\/2017\/wp-json\/wp\/v2\/tags?post=77366"}],"curies":[{"name":"wp","href":"https:\/\/api.w.org\/{rel}","templated":true}]}}