{"id":77394,"date":"2017-02-22T07:50:29","date_gmt":"2017-02-22T11:50:29","guid":{"rendered":"http:\/\/www.eltrabajo.cl\/2017\/?p=77394"},"modified":"2017-02-22T07:50:29","modified_gmt":"2017-02-22T11:50:29","slug":"analizan-problematica-de-extraccion-ilegal-de-aridos-en-tres-esquinas","status":"publish","type":"post","link":"https:\/\/www.eltrabajo.cl\/2017\/analizan-problematica-de-extraccion-ilegal-de-aridos-en-tres-esquinas\/","title":{"rendered":"Analizan problem\u00e1tica de extracci\u00f3n ilegal de \u00e1ridos en Tres Esquinas"},"content":{"rendered":"<figure id=\"attachment_77395\" aria-describedby=\"caption-attachment-77395\" style=\"width: 580px\" class=\"wp-caption alignnone\"><img data-recalc-dims=\"1\" loading=\"lazy\" decoding=\"async\" class=\"size-full wp-image-77395\" src=\"https:\/\/i0.wp.com\/www.eltrabajo.cl\/2017\/wp-content\/uploads\/2017\/02\/ARIDOS.jpg?resize=580%2C349\" alt=\"Autoridades regionales encabezadas por el seremi de Obras P\u00fablicas, Miguel Saavedra, presente en la sesi\u00f3n de este martes del Concejo Municipal, donde se analiz\u00f3 la problem\u00e1tica en torno a la extracci\u00f3n ilegal de \u00e1ridos en Tres Esquinas.\" width=\"580\" height=\"349\" srcset=\"https:\/\/i0.wp.com\/www.eltrabajo.cl\/2017\/wp-content\/uploads\/2017\/02\/ARIDOS.jpg?w=580&amp;ssl=1 580w, https:\/\/i0.wp.com\/www.eltrabajo.cl\/2017\/wp-content\/uploads\/2017\/02\/ARIDOS.jpg?resize=300%2C181&amp;ssl=1 300w, https:\/\/i0.wp.com\/www.eltrabajo.cl\/2017\/wp-content\/uploads\/2017\/02\/ARIDOS.jpg?resize=150%2C90&amp;ssl=1 150w\" sizes=\"auto, (max-width: 580px) 100vw, 580px\" \/><figcaption id=\"caption-attachment-77395\" class=\"wp-caption-text\">Autoridades regionales encabezadas por el seremi de Obras P\u00fablicas, Miguel Saavedra, presente en la sesi\u00f3n de este martes del Concejo Municipal, donde se analiz\u00f3 la problem\u00e1tica en torno a la extracci\u00f3n ilegal de \u00e1ridos en Tres Esquinas.<\/figcaption><\/figure>\n<ul>\n<li><strong><span style=\"color: #ff0000;\">Con autoridades regionales en Concejo Municipal:<\/span>\u00a0Inspectores municipales establecieron que la empresa de \u00e1ridos clausurada por decreto alcaldicio, est\u00e1 realizando faenas en horario nocturno. <\/strong><\/li>\n<\/ul>\n<p>Con la participaci\u00f3n de autoridades regionales encabezadas por el seremi de Obras P\u00fablicas, Miguel Saavedra, se abord\u00f3 en la sesi\u00f3n de este martes del Concejo Municipal, la problem\u00e1tica existente en torno a la extracci\u00f3n ilegal de \u00e1ridos en que ha incurrido la empresa 3 Esquinas, respecto de la cual el alcalde Patricio Freire resolvi\u00f3 su clausura y adem\u00e1s, la presentaci\u00f3n de una denuncia ante la Fiscal\u00eda Local.<br \/>\nEn la ocasi\u00f3n, estuvo presente adem\u00e1s el director de Obras Hidr\u00e1ulicas Felipe C\u00e1ceres, representantes de la Inspecci\u00f3n Fiscal de la obra de construcci\u00f3n de la nueva CH-60, gobernaci\u00f3n provincial y de la Direcci\u00f3n General de Aguas, este \u00faltimo organismo, recordemos, fue precisamente el que mult\u00f3 por m\u00e1s de 150 millones de pesos a la planta de \u00e1ridos.<br \/>\nEn primera instancia, el director jur\u00eddico de la municipalidad, abogado Jorge Jara, inform\u00f3 al alcalde Freire y a los concejales, sobre los pasos que se han dado en torno a este caso, enfatizando que a pesar de la escasa dotaci\u00f3n, se dispuso que inspectores municipales verificaran el cumplimiento de la medida de clausura de la planta, confirmando en terreno que se est\u00e1n desarrollando faenas de extracci\u00f3n en horario nocturno.<br \/>\nAl respecto, el alcalde Patricio Freire manifest\u00f3 que esta empresa no solo ha incurrido en una serie de vicios legales y medio ambientales, sino tambi\u00e9n en materia de contribuciones.<br \/>\n\u201cPor eso convocamos a todas las autoridades, porque hay que ver qui\u00e9n le pone el cascabel al gato en esto. \u00bfC\u00f3mo se extraen \u00e1ridos sin autorizaci\u00f3n municipal desde 2004? Eso significa tambi\u00e9n una p\u00e9rdida econ\u00f3mica para el municipio, ya que ellos deber\u00edan pagar por metro c\u00fabico de arena extra\u00edda (\u2026) Son muchos los temas que est\u00e1n en el aire y que debemos zanjar. Por eso es necesario trabajar de manera coordinada\u201d, dijo el alcalde Freire.<br \/>\nA\u00f1adi\u00f3 que \u201clos inspectores municipales han constatado que la planta est\u00e1 trabajando de noche, o sea, vulneran los sellos y extraen, por lo tanto aqu\u00ed viene un tema judicial que estamos evaluando. Llegaremos hasta las \u00faltimas consecuencias. Vamos a ordenar estas extracciones de \u00e1ridos, porque no podemos seguir soportando esta carga\u201d.<br \/>\nEn este mismo sentido, el seremi de Obras P\u00fablicas valor\u00f3 la invitaci\u00f3n del alcalde y el Concejo Municipal, explicando que en este caso, como en otros de la regi\u00f3n, se han evidenciado numerosas situaciones muy delicadas, tanto en lo referido al incumplimiento de la normativa establecida para la extracci\u00f3n de \u00e1ridos, como en da\u00f1o ambiental.<br \/>\n\u201cYa hay aplicaci\u00f3n de una multa de 200 UTA por extracci\u00f3n indiscriminada de \u00e1ridos y sin permisos correspondiente. Pero tambi\u00e9n tenemos conocimiento que producto de la construcci\u00f3n del tramo faltante de la carretera entre San Felipe y Panquehue, la empresa a cargo le est\u00e1 comprando \u00e1ridos a la Empresa 3 Esquinas, por lo que estamos dando la instrucci\u00f3n a OHL para que no compre a terceros que no tienen los permisos\u201d, se\u00f1al\u00f3 Miguel Saavedra.<br \/>\nEl personero finalmente comprometi\u00f3 con el municipio un trabajo conjunto para garantizar la normativa y dar la tranquilidad respecto de que las actividades de extracci\u00f3n de \u00e1ridos que se realicen en la comuna de San Felipe, se apeguen a lo establecido, lo que seg\u00fan afirm\u00f3, en el caso de 3 Esquinas en este momento, no est\u00e1 ocurriendo.<\/p>\n","protected":false},"excerpt":{"rendered":"<div class=\"mh-excerpt\"><p>Con autoridades regionales en Concejo Municipal:\u00a0Inspectores municipales establecieron que la empresa de \u00e1ridos clausurada por decreto alcaldicio, est\u00e1 realizando faenas en horario nocturno. Con la <a class=\"mh-excerpt-more\" href=\"https:\/\/www.eltrabajo.cl\/2017\/analizan-problematica-de-extraccion-ilegal-de-aridos-en-tres-esquinas\/\" title=\"Analizan problem\u00e1tica de extracci\u00f3n ilegal de \u00e1ridos en Tres Esquinas\">[&#8230;]<\/a><\/p>\n<\/div>","protected":false},"author":1,"featured_media":77395,"comment_status":"open","ping_status":"open","sticky":false,"template":"","format":"standard","meta":{"_jetpack_newsletter_access":"","_jetpack_dont_email_post_to_subs":false,"_jetpack_newsletter_tier_id":0,"_jetpack_memberships_contains_paywalled_content":false,"_jetpack_memberships_contains_paid_content":false,"footnotes":""},"categories":[4],"tags":[],"class_list":["post-77394","post","type-post","status-publish","format-standard","has-post-thumbnail","hentry","category-cronica"],"nelio_content":{"autoShareEndMode":"never","automationSources":{"useCustomSentences":false,"customSentences":[]},"efiAlt":"","efiUrl":"","followers":[],"highlights":[],"isAutoShareEnabled":true,"networkImageIds":[],"permalinkQueryArgs":[],"series":[],"suggestedReferences":[]},"jetpack_featured_media_url":"https:\/\/i0.wp.com\/www.eltrabajo.cl\/2017\/wp-content\/uploads\/2017\/02\/ARIDOS.jpg?fit=580%2C349&ssl=1","jetpack_sharing_enabled":true,"_links":{"self":[{"href":"https:\/\/www.eltrabajo.cl\/2017\/wp-json\/wp\/v2\/posts\/77394","targetHints":{"allow":["GET"]}}],"collection":[{"href":"https:\/\/www.eltrabajo.cl\/2017\/wp-json\/wp\/v2\/posts"}],"about":[{"href":"https:\/\/www.eltrabajo.cl\/2017\/wp-json\/wp\/v2\/types\/post"}],"author":[{"embeddable":true,"href":"https:\/\/www.eltrabajo.cl\/2017\/wp-json\/wp\/v2\/users\/1"}],"replies":[{"embeddable":true,"href":"https:\/\/www.eltrabajo.cl\/2017\/wp-json\/wp\/v2\/comments?post=77394"}],"version-history":[{"count":1,"href":"https:\/\/www.eltrabajo.cl\/2017\/wp-json\/wp\/v2\/posts\/77394\/revisions"}],"predecessor-version":[{"id":77396,"href":"https:\/\/www.eltrabajo.cl\/2017\/wp-json\/wp\/v2\/posts\/77394\/revisions\/77396"}],"wp:featuredmedia":[{"embeddable":true,"href":"https:\/\/www.eltrabajo.cl\/2017\/wp-json\/wp\/v2\/media\/77395"}],"wp:attachment":[{"href":"https:\/\/www.eltrabajo.cl\/2017\/wp-json\/wp\/v2\/media?parent=77394"}],"wp:term":[{"taxonomy":"category","embeddable":true,"href":"https:\/\/www.eltrabajo.cl\/2017\/wp-json\/wp\/v2\/categories?post=77394"},{"taxonomy":"post_tag","embeddable":true,"href":"https:\/\/www.eltrabajo.cl\/2017\/wp-json\/wp\/v2\/tags?post=77394"}],"curies":[{"name":"wp","href":"https:\/\/api.w.org\/{rel}","templated":true}]}}