{"id":77439,"date":"2017-02-24T08:15:36","date_gmt":"2017-02-24T12:15:36","guid":{"rendered":"http:\/\/www.eltrabajo.cl\/2017\/?p=77439"},"modified":"2017-02-24T08:15:36","modified_gmt":"2017-02-24T12:15:36","slug":"malestar-generalizado-por-cierres-sorpresivos-de-centricas-vias","status":"publish","type":"post","link":"https:\/\/www.eltrabajo.cl\/2017\/malestar-generalizado-por-cierres-sorpresivos-de-centricas-vias\/","title":{"rendered":"Malestar generalizado por cierres sorpresivos de c\u00e9ntricas v\u00edas"},"content":{"rendered":"<p>&nbsp;<\/p>\n<figure id=\"attachment_77441\" aria-describedby=\"caption-attachment-77441\" style=\"width: 580px\" class=\"wp-caption alignnone\"><img data-recalc-dims=\"1\" loading=\"lazy\" decoding=\"async\" class=\"size-full wp-image-77441\" src=\"https:\/\/i0.wp.com\/www.eltrabajo.cl\/2017\/wp-content\/uploads\/2017\/02\/Caos2.jpg?resize=580%2C348\" alt=\"YA FALTA POCO.- Los sanfelipe\u00f1os aceptan pagar el precio de los cierres de v\u00edas, pero exigen tener m\u00e1s comunicaci\u00f3n con los medios para dar aviso antes de realizarlos.\" width=\"580\" height=\"348\" srcset=\"https:\/\/i0.wp.com\/www.eltrabajo.cl\/2017\/wp-content\/uploads\/2017\/02\/Caos2.jpg?w=580&amp;ssl=1 580w, https:\/\/i0.wp.com\/www.eltrabajo.cl\/2017\/wp-content\/uploads\/2017\/02\/Caos2.jpg?resize=300%2C180&amp;ssl=1 300w, https:\/\/i0.wp.com\/www.eltrabajo.cl\/2017\/wp-content\/uploads\/2017\/02\/Caos2.jpg?resize=150%2C90&amp;ssl=1 150w\" sizes=\"auto, (max-width: 580px) 100vw, 580px\" \/><figcaption id=\"caption-attachment-77441\" class=\"wp-caption-text\">YA FALTA POCO.- Los sanfelipe\u00f1os aceptan pagar el precio de los cierres de v\u00edas, pero exigen tener m\u00e1s comunicaci\u00f3n con los medios para dar aviso antes de realizarlos.<\/figcaption><\/figure>\n<ul>\n<li><span style=\"color: #ff0000;\"><strong>Falta total de informaci\u00f3n al p\u00fablico:<\/strong><\/span><\/li>\n<\/ul>\n<p>Sigue creciendo el malestar general en San Felipe, especialmente por los comerciantes del damero central, tras cada cierre de v\u00edas que las tres empresas encargadas de las reparaciones y creaciones de ciclov\u00edas de nuestra ciudad efect\u00faan en las calles. Si bien es cierto hay un consenso general en aceptar que para que el desarrollo urban\u00edstico en nuestra comuna tiene que representar tambi\u00e9n alg\u00fan grado de malestar en el comportamiento vial, lo que los sanfelipe\u00f1os est\u00e1n reclamando es el hecho de que ni autoridades ni las empresas dan aviso a la ciudadan\u00eda antes de cada cierre.<\/p>\n<p><strong>ELLOS OPINAN<\/strong><br \/>\nAl menos as\u00ed lo reflejaron varios comerciantes consultados en sus declaraciones luego que Diario El Trabajo realizara un sondeo al azar entre algunos comerciantes y empleados de tiendas de San Felipe.<br \/>\n\u00abEs el colmo. Cuando Esval o Chilquinta cortan el servicio el\u00e9ctrico o el del agua, avisan hasta dos d\u00edas antes por la radio y los dem\u00e1s medios, para que los vecinos puedan guardar el recurso h\u00eddrico o bien desconectar con anticipaci\u00f3n algunos electrodom\u00e9sticos y computadoras, pero con estos sorpresivos cierres de nuestras calles, sin aviso alguno, simplemente nos significan p\u00e9rdidas, pues no nos avisan para advertir a nuestros clientes y prepararles en nuestro caso, comidas para llevar, ya que la gente no quiere transitar por estas v\u00edas tan llenas de polvo\u00bb, coment\u00f3 Alex Juri, conocido chef de Restaurante El Jeque, ubicado en Salinas 348, local que se vio afectado por el cierre repentino de calle Salinas esquina San Mart\u00edn.<\/p>\n<p><strong>VENDEDORES HARTOS<\/strong><br \/>\nCerca de ese lugar, en la tienda del frente, la vendedora Karina Torres indic\u00f3 que \u00abno es justo que cierren sin avisar, nuestras ventas cayeron de golpe, verdaderamente este caos debe detenerse, y ahora cuando entren las clases ser\u00e1 de locos esta ciudad\u00bb.<br \/>\nPor su parte otro comerciante del Grow Shop \u2018Mota\u2019, don Claudio Almeida, dijo que \u00abvean el caos que hay en nuestras calles, los tacos de esta ma\u00f1ana frente al edificio de Diario El Trabajo, y la peor prueba ser\u00e1 ahora con el ingreso a clases, ah\u00ed vamos a ver de qu\u00e9 est\u00e1n hechas estas autoridades\u00bb.<\/p>\n<p><strong>SECPLA RESPONDE<\/strong><br \/>\nNuestro medio busc\u00f3 respuestas en el Municipio, en esas dependencias edilicias fue el Secpla Claudio Paredes quien sali\u00f3 al paso para aclarar que \u00abno es el Municipio el llamado a informar directamente a los afectados, es el Serviu el ejecutor y jefe de contrato de las ciclov\u00edas. Nosotros como organismo municipal hemos ya hecho varias solicitudes al Serviu, las que fueron aceptadas ayer (mi\u00e9rcoles) en Valpara\u00edso, \u00e9stas tratan de adelantar obras para minorizar el impacto de los trabajos, ofrecemos disculpas a los vecinos por estas molestias\u00bb, indic\u00f3 Paredes a Diario El Trabajo.<br \/>\nSeg\u00fan este funcionario, todos los trabajos que estaban programados para el mes de abril ser\u00e1n adelantados un mes, para lograr as\u00ed terminar todas las obras durante el mes de marzo.<br \/>\n\u00abSe est\u00e1n trabajando dobles turnos y hasta nocturnos, hemos llegado a un acuerdo con estas empresas y con Serviu, para que podamos habilitar medias calzadas y calzadas completas en fechas distintas durante marzo\u00bb, dijo el Secpla.<\/p>\n<p><strong>HAY M\u00c1S CIERRES<\/strong><br \/>\nLas empresas Felipe de Paz, Gonzalo Mercadal y Ecmovial, seg\u00fan un organigrama extendido a Diario El Trabajo por el Secpla Paredes, en el que se anuncian los cierres y reaperturas parciales o totales de las v\u00edas.<br \/>\nEsta nueva programaci\u00f3n contempla m\u00e1s cierres importantes en la ciudad, pero tambi\u00e9n otras aperturas que permitir\u00e1n un flujo regular vehicular para entrar y salir de San Felipe.<br \/>\n<strong>Roberto Gonz\u00e1lez Short<\/strong><\/p>\n<figure id=\"attachment_77448\" aria-describedby=\"caption-attachment-77448\" style=\"width: 580px\" class=\"wp-caption alignnone\"><img data-recalc-dims=\"1\" loading=\"lazy\" decoding=\"async\" class=\"size-full wp-image-77448\" src=\"https:\/\/i0.wp.com\/www.eltrabajo.cl\/2017\/wp-content\/uploads\/2017\/02\/Karina-Torres.jpg?resize=580%2C350\" alt=\"Karina Torres, labora en una tienda de ropa \u2018americana\u2019.\" width=\"580\" height=\"350\" srcset=\"https:\/\/i0.wp.com\/www.eltrabajo.cl\/2017\/wp-content\/uploads\/2017\/02\/Karina-Torres.jpg?w=580&amp;ssl=1 580w, https:\/\/i0.wp.com\/www.eltrabajo.cl\/2017\/wp-content\/uploads\/2017\/02\/Karina-Torres.jpg?resize=300%2C181&amp;ssl=1 300w, https:\/\/i0.wp.com\/www.eltrabajo.cl\/2017\/wp-content\/uploads\/2017\/02\/Karina-Torres.jpg?resize=150%2C91&amp;ssl=1 150w\" sizes=\"auto, (max-width: 580px) 100vw, 580px\" \/><figcaption id=\"caption-attachment-77448\" class=\"wp-caption-text\">Karina Torres, labora en una tienda de ropa \u2018americana\u2019.<\/figcaption><\/figure>\n<figure id=\"attachment_77447\" aria-describedby=\"caption-attachment-77447\" style=\"width: 580px\" class=\"wp-caption alignnone\"><img data-recalc-dims=\"1\" loading=\"lazy\" decoding=\"async\" class=\"size-full wp-image-77447\" src=\"https:\/\/i0.wp.com\/www.eltrabajo.cl\/2017\/wp-content\/uploads\/2017\/02\/IMG_7695.jpg?resize=580%2C348\" alt=\"Caos total, una escena que todos adivinan se orofundizar\u00e1 al inicio de las clases.\" width=\"580\" height=\"348\" srcset=\"https:\/\/i0.wp.com\/www.eltrabajo.cl\/2017\/wp-content\/uploads\/2017\/02\/IMG_7695.jpg?w=580&amp;ssl=1 580w, https:\/\/i0.wp.com\/www.eltrabajo.cl\/2017\/wp-content\/uploads\/2017\/02\/IMG_7695.jpg?resize=300%2C180&amp;ssl=1 300w, https:\/\/i0.wp.com\/www.eltrabajo.cl\/2017\/wp-content\/uploads\/2017\/02\/IMG_7695.jpg?resize=150%2C90&amp;ssl=1 150w\" sizes=\"auto, (max-width: 580px) 100vw, 580px\" \/><figcaption id=\"caption-attachment-77447\" class=\"wp-caption-text\">Caos total, una escena que todos adivinan se orofundizar\u00e1 al inicio de las clases.<\/figcaption><\/figure>\n<figure id=\"attachment_77446\" aria-describedby=\"caption-attachment-77446\" style=\"width: 580px\" class=\"wp-caption alignnone\"><img data-recalc-dims=\"1\" loading=\"lazy\" decoding=\"async\" class=\"size-full wp-image-77446\" src=\"https:\/\/i0.wp.com\/www.eltrabajo.cl\/2017\/wp-content\/uploads\/2017\/02\/Concejo33.jpg?resize=580%2C350\" alt=\"CONCEJO TAMBI\u00c9N PREOCUPADO.- Concejales y el alcalde Patricio Freire escuchaban con atenci\u00f3n los informes que un especialista de Secpla les daba en relaci\u00f3n a este tema de las ciclov\u00edas y cierres sin previo aviso.\" width=\"580\" height=\"350\" srcset=\"https:\/\/i0.wp.com\/www.eltrabajo.cl\/2017\/wp-content\/uploads\/2017\/02\/Concejo33.jpg?w=580&amp;ssl=1 580w, https:\/\/i0.wp.com\/www.eltrabajo.cl\/2017\/wp-content\/uploads\/2017\/02\/Concejo33.jpg?resize=300%2C181&amp;ssl=1 300w, https:\/\/i0.wp.com\/www.eltrabajo.cl\/2017\/wp-content\/uploads\/2017\/02\/Concejo33.jpg?resize=150%2C91&amp;ssl=1 150w\" sizes=\"auto, (max-width: 580px) 100vw, 580px\" \/><figcaption id=\"caption-attachment-77446\" class=\"wp-caption-text\">CONCEJO TAMBI\u00c9N PREOCUPADO.- Concejales y el alcalde Patricio Freire escuchaban con atenci\u00f3n los informes que un especialista de Secpla les daba en relaci\u00f3n a este tema de las ciclov\u00edas y cierres sin previo aviso.<\/figcaption><\/figure>\n<figure id=\"attachment_77445\" aria-describedby=\"caption-attachment-77445\" style=\"width: 580px\" class=\"wp-caption alignnone\"><img data-recalc-dims=\"1\" loading=\"lazy\" decoding=\"async\" class=\"size-full wp-image-77445\" src=\"https:\/\/i0.wp.com\/www.eltrabajo.cl\/2017\/wp-content\/uploads\/2017\/02\/Claudio-Paredes.jpg?resize=580%2C348\" alt=\"Claudio Paredes, Secpla sanfelipe\u00f1o.\" width=\"580\" height=\"348\" srcset=\"https:\/\/i0.wp.com\/www.eltrabajo.cl\/2017\/wp-content\/uploads\/2017\/02\/Claudio-Paredes.jpg?w=580&amp;ssl=1 580w, https:\/\/i0.wp.com\/www.eltrabajo.cl\/2017\/wp-content\/uploads\/2017\/02\/Claudio-Paredes.jpg?resize=300%2C180&amp;ssl=1 300w, https:\/\/i0.wp.com\/www.eltrabajo.cl\/2017\/wp-content\/uploads\/2017\/02\/Claudio-Paredes.jpg?resize=150%2C90&amp;ssl=1 150w\" sizes=\"auto, (max-width: 580px) 100vw, 580px\" \/><figcaption id=\"caption-attachment-77445\" class=\"wp-caption-text\">Claudio Paredes, Secpla sanfelipe\u00f1o.<\/figcaption><\/figure>\n<figure id=\"attachment_77444\" aria-describedby=\"caption-attachment-77444\" style=\"width: 580px\" class=\"wp-caption alignnone\"><img data-recalc-dims=\"1\" loading=\"lazy\" decoding=\"async\" class=\"size-full wp-image-77444\" src=\"https:\/\/i0.wp.com\/www.eltrabajo.cl\/2017\/wp-content\/uploads\/2017\/02\/Claudio-Almeida.jpg?resize=580%2C350\" alt=\"Claudio Almeida, comerciante del Grow Shop Mota.\" width=\"580\" height=\"350\" srcset=\"https:\/\/i0.wp.com\/www.eltrabajo.cl\/2017\/wp-content\/uploads\/2017\/02\/Claudio-Almeida.jpg?w=580&amp;ssl=1 580w, https:\/\/i0.wp.com\/www.eltrabajo.cl\/2017\/wp-content\/uploads\/2017\/02\/Claudio-Almeida.jpg?resize=300%2C181&amp;ssl=1 300w, https:\/\/i0.wp.com\/www.eltrabajo.cl\/2017\/wp-content\/uploads\/2017\/02\/Claudio-Almeida.jpg?resize=150%2C91&amp;ssl=1 150w\" sizes=\"auto, (max-width: 580px) 100vw, 580px\" \/><figcaption id=\"caption-attachment-77444\" class=\"wp-caption-text\">Claudio Almeida, comerciante del Grow Shop Mota.<\/figcaption><\/figure>\n<figure id=\"attachment_77443\" aria-describedby=\"caption-attachment-77443\" style=\"width: 580px\" class=\"wp-caption alignnone\"><img data-recalc-dims=\"1\" loading=\"lazy\" decoding=\"async\" class=\"size-full wp-image-77443\" src=\"https:\/\/i0.wp.com\/www.eltrabajo.cl\/2017\/wp-content\/uploads\/2017\/02\/Alex-Juri.jpg?resize=580%2C348\" alt=\"Alex Juri, chef profesional afectado por estos cierres de v\u00edas.\" width=\"580\" height=\"348\" srcset=\"https:\/\/i0.wp.com\/www.eltrabajo.cl\/2017\/wp-content\/uploads\/2017\/02\/Alex-Juri.jpg?w=580&amp;ssl=1 580w, https:\/\/i0.wp.com\/www.eltrabajo.cl\/2017\/wp-content\/uploads\/2017\/02\/Alex-Juri.jpg?resize=300%2C180&amp;ssl=1 300w, https:\/\/i0.wp.com\/www.eltrabajo.cl\/2017\/wp-content\/uploads\/2017\/02\/Alex-Juri.jpg?resize=150%2C90&amp;ssl=1 150w\" sizes=\"auto, (max-width: 580px) 100vw, 580px\" \/><figcaption id=\"caption-attachment-77443\" class=\"wp-caption-text\">Alex Juri, chef profesional afectado por estos cierres de v\u00edas.<\/figcaption><\/figure>\n<figure id=\"attachment_77442\" aria-describedby=\"caption-attachment-77442\" style=\"width: 580px\" class=\"wp-caption alignnone\"><img data-recalc-dims=\"1\" loading=\"lazy\" decoding=\"async\" class=\"size-full wp-image-77442\" src=\"https:\/\/i0.wp.com\/www.eltrabajo.cl\/2017\/wp-content\/uploads\/2017\/02\/IMG_7690.jpg?resize=580%2C349\" alt=\"Caos total, una escena que todos adivinan se orofundizar\u00e1 al inicio de las clases.\" width=\"580\" height=\"349\" srcset=\"https:\/\/i0.wp.com\/www.eltrabajo.cl\/2017\/wp-content\/uploads\/2017\/02\/IMG_7690.jpg?w=580&amp;ssl=1 580w, https:\/\/i0.wp.com\/www.eltrabajo.cl\/2017\/wp-content\/uploads\/2017\/02\/IMG_7690.jpg?resize=300%2C181&amp;ssl=1 300w, https:\/\/i0.wp.com\/www.eltrabajo.cl\/2017\/wp-content\/uploads\/2017\/02\/IMG_7690.jpg?resize=150%2C90&amp;ssl=1 150w\" sizes=\"auto, (max-width: 580px) 100vw, 580px\" \/><figcaption id=\"caption-attachment-77442\" class=\"wp-caption-text\">Caos total, una escena que todos adivinan se orofundizar\u00e1 al inicio de las clases.<\/figcaption><\/figure>\n<figure id=\"attachment_77440\" aria-describedby=\"caption-attachment-77440\" style=\"width: 580px\" class=\"wp-caption alignnone\"><img data-recalc-dims=\"1\" loading=\"lazy\" decoding=\"async\" class=\"size-full wp-image-77440\" src=\"https:\/\/i0.wp.com\/www.eltrabajo.cl\/2017\/wp-content\/uploads\/2017\/02\/Caos1.jpg?resize=580%2C348\" alt=\"SORPRESIVO CIERRE.- As\u00ed luce Calle Salinas con San Mart\u00edn y otras importantes arterias m\u00e1s de nuestra ciudad. Cierre que se hizo sin previo aviso.\" width=\"580\" height=\"348\" srcset=\"https:\/\/i0.wp.com\/www.eltrabajo.cl\/2017\/wp-content\/uploads\/2017\/02\/Caos1.jpg?w=580&amp;ssl=1 580w, https:\/\/i0.wp.com\/www.eltrabajo.cl\/2017\/wp-content\/uploads\/2017\/02\/Caos1.jpg?resize=300%2C180&amp;ssl=1 300w, https:\/\/i0.wp.com\/www.eltrabajo.cl\/2017\/wp-content\/uploads\/2017\/02\/Caos1.jpg?resize=150%2C90&amp;ssl=1 150w\" sizes=\"auto, (max-width: 580px) 100vw, 580px\" \/><figcaption id=\"caption-attachment-77440\" class=\"wp-caption-text\">SORPRESIVO CIERRE.- As\u00ed luce Calle Salinas con San Mart\u00edn y otras importantes arterias m\u00e1s de nuestra ciudad. Cierre que se hizo sin previo aviso.<\/figcaption><\/figure>\n<figure id=\"attachment_77449\" aria-describedby=\"caption-attachment-77449\" style=\"width: 577px\" class=\"wp-caption alignnone\"><img data-recalc-dims=\"1\" loading=\"lazy\" decoding=\"async\" class=\"size-full wp-image-77449\" src=\"https:\/\/i0.wp.com\/www.eltrabajo.cl\/2017\/wp-content\/uploads\/2017\/02\/Fechas33.jpg?resize=577%2C350\" alt=\"LEA CON ATENCI\u00d3N.- Anote las fechas y direcciones de este organigrama, pues en \u00e9l se explican qu\u00e9 calles y cu\u00e1ndo estar\u00e1n cerradas o ser\u00e1n habilitadas.\" width=\"577\" height=\"350\" srcset=\"https:\/\/i0.wp.com\/www.eltrabajo.cl\/2017\/wp-content\/uploads\/2017\/02\/Fechas33.jpg?w=577&amp;ssl=1 577w, https:\/\/i0.wp.com\/www.eltrabajo.cl\/2017\/wp-content\/uploads\/2017\/02\/Fechas33.jpg?resize=300%2C182&amp;ssl=1 300w, https:\/\/i0.wp.com\/www.eltrabajo.cl\/2017\/wp-content\/uploads\/2017\/02\/Fechas33.jpg?resize=150%2C91&amp;ssl=1 150w\" sizes=\"auto, (max-width: 577px) 100vw, 577px\" \/><figcaption id=\"caption-attachment-77449\" class=\"wp-caption-text\">LEA CON ATENCI\u00d3N.- Anote las fechas y direcciones de este organigrama, pues en \u00e9l se explican qu\u00e9 calles y cu\u00e1ndo estar\u00e1n cerradas o ser\u00e1n habilitadas.<\/figcaption><\/figure>\n","protected":false},"excerpt":{"rendered":"<div class=\"mh-excerpt\"><p>&nbsp; Falta total de informaci\u00f3n al p\u00fablico: Sigue creciendo el malestar general en San Felipe, especialmente por los comerciantes del damero central, tras cada cierre <a class=\"mh-excerpt-more\" href=\"https:\/\/www.eltrabajo.cl\/2017\/malestar-generalizado-por-cierres-sorpresivos-de-centricas-vias\/\" title=\"Malestar generalizado por cierres sorpresivos de c\u00e9ntricas v\u00edas\">[&#8230;]<\/a><\/p>\n<\/div>","protected":false},"author":1,"featured_media":77447,"comment_status":"open","ping_status":"open","sticky":false,"template":"","format":"standard","meta":{"_jetpack_newsletter_access":"","_jetpack_dont_email_post_to_subs":false,"_jetpack_newsletter_tier_id":0,"_jetpack_memberships_contains_paywalled_content":false,"_jetpack_memberships_contains_paid_content":false,"footnotes":""},"categories":[4],"tags":[],"class_list":["post-77439","post","type-post","status-publish","format-standard","has-post-thumbnail","hentry","category-cronica"],"nelio_content":{"autoShareEndMode":"never","automationSources":{"useCustomSentences":false,"customSentences":[]},"efiAlt":"","efiUrl":"","followers":[],"highlights":[],"isAutoShareEnabled":true,"networkImageIds":[],"permalinkQueryArgs":[],"series":[],"suggestedReferences":[]},"jetpack_featured_media_url":"https:\/\/i0.wp.com\/www.eltrabajo.cl\/2017\/wp-content\/uploads\/2017\/02\/IMG_7695.jpg?fit=580%2C348&ssl=1","jetpack_sharing_enabled":true,"_links":{"self":[{"href":"https:\/\/www.eltrabajo.cl\/2017\/wp-json\/wp\/v2\/posts\/77439","targetHints":{"allow":["GET"]}}],"collection":[{"href":"https:\/\/www.eltrabajo.cl\/2017\/wp-json\/wp\/v2\/posts"}],"about":[{"href":"https:\/\/www.eltrabajo.cl\/2017\/wp-json\/wp\/v2\/types\/post"}],"author":[{"embeddable":true,"href":"https:\/\/www.eltrabajo.cl\/2017\/wp-json\/wp\/v2\/users\/1"}],"replies":[{"embeddable":true,"href":"https:\/\/www.eltrabajo.cl\/2017\/wp-json\/wp\/v2\/comments?post=77439"}],"version-history":[{"count":1,"href":"https:\/\/www.eltrabajo.cl\/2017\/wp-json\/wp\/v2\/posts\/77439\/revisions"}],"predecessor-version":[{"id":77450,"href":"https:\/\/www.eltrabajo.cl\/2017\/wp-json\/wp\/v2\/posts\/77439\/revisions\/77450"}],"wp:featuredmedia":[{"embeddable":true,"href":"https:\/\/www.eltrabajo.cl\/2017\/wp-json\/wp\/v2\/media\/77447"}],"wp:attachment":[{"href":"https:\/\/www.eltrabajo.cl\/2017\/wp-json\/wp\/v2\/media?parent=77439"}],"wp:term":[{"taxonomy":"category","embeddable":true,"href":"https:\/\/www.eltrabajo.cl\/2017\/wp-json\/wp\/v2\/categories?post=77439"},{"taxonomy":"post_tag","embeddable":true,"href":"https:\/\/www.eltrabajo.cl\/2017\/wp-json\/wp\/v2\/tags?post=77439"}],"curies":[{"name":"wp","href":"https:\/\/api.w.org\/{rel}","templated":true}]}}