{"id":77465,"date":"2017-02-27T08:21:19","date_gmt":"2017-02-27T12:21:19","guid":{"rendered":"http:\/\/www.eltrabajo.cl\/2017\/?p=77465"},"modified":"2017-02-27T08:21:19","modified_gmt":"2017-02-27T12:21:19","slug":"en-la-segunda-semana-de-marzo-reabririan-calles-del-damero-central","status":"publish","type":"post","link":"https:\/\/www.eltrabajo.cl\/2017\/en-la-segunda-semana-de-marzo-reabririan-calles-del-damero-central\/","title":{"rendered":"En la segunda semana de marzo reabrir\u00edan calles del damero central"},"content":{"rendered":"<figure id=\"attachment_77466\" aria-describedby=\"caption-attachment-77466\" style=\"width: 580px\" class=\"wp-caption alignnone\"><img data-recalc-dims=\"1\" loading=\"lazy\" decoding=\"async\" class=\"size-full wp-image-77466\" src=\"https:\/\/i0.wp.com\/www.eltrabajo.cl\/2017\/wp-content\/uploads\/2017\/02\/CORTE.jpg?resize=580%2C350\" alt=\"Para el d\u00eda 10 de marzo, se abrir\u00e1n de manera parcial los cruces de O\u2019Higgins con Coimas y Salinas; proyect\u00e1ndose la apertura completa para el d\u00eda 21 de marzo.\" width=\"580\" height=\"350\" srcset=\"https:\/\/i0.wp.com\/www.eltrabajo.cl\/2017\/wp-content\/uploads\/2017\/02\/CORTE.jpg?w=580&amp;ssl=1 580w, https:\/\/i0.wp.com\/www.eltrabajo.cl\/2017\/wp-content\/uploads\/2017\/02\/CORTE.jpg?resize=300%2C181&amp;ssl=1 300w, https:\/\/i0.wp.com\/www.eltrabajo.cl\/2017\/wp-content\/uploads\/2017\/02\/CORTE.jpg?resize=150%2C91&amp;ssl=1 150w\" sizes=\"auto, (max-width: 580px) 100vw, 580px\" \/><figcaption id=\"caption-attachment-77466\" class=\"wp-caption-text\">Para el d\u00eda 10 de marzo, se abrir\u00e1n de manera parcial los cruces de O\u2019Higgins con Coimas y Salinas; proyect\u00e1ndose la apertura completa para el d\u00eda 21 de marzo.<\/figcaption><\/figure>\n<p>Apertura total y parcial de algunas calles del centro de la comuna, son las que se proyectan para los d\u00edas 1, 6 y 10 de marzo pr\u00f3ximo, a prop\u00f3sito de la finalizaci\u00f3n de obras de intervenci\u00f3n de arterias que forman parte del circuito de ciclov\u00edas.<br \/>\nAs\u00ed lo dio a conocer el director de la Secretar\u00eda Comunal de Planificaci\u00f3n de la municipalidad, Claudio Paredes, quien a prop\u00f3sito de los acuerdos establecidos con Serviu y las empresas ejecutoras de los trabajos, de cara al inicio del a\u00f1o escolar, est\u00e1 contemplado para el 1 de marzo, la entrega total de las intersecciones de avenida Chacabuco con Traslavi\u00f1a y Navarro (esta \u00faltima ya en uso); as\u00ed como el cruce de O\u2019Higgins con Yungay.<br \/>\nEl d\u00eda 6 de marzo se reabrir\u00eda parcialmente la intersecci\u00f3n de Chacabuco con Salinas, as\u00ed como la entrega total de las intersecciones de Yungay con Santo Domingo; Yungay con Merced y Yungay con Freire.<br \/>\nPara el d\u00eda 10 de marzo, se abrir\u00e1n de manera parcial los cruces de O\u2019Higgins con Coimas y Salinas; proyect\u00e1ndose la apertura completa para el d\u00eda 21 de marzo.<br \/>\nEn el caso de Chacabuco con Combate de las Coimas, el d\u00eda 27 de marzo se abrir\u00e1 al uso de veh\u00edculos de manera completa, sin que exista una apertura parcial.<br \/>\n\u201cHay cruces como los de Salinas y Coimas con Chacabuco y O\u2019Higgins, que se realizaron recientemente, pero la idea es operar en funci\u00f3n de acelerar los trabajos en calzadas, para que en la primera quincena de marzo se est\u00e9n entregando diversas arterias para que el sistema vial sea m\u00e1s fluido\u201d, se\u00f1al\u00f3 Claudio Paredes.<br \/>\nClaudio Paredes se\u00f1al\u00f3 que estas medidas fueron acordadas en una reuni\u00f3n sostenida con el director regional de Serviu y las empresas a cargo de las obras, donde se acord\u00f3 apurar los trabajos, con labores en turno vespertino y nocturno, siempre y cuando no generen molestias; trabajos los d\u00edas domingo y as\u00ed el d\u00eda 6 de marzo, no exista mayor impacto en el inicio del a\u00f1o escolar.<br \/>\nA\u00f1adi\u00f3 que las obras tambi\u00e9n consideran intervenciones de los ductos de canales de regad\u00edo en las alamedas, de manera de responder a varios temas que estaban pendientes de resolver.<\/p>\n","protected":false},"excerpt":{"rendered":"<div class=\"mh-excerpt\"><p>Apertura total y parcial de algunas calles del centro de la comuna, son las que se proyectan para los d\u00edas 1, 6 y 10 de <a class=\"mh-excerpt-more\" href=\"https:\/\/www.eltrabajo.cl\/2017\/en-la-segunda-semana-de-marzo-reabririan-calles-del-damero-central\/\" title=\"En la segunda semana de marzo reabrir\u00edan calles del damero central\">[&#8230;]<\/a><\/p>\n<\/div>","protected":false},"author":1,"featured_media":77466,"comment_status":"open","ping_status":"open","sticky":false,"template":"","format":"standard","meta":{"_jetpack_newsletter_access":"","_jetpack_dont_email_post_to_subs":false,"_jetpack_newsletter_tier_id":0,"_jetpack_memberships_contains_paywalled_content":false,"_jetpack_memberships_contains_paid_content":false,"footnotes":""},"categories":[4],"tags":[],"class_list":["post-77465","post","type-post","status-publish","format-standard","has-post-thumbnail","hentry","category-cronica"],"nelio_content":{"autoShareEndMode":"never","automationSources":{"useCustomSentences":false,"customSentences":[]},"efiAlt":"","efiUrl":"","followers":[],"highlights":[],"isAutoShareEnabled":true,"networkImageIds":[],"permalinkQueryArgs":[],"series":[],"suggestedReferences":[]},"jetpack_featured_media_url":"https:\/\/i0.wp.com\/www.eltrabajo.cl\/2017\/wp-content\/uploads\/2017\/02\/CORTE.jpg?fit=580%2C350&ssl=1","jetpack_sharing_enabled":true,"_links":{"self":[{"href":"https:\/\/www.eltrabajo.cl\/2017\/wp-json\/wp\/v2\/posts\/77465","targetHints":{"allow":["GET"]}}],"collection":[{"href":"https:\/\/www.eltrabajo.cl\/2017\/wp-json\/wp\/v2\/posts"}],"about":[{"href":"https:\/\/www.eltrabajo.cl\/2017\/wp-json\/wp\/v2\/types\/post"}],"author":[{"embeddable":true,"href":"https:\/\/www.eltrabajo.cl\/2017\/wp-json\/wp\/v2\/users\/1"}],"replies":[{"embeddable":true,"href":"https:\/\/www.eltrabajo.cl\/2017\/wp-json\/wp\/v2\/comments?post=77465"}],"version-history":[{"count":1,"href":"https:\/\/www.eltrabajo.cl\/2017\/wp-json\/wp\/v2\/posts\/77465\/revisions"}],"predecessor-version":[{"id":77467,"href":"https:\/\/www.eltrabajo.cl\/2017\/wp-json\/wp\/v2\/posts\/77465\/revisions\/77467"}],"wp:featuredmedia":[{"embeddable":true,"href":"https:\/\/www.eltrabajo.cl\/2017\/wp-json\/wp\/v2\/media\/77466"}],"wp:attachment":[{"href":"https:\/\/www.eltrabajo.cl\/2017\/wp-json\/wp\/v2\/media?parent=77465"}],"wp:term":[{"taxonomy":"category","embeddable":true,"href":"https:\/\/www.eltrabajo.cl\/2017\/wp-json\/wp\/v2\/categories?post=77465"},{"taxonomy":"post_tag","embeddable":true,"href":"https:\/\/www.eltrabajo.cl\/2017\/wp-json\/wp\/v2\/tags?post=77465"}],"curies":[{"name":"wp","href":"https:\/\/api.w.org\/{rel}","templated":true}]}}