{"id":77532,"date":"2017-03-01T08:13:45","date_gmt":"2017-03-01T12:13:45","guid":{"rendered":"http:\/\/www.eltrabajo.cl\/2017\/?p=77532"},"modified":"2017-03-01T08:13:45","modified_gmt":"2017-03-01T12:13:45","slug":"con-15-bandas-locales-se-realizara-el-concierto-semilla-local-2","status":"publish","type":"post","link":"https:\/\/www.eltrabajo.cl\/2017\/con-15-bandas-locales-se-realizara-el-concierto-semilla-local-2\/","title":{"rendered":"Con 15 bandas locales se realizar\u00e1 el concierto \u2018Semilla Local 2\u2019"},"content":{"rendered":"<figure id=\"attachment_77534\" aria-describedby=\"caption-attachment-77534\" style=\"width: 580px\" class=\"wp-caption alignnone\"><img data-recalc-dims=\"1\" loading=\"lazy\" decoding=\"async\" class=\"size-full wp-image-77534\" src=\"https:\/\/i0.wp.com\/www.eltrabajo.cl\/2017\/wp-content\/uploads\/2017\/03\/lacayetano.jpg?resize=580%2C348\" alt=\"S\u00d3LO CALIDAD.- La Cayetano no se anda por las ramas, el s\u00e1bado los veremos hacer temblar el complejo de Poza Herrera.\" width=\"580\" height=\"348\" srcset=\"https:\/\/i0.wp.com\/www.eltrabajo.cl\/2017\/wp-content\/uploads\/2017\/03\/lacayetano.jpg?w=580&amp;ssl=1 580w, https:\/\/i0.wp.com\/www.eltrabajo.cl\/2017\/wp-content\/uploads\/2017\/03\/lacayetano.jpg?resize=300%2C180&amp;ssl=1 300w, https:\/\/i0.wp.com\/www.eltrabajo.cl\/2017\/wp-content\/uploads\/2017\/03\/lacayetano.jpg?resize=150%2C90&amp;ssl=1 150w\" sizes=\"auto, (max-width: 580px) 100vw, 580px\" \/><figcaption id=\"caption-attachment-77534\" class=\"wp-caption-text\">S\u00d3LO CALIDAD.- La Cayetano no se anda por las ramas, el s\u00e1bado los veremos hacer temblar el complejo de Poza Herrera.<\/figcaption><\/figure>\n<ul>\n<li><span style=\"color: #ff0000;\"><strong>M\u00fasicos del valle se presentar\u00e1n en Poza Herrera:<\/strong><\/span><\/li>\n<\/ul>\n<p>\u00bfRecuerdan nuestros lectores que durante seis semanas estuvimos publicando en nuestras p\u00e1ginas a las mejores bandas y solistas musicales locales m\u00e1s destacados del Valle Aconcagua?, pues bien, este fin de semana 15 de ellas estar\u00e1n dando vida y alegr\u00eda a un gran evento en nuestra comuna.<br \/>\n\u2018Semilla Local 2\u2019 es el nombre del conciertazo que se desarrollar\u00e1 el s\u00e1bado 4 de marzo en Poza Herrera, en Calle Benigno Caldera s\/n, entre las pozas Tricahue y Para\u00edso, desde las 11:00 hasta las 23:00 horas.<br \/>\nEste evento prev\u00e9 la presentaci\u00f3n en vivo de trece bandas de rock locales entre las que contamos Urlo, Droste, Maskotas, Chakra, Bombas de Ruido, Viraje en U, Cocodrilo, Krashmotor, Bizarro, Evil Ground, Daimhon, La Cayetano y La 25. Bandas de San Felipe, Los Andes y de Llay Llay.<\/p>\n<p><strong>HABR\u00c1 DE TODO<\/strong><br \/>\n\u00abContaremos con stands de panader\u00eda, pasteler\u00eda y gastronom\u00eda vegana y corriente, adem\u00e1s de algunas cositas cann\u00e1bicas para degustar. Es grato comentar tambi\u00e9n que habr\u00e1 algunos stands de ventas de artesan\u00edas locales, pintura y varias cosas m\u00e1s. El costo de la entrada es de $3.000 e incluye piscina por el d\u00eda, cabe destacar que el evento organizado por Kunka Producciones y es a beneficio de Radio Comunitaria Poblaci\u00f3n Aconcagua, contado con el auspicio de la Municipalidad de San Felipe, Estudio Riff, programa En el taller y el empresario Juan Carlos Monasterio\u00bb, explic\u00f3 a nuestro medio don Jos\u00e9 Claudio Fern\u00e1ndez, director de Radio Poblaci\u00f3n Aconcagua.<br \/>\n<strong>Roberto Gonz\u00e1lez Short<\/strong><\/p>\n<figure id=\"attachment_77533\" aria-describedby=\"caption-attachment-77533\" style=\"width: 580px\" class=\"wp-caption alignnone\"><img data-recalc-dims=\"1\" loading=\"lazy\" decoding=\"async\" class=\"size-full wp-image-77533\" src=\"https:\/\/i0.wp.com\/www.eltrabajo.cl\/2017\/wp-content\/uploads\/2017\/03\/Cocodrilo1.jpg?resize=580%2C349\" alt=\"BANDA COCODRILO.- Ellos son los \u2018cocos\u2019 m\u00e1s rockeros del Valle Aconcagua, y estar\u00e1n este s\u00e1bado en Poza Herrera.\" width=\"580\" height=\"349\" srcset=\"https:\/\/i0.wp.com\/www.eltrabajo.cl\/2017\/wp-content\/uploads\/2017\/03\/Cocodrilo1.jpg?w=580&amp;ssl=1 580w, https:\/\/i0.wp.com\/www.eltrabajo.cl\/2017\/wp-content\/uploads\/2017\/03\/Cocodrilo1.jpg?resize=300%2C181&amp;ssl=1 300w, https:\/\/i0.wp.com\/www.eltrabajo.cl\/2017\/wp-content\/uploads\/2017\/03\/Cocodrilo1.jpg?resize=150%2C90&amp;ssl=1 150w\" sizes=\"auto, (max-width: 580px) 100vw, 580px\" \/><figcaption id=\"caption-attachment-77533\" class=\"wp-caption-text\">BANDA COCODRILO.- Ellos son los \u2018cocos\u2019 m\u00e1s rockeros del Valle Aconcagua, y estar\u00e1n este s\u00e1bado en Poza Herrera.<\/figcaption><\/figure>\n","protected":false},"excerpt":{"rendered":"<div class=\"mh-excerpt\"><p>M\u00fasicos del valle se presentar\u00e1n en Poza Herrera: \u00bfRecuerdan nuestros lectores que durante seis semanas estuvimos publicando en nuestras p\u00e1ginas a las mejores bandas y <a class=\"mh-excerpt-more\" href=\"https:\/\/www.eltrabajo.cl\/2017\/con-15-bandas-locales-se-realizara-el-concierto-semilla-local-2\/\" title=\"Con 15 bandas locales se realizar\u00e1 el concierto \u2018Semilla Local 2\u2019\">[&#8230;]<\/a><\/p>\n<\/div>","protected":false},"author":1,"featured_media":77533,"comment_status":"open","ping_status":"open","sticky":false,"template":"","format":"standard","meta":{"_jetpack_newsletter_access":"","_jetpack_dont_email_post_to_subs":false,"_jetpack_newsletter_tier_id":0,"_jetpack_memberships_contains_paywalled_content":false,"_jetpack_memberships_contains_paid_content":false,"footnotes":""},"categories":[49],"tags":[],"class_list":["post-77532","post","type-post","status-publish","format-standard","has-post-thumbnail","hentry","category-cultura"],"nelio_content":{"autoShareEndMode":"never","automationSources":{"useCustomSentences":false,"customSentences":[]},"efiAlt":"","efiUrl":"","followers":[],"highlights":[],"isAutoShareEnabled":true,"networkImageIds":[],"permalinkQueryArgs":[],"series":[],"suggestedReferences":[]},"jetpack_featured_media_url":"https:\/\/i0.wp.com\/www.eltrabajo.cl\/2017\/wp-content\/uploads\/2017\/03\/Cocodrilo1.jpg?fit=580%2C349&ssl=1","jetpack_sharing_enabled":true,"_links":{"self":[{"href":"https:\/\/www.eltrabajo.cl\/2017\/wp-json\/wp\/v2\/posts\/77532","targetHints":{"allow":["GET"]}}],"collection":[{"href":"https:\/\/www.eltrabajo.cl\/2017\/wp-json\/wp\/v2\/posts"}],"about":[{"href":"https:\/\/www.eltrabajo.cl\/2017\/wp-json\/wp\/v2\/types\/post"}],"author":[{"embeddable":true,"href":"https:\/\/www.eltrabajo.cl\/2017\/wp-json\/wp\/v2\/users\/1"}],"replies":[{"embeddable":true,"href":"https:\/\/www.eltrabajo.cl\/2017\/wp-json\/wp\/v2\/comments?post=77532"}],"version-history":[{"count":1,"href":"https:\/\/www.eltrabajo.cl\/2017\/wp-json\/wp\/v2\/posts\/77532\/revisions"}],"predecessor-version":[{"id":77535,"href":"https:\/\/www.eltrabajo.cl\/2017\/wp-json\/wp\/v2\/posts\/77532\/revisions\/77535"}],"wp:featuredmedia":[{"embeddable":true,"href":"https:\/\/www.eltrabajo.cl\/2017\/wp-json\/wp\/v2\/media\/77533"}],"wp:attachment":[{"href":"https:\/\/www.eltrabajo.cl\/2017\/wp-json\/wp\/v2\/media?parent=77532"}],"wp:term":[{"taxonomy":"category","embeddable":true,"href":"https:\/\/www.eltrabajo.cl\/2017\/wp-json\/wp\/v2\/categories?post=77532"},{"taxonomy":"post_tag","embeddable":true,"href":"https:\/\/www.eltrabajo.cl\/2017\/wp-json\/wp\/v2\/tags?post=77532"}],"curies":[{"name":"wp","href":"https:\/\/api.w.org\/{rel}","templated":true}]}}