{"id":77926,"date":"2017-03-21T06:03:17","date_gmt":"2017-03-21T10:03:17","guid":{"rendered":"http:\/\/www.eltrabajo.cl\/2017\/?p=77926"},"modified":"2017-03-20T22:13:07","modified_gmt":"2017-03-21T02:13:07","slug":"junaeb-ajusto-a-un-91-las-raciones-de-almuerzo-en-colegios-de-san-felipe","status":"publish","type":"post","link":"https:\/\/www.eltrabajo.cl\/2017\/junaeb-ajusto-a-un-91-las-raciones-de-almuerzo-en-colegios-de-san-felipe\/","title":{"rendered":"Junaeb \u2018ajust\u00f3\u2019 a un 91% las raciones de almuerzo en colegios de San Felipe"},"content":{"rendered":"<figure id=\"attachment_77928\" aria-describedby=\"caption-attachment-77928\" style=\"width: 580px\" class=\"wp-caption alignnone\"><img data-recalc-dims=\"1\" loading=\"lazy\" decoding=\"async\" class=\"size-full wp-image-77928\" src=\"https:\/\/i0.wp.com\/www.eltrabajo.cl\/2017\/wp-content\/uploads\/2017\/03\/Marcelo-Gongora-Director-Regional-Junaeb.jpg?resize=580%2C349\" alt=\"Marcelo G\u00f3ngora, Director Regional de Junaeb.\" width=\"580\" height=\"349\" srcset=\"https:\/\/i0.wp.com\/www.eltrabajo.cl\/2017\/wp-content\/uploads\/2017\/03\/Marcelo-Gongora-Director-Regional-Junaeb.jpg?w=580&amp;ssl=1 580w, https:\/\/i0.wp.com\/www.eltrabajo.cl\/2017\/wp-content\/uploads\/2017\/03\/Marcelo-Gongora-Director-Regional-Junaeb.jpg?resize=300%2C181&amp;ssl=1 300w, https:\/\/i0.wp.com\/www.eltrabajo.cl\/2017\/wp-content\/uploads\/2017\/03\/Marcelo-Gongora-Director-Regional-Junaeb.jpg?resize=150%2C90&amp;ssl=1 150w\" sizes=\"auto, (max-width: 580px) 100vw, 580px\" \/><figcaption id=\"caption-attachment-77928\" class=\"wp-caption-text\">Marcelo G\u00f3ngora, Director Regional de Junaeb.<\/figcaption><\/figure>\n<ul>\n<li><strong><span style=\"color: #ff0000;\">Establecimientos afectados pueden pedir aumento de asignaciones alimenticias:\u00a0<\/span>Alumnos que contaban con alimentaci\u00f3n entregada por la entidad en a\u00f1os anteriores, pueden seguir recibiendo el beneficio sin importar si pertenecen o no al 60% m\u00e1s vulnerable de la poblaci\u00f3n.<\/strong><\/li>\n<\/ul>\n<p>Durante las primeras semanas del a\u00f1o escolar 2017, en algunos establecimientos educacionales municipalizados de San Felipe, se ha visto como un n\u00famero de alumnos (as) que hasta el a\u00f1o pasado contaban con la asignaci\u00f3n alimenticia entregada por la Junta Nacional de Auxilio Escolar y Becas, Junaeb, se han quedado sin este beneficio producto de la reducci\u00f3n de raciones definidas para este per\u00edodo.<br \/>\nEl Director de Junaeb Regi\u00f3n de Valpara\u00edso, Marcelo G\u00f3ngora, confirm\u00f3 esta situaci\u00f3n, aunque utiliz\u00f3 el concepto \u2018ajuste\u2019, explicando que durante el presente a\u00f1o en la comuna, se entreg\u00f3 un 91% de la alimentaci\u00f3n que se otorg\u00f3 el 2016.<br \/>\n\u201cSe ha realizado un ajuste en la cantidad de raciones que se ha asignado a los establecimientos en distintas comunas de la regi\u00f3n, lo que fundamentalmente busca dos cosas: cautelar el buen uso de los recursos; debemos recordar que profusamente se ha difundido en los medios de comunicaci\u00f3n, im\u00e1genes de alimentos que no se utilizan y que se elimina de los colegios sin que haya sido consumida\u201d, detall\u00f3 G\u00f3ngora<br \/>\nUn segundo argumento esgrimido por el personero, para explicar por qu\u00e9 algunas escuelas municipales vieron restringida la oferta alimenticia para sus estudiantes, se debe a que \u2013seg\u00fan G\u00f3ngora- durante el mes de marzo \u201cse vive una etapa de ajuste, donde normalmente las matr\u00edculas se incrementan en algunos colegios y en otros disminuyen\u201d, encontr\u00e1ndose los mismos establecimientos y Junaeb, con la novedad que en gran parte de los establecimientos de la comuna el n\u00famero de matr\u00edcula aument\u00f3, como es el caso del Liceo Bicentenario Cordillera.<br \/>\nEn ese contexto, el Director Regional de Junaeb, asegur\u00f3 que el \u2018ajuste\u2019 del 91% fue estandarizado y se aplic\u00f3 a todos los establecimientos, sustentado en la cantidad de raciones entregadas el 2016. Pese a esto, los colegios que registraron un alza en sus matr\u00edculas, pueden solicitar el aumento de las raciones, las cuales ser\u00edan restituidas a partir del mes siguiente al que se curs\u00f3 la solicitud<br \/>\n\u201cEn el caso del Liceo Bicentenario (Cordillera), ellos ten\u00edan un porcentaje de consumo levemente superior al 90%, ellos nos explicaron que ten\u00edan un aumento de matr\u00edcula y por lo tanto, nosotros para el pr\u00f3ximo mes, incrementamos el n\u00famero de raciones, en una cantidad que fue solicitada por ellos, para la educaci\u00f3n b\u00e1sica y media\u201d, explic\u00f3 G\u00f3ngora, agregando que \u201cnosotros de ninguna manera esperamos que un estudiante deje de alimentarse, si hay necesidades en los establecimientos, tengan la certeza y la confianza que Junaeb va a estar atento a darle satisfacci\u00f3n a esos requerimientos\u201d, precis\u00f3.<br \/>\nG\u00f3ngora record\u00f3 que los establecimientos que ofrecen el beneficio de alimentaci\u00f3n a sus alumnos, pueden solicitar a Junaeb mensualmente el aumento o rebaja de raciones, dependiendo de las necesidades que presente cada uno, por lo tanto, \u201cbasta con que el apoderado solicite en el establecimiento que se gestione con Junaeb el aumento de las raciones y nosotros vamos a proceder a generar ese incremento y garantizar alimentaci\u00f3n a todos los estudiantes que hayan tenido este beneficio durante el 2016\u201d, acot\u00f3, aclarando a la vez, que en el caso de los alumnos que anteriormente contaban con alimentaci\u00f3n, no necesitan estar categorizados como \u201cvulnerables\u201d en el Registro Social de Hogares, RSH.<br \/>\n\u201cEn el caso de aquellos estudiantes que se incorporan, deben estar dentro del 60 por ciento, pero en el caso de aquellos alumnos que ya tuvieron alimentaci\u00f3n entregada por nosotros (Junaeb), da exactamente lo mismo, nosotros le vamos a garantizar su derecho a la alimentaci\u00f3n\u201d, enfatiz\u00f3 G\u00f3ngora.<\/p>\n<figure id=\"attachment_77927\" aria-describedby=\"caption-attachment-77927\" style=\"width: 580px\" class=\"wp-caption alignnone\"><img data-recalc-dims=\"1\" loading=\"lazy\" decoding=\"async\" class=\"size-full wp-image-77927\" src=\"https:\/\/i0.wp.com\/www.eltrabajo.cl\/2017\/wp-content\/uploads\/2017\/03\/almuerzo-escolar.jpg?resize=580%2C349\" alt=\"Ning\u00fan alumno se va a quedar sin almuerzo, asegur\u00f3 Junaeb, se\u00f1alando que el \u00abajuste\u00bb es solo para evitar desperdiciar los alimentos.\" width=\"580\" height=\"349\" srcset=\"https:\/\/i0.wp.com\/www.eltrabajo.cl\/2017\/wp-content\/uploads\/2017\/03\/almuerzo-escolar.jpg?w=580&amp;ssl=1 580w, https:\/\/i0.wp.com\/www.eltrabajo.cl\/2017\/wp-content\/uploads\/2017\/03\/almuerzo-escolar.jpg?resize=300%2C181&amp;ssl=1 300w, https:\/\/i0.wp.com\/www.eltrabajo.cl\/2017\/wp-content\/uploads\/2017\/03\/almuerzo-escolar.jpg?resize=150%2C90&amp;ssl=1 150w\" sizes=\"auto, (max-width: 580px) 100vw, 580px\" \/><figcaption id=\"caption-attachment-77927\" class=\"wp-caption-text\">Ning\u00fan alumno se va a quedar sin almuerzo, asegur\u00f3 Junaeb, se\u00f1alando que el \u00abajuste\u00bb es solo para evitar desperdiciar los alimentos.<\/figcaption><\/figure>\n","protected":false},"excerpt":{"rendered":"<div class=\"mh-excerpt\"><p>Establecimientos afectados pueden pedir aumento de asignaciones alimenticias:\u00a0Alumnos que contaban con alimentaci\u00f3n entregada por la entidad en a\u00f1os anteriores, pueden seguir recibiendo el beneficio sin <a class=\"mh-excerpt-more\" href=\"https:\/\/www.eltrabajo.cl\/2017\/junaeb-ajusto-a-un-91-las-raciones-de-almuerzo-en-colegios-de-san-felipe\/\" title=\"Junaeb \u2018ajust\u00f3\u2019 a un 91% las raciones de almuerzo en colegios de San Felipe\">[&#8230;]<\/a><\/p>\n<\/div>","protected":false},"author":1,"featured_media":0,"comment_status":"open","ping_status":"open","sticky":false,"template":"","format":"standard","meta":{"_jetpack_newsletter_access":"","_jetpack_dont_email_post_to_subs":false,"_jetpack_newsletter_tier_id":0,"_jetpack_memberships_contains_paywalled_content":false,"_jetpack_memberships_contains_paid_content":false,"footnotes":""},"categories":[1],"tags":[],"class_list":["post-77926","post","type-post","status-publish","format-standard","hentry","category-sin-categoria"],"nelio_content":{"autoShareEndMode":"never","automationSources":{"useCustomSentences":false,"customSentences":[]},"efiAlt":"","efiUrl":"","followers":[],"highlights":[],"isAutoShareEnabled":true,"networkImageIds":[],"permalinkQueryArgs":[],"series":[],"suggestedReferences":[]},"jetpack_featured_media_url":"","jetpack_sharing_enabled":true,"_links":{"self":[{"href":"https:\/\/www.eltrabajo.cl\/2017\/wp-json\/wp\/v2\/posts\/77926","targetHints":{"allow":["GET"]}}],"collection":[{"href":"https:\/\/www.eltrabajo.cl\/2017\/wp-json\/wp\/v2\/posts"}],"about":[{"href":"https:\/\/www.eltrabajo.cl\/2017\/wp-json\/wp\/v2\/types\/post"}],"author":[{"embeddable":true,"href":"https:\/\/www.eltrabajo.cl\/2017\/wp-json\/wp\/v2\/users\/1"}],"replies":[{"embeddable":true,"href":"https:\/\/www.eltrabajo.cl\/2017\/wp-json\/wp\/v2\/comments?post=77926"}],"version-history":[{"count":1,"href":"https:\/\/www.eltrabajo.cl\/2017\/wp-json\/wp\/v2\/posts\/77926\/revisions"}],"predecessor-version":[{"id":77929,"href":"https:\/\/www.eltrabajo.cl\/2017\/wp-json\/wp\/v2\/posts\/77926\/revisions\/77929"}],"wp:attachment":[{"href":"https:\/\/www.eltrabajo.cl\/2017\/wp-json\/wp\/v2\/media?parent=77926"}],"wp:term":[{"taxonomy":"category","embeddable":true,"href":"https:\/\/www.eltrabajo.cl\/2017\/wp-json\/wp\/v2\/categories?post=77926"},{"taxonomy":"post_tag","embeddable":true,"href":"https:\/\/www.eltrabajo.cl\/2017\/wp-json\/wp\/v2\/tags?post=77926"}],"curies":[{"name":"wp","href":"https:\/\/api.w.org\/{rel}","templated":true}]}}