{"id":77934,"date":"2017-03-22T06:00:21","date_gmt":"2017-03-22T10:00:21","guid":{"rendered":"http:\/\/www.eltrabajo.cl\/2017\/?p=77934"},"modified":"2017-03-21T21:07:17","modified_gmt":"2017-03-22T01:07:17","slug":"desde-hoy-y-por-diez-dias-cierran-interseccion-de-yungay-con-prat","status":"publish","type":"post","link":"https:\/\/www.eltrabajo.cl\/2017\/desde-hoy-y-por-diez-dias-cierran-interseccion-de-yungay-con-prat\/","title":{"rendered":"Desde hoy y por diez d\u00edas cierran intersecci\u00f3n de Yungay con Prat"},"content":{"rendered":"<figure id=\"attachment_77935\" aria-describedby=\"caption-attachment-77935\" style=\"width: 580px\" class=\"wp-caption alignnone\"><img data-recalc-dims=\"1\" loading=\"lazy\" decoding=\"async\" class=\"size-full wp-image-77935\" src=\"https:\/\/i0.wp.com\/www.eltrabajo.cl\/2017\/wp-content\/uploads\/2017\/03\/claudio-paredes-secplac.jpg?resize=580%2C348\" alt=\"Claudio Paredes, Secretario de Planificaci\u00f3n Comunal de la Municipalidad de San Felipe.\" width=\"580\" height=\"348\" srcset=\"https:\/\/i0.wp.com\/www.eltrabajo.cl\/2017\/wp-content\/uploads\/2017\/03\/claudio-paredes-secplac.jpg?w=580&amp;ssl=1 580w, https:\/\/i0.wp.com\/www.eltrabajo.cl\/2017\/wp-content\/uploads\/2017\/03\/claudio-paredes-secplac.jpg?resize=300%2C180&amp;ssl=1 300w, https:\/\/i0.wp.com\/www.eltrabajo.cl\/2017\/wp-content\/uploads\/2017\/03\/claudio-paredes-secplac.jpg?resize=150%2C90&amp;ssl=1 150w\" sizes=\"auto, (max-width: 580px) 100vw, 580px\" \/><figcaption id=\"caption-attachment-77935\" class=\"wp-caption-text\">Claudio Paredes, Secretario de Planificaci\u00f3n Comunal de la Municipalidad de San Felipe.<\/figcaption><\/figure>\n<ul>\n<li><strong><span style=\"color: #ff0000;\">Nueva etapa de cortes de tr\u00e1nsito por construcci\u00f3n de ciclov\u00edas:<\/span>\u00a0Automovilistas que ingresan al centro de la ciudad desde el sector oriente, tendr\u00e1n que tomar v\u00edas alternativas como Carlos Condell o Chacabuco.<\/strong><\/li>\n<\/ul>\n<p>El Secretario de Planificaci\u00f3n Comunal de la Municipalidad de San Felipe, Secplac, Claudio Paredes, inform\u00f3 que a partir de hoy mi\u00e9rcoles 22 de marzo, y por un per\u00edodo de 10 d\u00edas, las obras de construcci\u00f3n de las ciclov\u00edas y Plan de Gesti\u00f3n de Tr\u00e1nsito, demandar\u00e1 un corte de tr\u00e1nsito total en la intersecci\u00f3n de Avenida Yungay con calle Arturo Prat.<br \/>\n\u00abEs un corte que implica una reposici\u00f3n de calzada completa, por tanto, se est\u00e1 dando a conocer la informaci\u00f3n de tr\u00e1nsito, para que los distintos vecinos y vecinas puedan tomar los resguardos y la planificaci\u00f3n anticipada, particularmente para los vecinos que vienen desde el sector oriente\u00bb, puntualiz\u00f3 Paredes.<br \/>\nTal como lo advirtiera el Secplac, los vecinos que se ver\u00e1n mayormente afectados, son los que ingresen al centro de la ciudad por avenida Tocornal desde San Esteban, Los Andes, o bien, desde Villa El Se\u00f1orial, El Descanso, Pedro Aguirre Cerda, entre otros sectores habitacionales sanfelipe\u00f1os.<br \/>\nAnte esto, cabe destacar que la intersecci\u00f3n de Yungay con Tocornal estar\u00e1 habilitada para que los veh\u00edculos que vienen desde el oriente, viren en direcci\u00f3n norte, teniendo que escoger otra alternativa para poder ingresar al damero central de la ciudad. \u00abSe recomienda a los vecinos que toman calle Prat para ingresar al centro, tomen los desv\u00edos respectivos y bajar por Chacabuco o tambi\u00e9n por calle Condell\u00bb, aconsej\u00f3 el personero municipal.<br \/>\nParedes advirti\u00f3 que la idea de intervenir la calzada completa, es no retrasar la ejecuci\u00f3n de los trabajos y contar con la habilitaci\u00f3n de este punto dentro de la programaci\u00f3n establecida por Serviu y la empresa a cargo de los trabajos, recordando que el proyecto de construcci\u00f3n de ciclov\u00edas tiene como fecha l\u00edmite el 4 de mayo pr\u00f3ximo.<\/p>\n<figure id=\"attachment_77936\" aria-describedby=\"caption-attachment-77936\" style=\"width: 580px\" class=\"wp-caption alignnone\"><img data-recalc-dims=\"1\" loading=\"lazy\" decoding=\"async\" class=\"size-full wp-image-77936\" src=\"https:\/\/i0.wp.com\/www.eltrabajo.cl\/2017\/wp-content\/uploads\/2017\/03\/yungay-prat1.jpg?resize=580%2C349\" alt=\"Un punto neur\u00e1lgico como Yungay con Prat, de alta congesti\u00f3n vehicular, permanecer\u00e1 cerrado durante diez d\u00edas a partir de hoy.\" width=\"580\" height=\"349\" srcset=\"https:\/\/i0.wp.com\/www.eltrabajo.cl\/2017\/wp-content\/uploads\/2017\/03\/yungay-prat1.jpg?w=580&amp;ssl=1 580w, https:\/\/i0.wp.com\/www.eltrabajo.cl\/2017\/wp-content\/uploads\/2017\/03\/yungay-prat1.jpg?resize=300%2C181&amp;ssl=1 300w, https:\/\/i0.wp.com\/www.eltrabajo.cl\/2017\/wp-content\/uploads\/2017\/03\/yungay-prat1.jpg?resize=150%2C90&amp;ssl=1 150w\" sizes=\"auto, (max-width: 580px) 100vw, 580px\" \/><figcaption id=\"caption-attachment-77936\" class=\"wp-caption-text\">Un punto neur\u00e1lgico como Yungay con Prat, de alta congesti\u00f3n vehicular, permanecer\u00e1 cerrado durante diez d\u00edas a partir de hoy.<\/figcaption><\/figure>\n","protected":false},"excerpt":{"rendered":"<div class=\"mh-excerpt\"><p>Nueva etapa de cortes de tr\u00e1nsito por construcci\u00f3n de ciclov\u00edas:\u00a0Automovilistas que ingresan al centro de la ciudad desde el sector oriente, tendr\u00e1n que tomar v\u00edas <a class=\"mh-excerpt-more\" href=\"https:\/\/www.eltrabajo.cl\/2017\/desde-hoy-y-por-diez-dias-cierran-interseccion-de-yungay-con-prat\/\" title=\"Desde hoy y por diez d\u00edas cierran intersecci\u00f3n de Yungay con Prat\">[&#8230;]<\/a><\/p>\n<\/div>","protected":false},"author":1,"featured_media":77936,"comment_status":"open","ping_status":"open","sticky":false,"template":"","format":"standard","meta":{"_jetpack_newsletter_access":"","_jetpack_dont_email_post_to_subs":false,"_jetpack_newsletter_tier_id":0,"_jetpack_memberships_contains_paywalled_content":false,"_jetpack_memberships_contains_paid_content":false,"footnotes":""},"categories":[4],"tags":[69,70],"class_list":["post-77934","post","type-post","status-publish","format-standard","has-post-thumbnail","hentry","category-cronica","tag-ciclovias","tag-corte-de-transito"],"nelio_content":{"autoShareEndMode":"never","automationSources":{"useCustomSentences":false,"customSentences":[]},"efiAlt":"","efiUrl":"","followers":[],"highlights":[],"isAutoShareEnabled":true,"networkImageIds":[],"permalinkQueryArgs":[],"series":[],"suggestedReferences":[]},"jetpack_featured_media_url":"https:\/\/i0.wp.com\/www.eltrabajo.cl\/2017\/wp-content\/uploads\/2017\/03\/yungay-prat1.jpg?fit=580%2C349&ssl=1","jetpack_sharing_enabled":true,"_links":{"self":[{"href":"https:\/\/www.eltrabajo.cl\/2017\/wp-json\/wp\/v2\/posts\/77934","targetHints":{"allow":["GET"]}}],"collection":[{"href":"https:\/\/www.eltrabajo.cl\/2017\/wp-json\/wp\/v2\/posts"}],"about":[{"href":"https:\/\/www.eltrabajo.cl\/2017\/wp-json\/wp\/v2\/types\/post"}],"author":[{"embeddable":true,"href":"https:\/\/www.eltrabajo.cl\/2017\/wp-json\/wp\/v2\/users\/1"}],"replies":[{"embeddable":true,"href":"https:\/\/www.eltrabajo.cl\/2017\/wp-json\/wp\/v2\/comments?post=77934"}],"version-history":[{"count":1,"href":"https:\/\/www.eltrabajo.cl\/2017\/wp-json\/wp\/v2\/posts\/77934\/revisions"}],"predecessor-version":[{"id":77937,"href":"https:\/\/www.eltrabajo.cl\/2017\/wp-json\/wp\/v2\/posts\/77934\/revisions\/77937"}],"wp:featuredmedia":[{"embeddable":true,"href":"https:\/\/www.eltrabajo.cl\/2017\/wp-json\/wp\/v2\/media\/77936"}],"wp:attachment":[{"href":"https:\/\/www.eltrabajo.cl\/2017\/wp-json\/wp\/v2\/media?parent=77934"}],"wp:term":[{"taxonomy":"category","embeddable":true,"href":"https:\/\/www.eltrabajo.cl\/2017\/wp-json\/wp\/v2\/categories?post=77934"},{"taxonomy":"post_tag","embeddable":true,"href":"https:\/\/www.eltrabajo.cl\/2017\/wp-json\/wp\/v2\/tags?post=77934"}],"curies":[{"name":"wp","href":"https:\/\/api.w.org\/{rel}","templated":true}]}}