{"id":77960,"date":"2017-03-23T06:00:38","date_gmt":"2017-03-23T10:00:38","guid":{"rendered":"http:\/\/www.eltrabajo.cl\/2017\/?p=77960"},"modified":"2017-03-22T20:53:26","modified_gmt":"2017-03-23T00:53:26","slug":"confirmada-parrilla-artistica-de-fiesta-de-la-vendimia-2017-de-san-felipe","status":"publish","type":"post","link":"https:\/\/www.eltrabajo.cl\/2017\/confirmada-parrilla-artistica-de-fiesta-de-la-vendimia-2017-de-san-felipe\/","title":{"rendered":"Confirmada parrilla art\u00edstica de Fiesta de la Vendimia 2017 de San Felipe"},"content":{"rendered":"<figure id=\"attachment_77961\" aria-describedby=\"caption-attachment-77961\" style=\"width: 580px\" class=\"wp-caption alignnone\"><img data-recalc-dims=\"1\" loading=\"lazy\" decoding=\"async\" class=\"size-full wp-image-77961\" src=\"https:\/\/i0.wp.com\/www.eltrabajo.cl\/2017\/wp-content\/uploads\/2017\/03\/vendimia-ricardo-ruiz.jpg?resize=580%2C349\" alt=\"Ricardo Ruiz , coordinador del Departamento de Cultura de la Municipalidad de San Felipe.\" width=\"580\" height=\"349\" srcset=\"https:\/\/i0.wp.com\/www.eltrabajo.cl\/2017\/wp-content\/uploads\/2017\/03\/vendimia-ricardo-ruiz.jpg?w=580&amp;ssl=1 580w, https:\/\/i0.wp.com\/www.eltrabajo.cl\/2017\/wp-content\/uploads\/2017\/03\/vendimia-ricardo-ruiz.jpg?resize=300%2C181&amp;ssl=1 300w, https:\/\/i0.wp.com\/www.eltrabajo.cl\/2017\/wp-content\/uploads\/2017\/03\/vendimia-ricardo-ruiz.jpg?resize=150%2C90&amp;ssl=1 150w\" sizes=\"auto, (max-width: 580px) 100vw, 580px\" \/><figcaption id=\"caption-attachment-77961\" class=\"wp-caption-text\">Ricardo Ruiz , coordinador del Departamento de Cultura de la Municipalidad de San Felipe.<\/figcaption><\/figure>\n<ul>\n<li><strong><span style=\"color: #ff0000;\">Cuarta versi\u00f3n se desarrollar\u00e1 en el sector de Almendral el 1 y 2 de Abril:<\/span>\u00a0Elecci\u00f3n de Reina, Campeonato Provincial de Cueca, Misa a la Chilena y feria con productos de la zona, acompa\u00f1ar\u00e1n la programaci\u00f3n musical del evento.<\/strong><\/li>\n<\/ul>\n<p>El pr\u00f3ximo fin de semana del 1 y 2 de abril, se desarrollar\u00e1 en el sector de Almendral, la cuarta edici\u00f3n de la Fiesta de la Vendimia de San Felipe, y ya est\u00e1 confirmada la parrilla art\u00edstica que animar\u00e1 esta celebraci\u00f3n, destacando los grupos nacionales Santa Feria y Congreso.<br \/>\nDentro de la programaci\u00f3n dise\u00f1ada por la Municipalidad de San Felipe, el d\u00eda s\u00e1bado adem\u00e1s de los juegos t\u00edpicos que se desarrollar\u00e1n durante la jornada, est\u00e1 considerada la presentaci\u00f3n de los grupos musicales aconcag\u00fcinos: Los Cuequeros de Putaendo, Teocal\u00e1n (Santa Mar\u00eda) y los Wayras Andinos, dejando el cierre con los nacionales de Santa Feria.<br \/>\nPara el domingo, a medio d\u00eda est\u00e1 contemplado iniciar con la tradicional Misa a la Chilena, para posteriormente tener la presentaci\u00f3n del Ballet Municipal de San Felipe, el grupo musical Nahuel Pe\u00f1i (Villa Alemana), la agrupaci\u00f3n de m\u00fasica chilena Los del Maipo y bajar\u00e1 el tel\u00f3n de esta versi\u00f3n de la Fiesta de la Vendimia, el prestigioso conjunto nacional Congreso.<br \/>\nLa informaci\u00f3n fue entregada por Ricardo Ruiz , coordinador del Departamento de Cultura de la Municipalidad de San Felipe, quien adem\u00e1s cont\u00f3 que, como ya es tradici\u00f3n, existir\u00e1 una exposici\u00f3n y venta de productos t\u00edpicos, detallando que \u201ces la misma feria que hemos tenido en a\u00f1os anteriores en la calle Belisario Montenegro, alrededor de 100 stands con artesan\u00edas, principalmente provenientes del Valle de Aconcagua, pero tambi\u00e9n del resto del pa\u00eds\u201d, asegur\u00f3 Ruiz, confirmando tambi\u00e9n la presencia de las distintas Vi\u00f1as del Valle en la explanada de la Iglesia Almendral, ofreciendo degustaciones a quienes visiten el sector.<br \/>\nJunto con la parrilla art\u00edstica del evento y la tradicional feria, el d\u00eda domingo 2 de abril se elegir\u00e1 a la reina de la Vendimia y adem\u00e1s se estar\u00e1 desarrollando el Campeonato Provincial de Cueca, que adem\u00e1s de los premios econ\u00f3micos (250 mil pesos al primer lugar), es clasificatorio para el torneo regional de nuestro baile patrio.<br \/>\nLos interesados en participar en ambas competencias (Campeonato Prov. Cueca y\/o reina de la vendimia), deben llamar al tel\u00e9fono 342381130 o al mail cultura@munisanfelipe.cl, hasta el viernes 31 de marzo.<br \/>\n\u201cEst\u00e1 todo pensado en la familia, en los aconcag\u00fcinos que puedan disfrutar de una fiesta muy tradicional nuestra, muy representativa de nosotros\u2026 la idea es que todos participen\u201d, concluy\u00f3 el personero municipal.<\/p>\n<p><strong>CORTE DE TR\u00c1NSITO<\/strong><br \/>\nRuiz advirti\u00f3 tambi\u00e9n que, debido a la presencia de los stands, habr\u00e1 cortes de tr\u00e1nsito en el sector: La calle Almendral \u2013frente a la Iglesia-, estar\u00e1 cerrada desde las 15 horas del viernes 31 de marzo, mientras que la calle Belisario Montenegro, permanecer\u00e1 sin tr\u00e1nsito vehicular desde el s\u00e1bado 1 de abril, restituy\u00e9ndose con normalidad \u2013en ambas v\u00edas-, la medianoche del domingo 2.<br \/>\n\u201cLa recomendaci\u00f3n fundamental ac\u00e1 es que, quienes viajen a Santa Mar\u00eda o desde Santa Mar\u00eda a San Felipe, lo hagan por Tocornal y eviten el paso por Almendral, porque ser\u00e1 mucho m\u00e1s complejo\u201d, aconsej\u00f3 el profesional.<\/p>\n<figure id=\"attachment_77962\" aria-describedby=\"caption-attachment-77962\" style=\"width: 580px\" class=\"wp-caption alignnone\"><img data-recalc-dims=\"1\" loading=\"lazy\" decoding=\"async\" class=\"size-full wp-image-77962\" src=\"https:\/\/i0.wp.com\/www.eltrabajo.cl\/2017\/wp-content\/uploads\/2017\/03\/VENDIMIA2017.jpg?resize=580%2C348\" alt=\"El primer fin de semana de abril se desarrollar\u00e1 la cuarta edici\u00f3n de la Fiesta de la Vendimia de San Felipe.\" width=\"580\" height=\"348\" srcset=\"https:\/\/i0.wp.com\/www.eltrabajo.cl\/2017\/wp-content\/uploads\/2017\/03\/VENDIMIA2017.jpg?w=580&amp;ssl=1 580w, https:\/\/i0.wp.com\/www.eltrabajo.cl\/2017\/wp-content\/uploads\/2017\/03\/VENDIMIA2017.jpg?resize=300%2C180&amp;ssl=1 300w, https:\/\/i0.wp.com\/www.eltrabajo.cl\/2017\/wp-content\/uploads\/2017\/03\/VENDIMIA2017.jpg?resize=150%2C90&amp;ssl=1 150w\" sizes=\"auto, (max-width: 580px) 100vw, 580px\" \/><figcaption id=\"caption-attachment-77962\" class=\"wp-caption-text\">El primer fin de semana de abril se desarrollar\u00e1 la cuarta edici\u00f3n de la Fiesta de la Vendimia de San Felipe.<\/figcaption><\/figure>\n","protected":false},"excerpt":{"rendered":"<div class=\"mh-excerpt\"><p>Cuarta versi\u00f3n se desarrollar\u00e1 en el sector de Almendral el 1 y 2 de Abril:\u00a0Elecci\u00f3n de Reina, Campeonato Provincial de Cueca, Misa a la Chilena <a class=\"mh-excerpt-more\" href=\"https:\/\/www.eltrabajo.cl\/2017\/confirmada-parrilla-artistica-de-fiesta-de-la-vendimia-2017-de-san-felipe\/\" title=\"Confirmada parrilla art\u00edstica de Fiesta de la Vendimia 2017 de San Felipe\">[&#8230;]<\/a><\/p>\n<\/div>","protected":false},"author":1,"featured_media":77962,"comment_status":"open","ping_status":"open","sticky":false,"template":"","format":"standard","meta":{"_jetpack_newsletter_access":"","_jetpack_dont_email_post_to_subs":false,"_jetpack_newsletter_tier_id":0,"_jetpack_memberships_contains_paywalled_content":false,"_jetpack_memberships_contains_paid_content":false,"footnotes":""},"categories":[4],"tags":[],"class_list":["post-77960","post","type-post","status-publish","format-standard","has-post-thumbnail","hentry","category-cronica"],"nelio_content":{"autoShareEndMode":"never","automationSources":{"useCustomSentences":false,"customSentences":[]},"efiAlt":"","efiUrl":"","followers":[],"highlights":[],"isAutoShareEnabled":true,"networkImageIds":[],"permalinkQueryArgs":[],"series":[],"suggestedReferences":[]},"jetpack_featured_media_url":"https:\/\/i0.wp.com\/www.eltrabajo.cl\/2017\/wp-content\/uploads\/2017\/03\/VENDIMIA2017.jpg?fit=580%2C348&ssl=1","jetpack_sharing_enabled":true,"_links":{"self":[{"href":"https:\/\/www.eltrabajo.cl\/2017\/wp-json\/wp\/v2\/posts\/77960","targetHints":{"allow":["GET"]}}],"collection":[{"href":"https:\/\/www.eltrabajo.cl\/2017\/wp-json\/wp\/v2\/posts"}],"about":[{"href":"https:\/\/www.eltrabajo.cl\/2017\/wp-json\/wp\/v2\/types\/post"}],"author":[{"embeddable":true,"href":"https:\/\/www.eltrabajo.cl\/2017\/wp-json\/wp\/v2\/users\/1"}],"replies":[{"embeddable":true,"href":"https:\/\/www.eltrabajo.cl\/2017\/wp-json\/wp\/v2\/comments?post=77960"}],"version-history":[{"count":1,"href":"https:\/\/www.eltrabajo.cl\/2017\/wp-json\/wp\/v2\/posts\/77960\/revisions"}],"predecessor-version":[{"id":77963,"href":"https:\/\/www.eltrabajo.cl\/2017\/wp-json\/wp\/v2\/posts\/77960\/revisions\/77963"}],"wp:featuredmedia":[{"embeddable":true,"href":"https:\/\/www.eltrabajo.cl\/2017\/wp-json\/wp\/v2\/media\/77962"}],"wp:attachment":[{"href":"https:\/\/www.eltrabajo.cl\/2017\/wp-json\/wp\/v2\/media?parent=77960"}],"wp:term":[{"taxonomy":"category","embeddable":true,"href":"https:\/\/www.eltrabajo.cl\/2017\/wp-json\/wp\/v2\/categories?post=77960"},{"taxonomy":"post_tag","embeddable":true,"href":"https:\/\/www.eltrabajo.cl\/2017\/wp-json\/wp\/v2\/tags?post=77960"}],"curies":[{"name":"wp","href":"https:\/\/api.w.org\/{rel}","templated":true}]}}