{"id":78054,"date":"2017-03-28T06:01:46","date_gmt":"2017-03-28T10:01:46","guid":{"rendered":"http:\/\/www.eltrabajo.cl\/2017\/?p=78054"},"modified":"2017-03-27T21:31:51","modified_gmt":"2017-03-28T01:31:51","slug":"tercer-encuentro-de-muralismo-y-arte-urbano-en-villa-sol-del-inca","status":"publish","type":"post","link":"https:\/\/www.eltrabajo.cl\/2017\/tercer-encuentro-de-muralismo-y-arte-urbano-en-villa-sol-del-inca\/","title":{"rendered":"Tercer Encuentro de Muralismo y Arte Urbano en Villa Sol del Inca"},"content":{"rendered":"<figure id=\"attachment_78056\" aria-describedby=\"caption-attachment-78056\" style=\"width: 580px\" class=\"wp-caption alignnone\"><img data-recalc-dims=\"1\" loading=\"lazy\" decoding=\"async\" class=\"size-full wp-image-78056\" src=\"https:\/\/i0.wp.com\/www.eltrabajo.cl\/2017\/wp-content\/uploads\/2017\/03\/sabina-castro.jpg?resize=580%2C349\" alt=\"Sabina Castro, coordinadora de la Oficina municipal de la Juventud de la Municipalidad de San Felipe.\" width=\"580\" height=\"349\" srcset=\"https:\/\/i0.wp.com\/www.eltrabajo.cl\/2017\/wp-content\/uploads\/2017\/03\/sabina-castro.jpg?w=580&amp;ssl=1 580w, https:\/\/i0.wp.com\/www.eltrabajo.cl\/2017\/wp-content\/uploads\/2017\/03\/sabina-castro.jpg?resize=300%2C181&amp;ssl=1 300w, https:\/\/i0.wp.com\/www.eltrabajo.cl\/2017\/wp-content\/uploads\/2017\/03\/sabina-castro.jpg?resize=150%2C90&amp;ssl=1 150w\" sizes=\"auto, (max-width: 580px) 100vw, 580px\" \/><figcaption id=\"caption-attachment-78056\" class=\"wp-caption-text\">Sabina Castro, coordinadora de la Oficina municipal de la Juventud de la Municipalidad de San Felipe.<\/figcaption><\/figure>\n<ul>\n<li><span style=\"color: #ff0000;\"><strong>El 8 de abril desde las 10.30 horas:<\/strong><\/span><\/li>\n<\/ul>\n<p>El pr\u00f3ximo 8 de abril a las 10.30 horas en la Villa Sol del Inca en San Felipe, se desarrollar\u00e1 el 3er Encuentro de Muralismo y Arte Urbano, donde se espera contar con la participaci\u00f3n de distintas brigadas muralistas de la comuna, quienes tendr\u00e1n que desplegar su talento en base a tres tem\u00e1ticas: Paisajismo del Valle de Aconcagua, Flora y Fauna del Valle de Aconcagua y Maltrato Animal.<br \/>\nAs\u00ed lo dio a conocer Sabina Castro, coordinadora de la Oficina municipal de la Juventud de la Municipalidad de San Felipe, quien puntualiz\u00f3 que \u201ctodas estas tem\u00e1ticas son propuestas por los vecinos de la Villa Sol del Inca y que canalizan a trav\u00e9s de su junta vecinal y su presidente Armando Silva, a quien agradecemos la motivaci\u00f3n para poder desarrollar este tercer encuentro de muralismo\u201d, destac\u00f3 la profesional.<br \/>\nSi bien esta es la tercera edici\u00f3n de este evento cultural en San Felipe, ser\u00e1 la primera vez que se desarrolle directamente en muros, pues, tal como record\u00f3 Castro, \u201cen versiones de los a\u00f1os anteriores hab\u00eda sido en la alameda en unos simuladores de muro\u201d, mientras que en esta oportunidad se realizar\u00e1 en muros autorizados por la comunidad.<br \/>\nLos grupos y\/o muralistas interesados en participar de esta actividad, deben enviar un correo al mail juventud@munisanfelipe.cl o scastro@munisanfelipe.cl hasta el d\u00eda 3 de abril. Cabe destacar que la inscripci\u00f3n es totalmente gratuita y los participantes no tendr\u00e1n ning\u00fan costo asociado a la actividad, pues los materiales de pintura son proporcionados por la organizaci\u00f3n del encuentro.<br \/>\n\u201cLa idea es hermosear los espacios que nuestras vecinas y vecinos abren para la participaci\u00f3n juvenil y poder reflejar todo lo que es el arte urbano\u201d, expres\u00f3 Sabina Castro.<\/p>\n<figure id=\"attachment_78055\" aria-describedby=\"caption-attachment-78055\" style=\"width: 580px\" class=\"wp-caption alignnone\"><img data-recalc-dims=\"1\" loading=\"lazy\" decoding=\"async\" class=\"size-full wp-image-78055\" src=\"https:\/\/i0.wp.com\/www.eltrabajo.cl\/2017\/wp-content\/uploads\/2017\/03\/Hermoso-mural-de-biomim%C3%A9tica.jpg?resize=580%2C349\" alt=\"Las distintas brigadas muralistas de la comuna podr\u00e1n desplegar todo su talento en este tercer encuentro.\" width=\"580\" height=\"349\" srcset=\"https:\/\/i0.wp.com\/www.eltrabajo.cl\/2017\/wp-content\/uploads\/2017\/03\/Hermoso-mural-de-biomim%C3%A9tica.jpg?w=580&amp;ssl=1 580w, https:\/\/i0.wp.com\/www.eltrabajo.cl\/2017\/wp-content\/uploads\/2017\/03\/Hermoso-mural-de-biomim%C3%A9tica.jpg?resize=300%2C181&amp;ssl=1 300w, https:\/\/i0.wp.com\/www.eltrabajo.cl\/2017\/wp-content\/uploads\/2017\/03\/Hermoso-mural-de-biomim%C3%A9tica.jpg?resize=150%2C90&amp;ssl=1 150w\" sizes=\"auto, (max-width: 580px) 100vw, 580px\" \/><figcaption id=\"caption-attachment-78055\" class=\"wp-caption-text\">Las distintas brigadas muralistas de la comuna podr\u00e1n desplegar todo su talento en este tercer encuentro.<\/figcaption><\/figure>\n","protected":false},"excerpt":{"rendered":"<div class=\"mh-excerpt\"><p>El 8 de abril desde las 10.30 horas: El pr\u00f3ximo 8 de abril a las 10.30 horas en la Villa Sol del Inca en San <a class=\"mh-excerpt-more\" href=\"https:\/\/www.eltrabajo.cl\/2017\/tercer-encuentro-de-muralismo-y-arte-urbano-en-villa-sol-del-inca\/\" title=\"Tercer Encuentro de Muralismo y Arte Urbano en Villa Sol del Inca\">[&#8230;]<\/a><\/p>\n<\/div>","protected":false},"author":1,"featured_media":78055,"comment_status":"open","ping_status":"open","sticky":false,"template":"","format":"standard","meta":{"_jetpack_newsletter_access":"","_jetpack_dont_email_post_to_subs":false,"_jetpack_newsletter_tier_id":0,"_jetpack_memberships_contains_paywalled_content":false,"_jetpack_memberships_contains_paid_content":false,"footnotes":""},"categories":[4],"tags":[],"class_list":["post-78054","post","type-post","status-publish","format-standard","has-post-thumbnail","hentry","category-cronica"],"nelio_content":{"autoShareEndMode":"never","automationSources":{"useCustomSentences":false,"customSentences":[]},"efiAlt":"","efiUrl":"","followers":[],"highlights":[],"isAutoShareEnabled":true,"networkImageIds":[],"permalinkQueryArgs":[],"series":[],"suggestedReferences":[]},"jetpack_featured_media_url":"https:\/\/i0.wp.com\/www.eltrabajo.cl\/2017\/wp-content\/uploads\/2017\/03\/Hermoso-mural-de-biomim%C3%A9tica.jpg?fit=580%2C349&ssl=1","jetpack_sharing_enabled":true,"_links":{"self":[{"href":"https:\/\/www.eltrabajo.cl\/2017\/wp-json\/wp\/v2\/posts\/78054","targetHints":{"allow":["GET"]}}],"collection":[{"href":"https:\/\/www.eltrabajo.cl\/2017\/wp-json\/wp\/v2\/posts"}],"about":[{"href":"https:\/\/www.eltrabajo.cl\/2017\/wp-json\/wp\/v2\/types\/post"}],"author":[{"embeddable":true,"href":"https:\/\/www.eltrabajo.cl\/2017\/wp-json\/wp\/v2\/users\/1"}],"replies":[{"embeddable":true,"href":"https:\/\/www.eltrabajo.cl\/2017\/wp-json\/wp\/v2\/comments?post=78054"}],"version-history":[{"count":1,"href":"https:\/\/www.eltrabajo.cl\/2017\/wp-json\/wp\/v2\/posts\/78054\/revisions"}],"predecessor-version":[{"id":78057,"href":"https:\/\/www.eltrabajo.cl\/2017\/wp-json\/wp\/v2\/posts\/78054\/revisions\/78057"}],"wp:featuredmedia":[{"embeddable":true,"href":"https:\/\/www.eltrabajo.cl\/2017\/wp-json\/wp\/v2\/media\/78055"}],"wp:attachment":[{"href":"https:\/\/www.eltrabajo.cl\/2017\/wp-json\/wp\/v2\/media?parent=78054"}],"wp:term":[{"taxonomy":"category","embeddable":true,"href":"https:\/\/www.eltrabajo.cl\/2017\/wp-json\/wp\/v2\/categories?post=78054"},{"taxonomy":"post_tag","embeddable":true,"href":"https:\/\/www.eltrabajo.cl\/2017\/wp-json\/wp\/v2\/tags?post=78054"}],"curies":[{"name":"wp","href":"https:\/\/api.w.org\/{rel}","templated":true}]}}