{"id":78094,"date":"2017-03-30T06:00:02","date_gmt":"2017-03-30T10:00:02","guid":{"rendered":"http:\/\/www.eltrabajo.cl\/2017\/?p=78094"},"modified":"2017-03-29T21:05:48","modified_gmt":"2017-03-30T01:05:48","slug":"preocupa-posible-cobro-de-estacionamiento-en-el-mall-espacio-urbano","status":"publish","type":"post","link":"https:\/\/www.eltrabajo.cl\/2017\/preocupa-posible-cobro-de-estacionamiento-en-el-mall-espacio-urbano\/","title":{"rendered":"Preocupa posible cobro de estacionamiento en el Mall Espacio Urbano"},"content":{"rendered":"<figure id=\"attachment_78096\" aria-describedby=\"caption-attachment-78096\" style=\"width: 580px\" class=\"wp-caption alignnone\"><img data-recalc-dims=\"1\" loading=\"lazy\" decoding=\"async\" class=\"size-full wp-image-78096\" src=\"https:\/\/i0.wp.com\/www.eltrabajo.cl\/2017\/wp-content\/uploads\/2017\/03\/Concejal-Nury-Tapia.jpg?resize=580%2C348\" alt=\"La Concejal Nury Tapia alert\u00f3 sobre eventuales cobros de estacionamientos en el Mall Espacio Urbano.\" width=\"580\" height=\"348\" srcset=\"https:\/\/i0.wp.com\/www.eltrabajo.cl\/2017\/wp-content\/uploads\/2017\/03\/Concejal-Nury-Tapia.jpg?w=580&amp;ssl=1 580w, https:\/\/i0.wp.com\/www.eltrabajo.cl\/2017\/wp-content\/uploads\/2017\/03\/Concejal-Nury-Tapia.jpg?resize=300%2C180&amp;ssl=1 300w, https:\/\/i0.wp.com\/www.eltrabajo.cl\/2017\/wp-content\/uploads\/2017\/03\/Concejal-Nury-Tapia.jpg?resize=150%2C90&amp;ssl=1 150w\" sizes=\"auto, (max-width: 580px) 100vw, 580px\" \/><figcaption id=\"caption-attachment-78096\" class=\"wp-caption-text\">La Concejal Nury Tapia alert\u00f3 sobre eventuales cobros de estacionamientos en el Mall Espacio Urbano.<\/figcaption><\/figure>\n<ul>\n<li><span style=\"color: #ff0000;\"><strong>Si bien hasta ahora son gratuitos, la Concejal Nury Tapia alert\u00f3 sobre eventuales cobros ya que al parecer la empresa eval\u00faa aplicar una tarifa por hora.<\/strong><\/span><\/li>\n<\/ul>\n<p><strong>LOS ANDES.-<\/strong> Su preocupaci\u00f3n por el eventual cobro por concepto de aparcamiento que estar\u00eda implementando el Mall Espacio Urbano a prop\u00f3sito de la entrada en vigencia de la nueva ley de estacionamiento, expres\u00f3 la concejal de Los Andes, Nury Tapia, quien no obstante reconoci\u00f3 que hasta el momento no ha tenido una confirmaci\u00f3n oficial por parte de la administraci\u00f3n del establecimiento comercial.<br \/>\nTapia agreg\u00f3 que ha recibido informaci\u00f3n y fotos de parte de usuarios del centro comercial, donde se muestra que se est\u00e1n instalando barreras, similares a las que hay en otros mall del pa\u00eds, con la finalidad de cobrar por estacionar.<br \/>\nNury Tapia se\u00f1al\u00f3 que si bien se trata de un recinto privado donde tiene plena facultad para cobrar o no estacionamiento, en caso de que se decida por lo primero se producir\u00e1 una grave situaci\u00f3n para la ciudad debido al d\u00e9ficit de estacionamientos y al elevado costo de los parqu\u00edmetros.<br \/>\nAsimismo, sostuvo que muchos trabajadores que laboran en las tiendas del Mall dejan sus autos estacionados en el lugar, raz\u00f3n por la cual eso producir\u00e1 una merma econ\u00f3mica en sus ingresos.<br \/>\nLa concejal sostuvo que solicitar\u00e1 una reuni\u00f3n con los administradores del Espacio Urbano a fin de poder clarificar esta situaci\u00f3n y saber a ciencia cierta si habr\u00e1 cobro de estacionamiento en el lugar, tanto en superficie o subterr\u00e1neo.<br \/>\nLa autoridad record\u00f3 que a ra\u00edz del contrato que firm\u00f3 la administraci\u00f3n del ex alcalde Navarro con la empresa de parqu\u00edmetros, la concesionaria cuenta con el monopolio de todos los estacionamientos en el centro de la ciudad y cualquier privado que quiera habilitar uno mediante cobro por tiempo utilizado, no puede hacerlo, lo cual atenta incluso con la necesidad que hoy tiene la ciudad de contar con m\u00e1s estacionamientos dado el gran parque vehicular que existe.<br \/>\nPor ello advirti\u00f3 que si el Espacio Urbano comienza a cobrar por estacionar, no habr\u00e1 lugares para poder absorber esa demanda de estacionamientos que hoy pueden aparcar en forma gratuita.<\/p>\n<figure id=\"attachment_78095\" aria-describedby=\"caption-attachment-78095\" style=\"width: 580px\" class=\"wp-caption alignnone\"><img data-recalc-dims=\"1\" loading=\"lazy\" decoding=\"async\" class=\"size-full wp-image-78095\" src=\"https:\/\/i0.wp.com\/www.eltrabajo.cl\/2017\/wp-content\/uploads\/2017\/03\/barreras-espacio.jpg?resize=580%2C349\" alt=\"Estas son las barreras que han despertado preocupaci\u00f3n entre clientes del centro comercial.\" width=\"580\" height=\"349\" srcset=\"https:\/\/i0.wp.com\/www.eltrabajo.cl\/2017\/wp-content\/uploads\/2017\/03\/barreras-espacio.jpg?w=580&amp;ssl=1 580w, https:\/\/i0.wp.com\/www.eltrabajo.cl\/2017\/wp-content\/uploads\/2017\/03\/barreras-espacio.jpg?resize=300%2C181&amp;ssl=1 300w, https:\/\/i0.wp.com\/www.eltrabajo.cl\/2017\/wp-content\/uploads\/2017\/03\/barreras-espacio.jpg?resize=150%2C90&amp;ssl=1 150w\" sizes=\"auto, (max-width: 580px) 100vw, 580px\" \/><figcaption id=\"caption-attachment-78095\" class=\"wp-caption-text\">Estas son las barreras que han despertado preocupaci\u00f3n entre clientes del centro comercial.<\/figcaption><\/figure>\n","protected":false},"excerpt":{"rendered":"<div class=\"mh-excerpt\"><p>Si bien hasta ahora son gratuitos, la Concejal Nury Tapia alert\u00f3 sobre eventuales cobros ya que al parecer la empresa eval\u00faa aplicar una tarifa por <a class=\"mh-excerpt-more\" href=\"https:\/\/www.eltrabajo.cl\/2017\/preocupa-posible-cobro-de-estacionamiento-en-el-mall-espacio-urbano\/\" title=\"Preocupa posible cobro de estacionamiento en el Mall Espacio Urbano\">[&#8230;]<\/a><\/p>\n<\/div>","protected":false},"author":1,"featured_media":78095,"comment_status":"open","ping_status":"open","sticky":false,"template":"","format":"standard","meta":{"_jetpack_newsletter_access":"","_jetpack_dont_email_post_to_subs":false,"_jetpack_newsletter_tier_id":0,"_jetpack_memberships_contains_paywalled_content":false,"_jetpack_memberships_contains_paid_content":false,"footnotes":""},"categories":[4],"tags":[],"class_list":["post-78094","post","type-post","status-publish","format-standard","has-post-thumbnail","hentry","category-cronica"],"nelio_content":{"autoShareEndMode":"never","automationSources":{"useCustomSentences":false,"customSentences":[]},"efiAlt":"","efiUrl":"","followers":[],"highlights":[],"isAutoShareEnabled":true,"networkImageIds":[],"permalinkQueryArgs":[],"series":[],"suggestedReferences":[]},"jetpack_featured_media_url":"https:\/\/i0.wp.com\/www.eltrabajo.cl\/2017\/wp-content\/uploads\/2017\/03\/barreras-espacio.jpg?fit=580%2C349&ssl=1","jetpack_sharing_enabled":true,"_links":{"self":[{"href":"https:\/\/www.eltrabajo.cl\/2017\/wp-json\/wp\/v2\/posts\/78094","targetHints":{"allow":["GET"]}}],"collection":[{"href":"https:\/\/www.eltrabajo.cl\/2017\/wp-json\/wp\/v2\/posts"}],"about":[{"href":"https:\/\/www.eltrabajo.cl\/2017\/wp-json\/wp\/v2\/types\/post"}],"author":[{"embeddable":true,"href":"https:\/\/www.eltrabajo.cl\/2017\/wp-json\/wp\/v2\/users\/1"}],"replies":[{"embeddable":true,"href":"https:\/\/www.eltrabajo.cl\/2017\/wp-json\/wp\/v2\/comments?post=78094"}],"version-history":[{"count":1,"href":"https:\/\/www.eltrabajo.cl\/2017\/wp-json\/wp\/v2\/posts\/78094\/revisions"}],"predecessor-version":[{"id":78097,"href":"https:\/\/www.eltrabajo.cl\/2017\/wp-json\/wp\/v2\/posts\/78094\/revisions\/78097"}],"wp:featuredmedia":[{"embeddable":true,"href":"https:\/\/www.eltrabajo.cl\/2017\/wp-json\/wp\/v2\/media\/78095"}],"wp:attachment":[{"href":"https:\/\/www.eltrabajo.cl\/2017\/wp-json\/wp\/v2\/media?parent=78094"}],"wp:term":[{"taxonomy":"category","embeddable":true,"href":"https:\/\/www.eltrabajo.cl\/2017\/wp-json\/wp\/v2\/categories?post=78094"},{"taxonomy":"post_tag","embeddable":true,"href":"https:\/\/www.eltrabajo.cl\/2017\/wp-json\/wp\/v2\/tags?post=78094"}],"curies":[{"name":"wp","href":"https:\/\/api.w.org\/{rel}","templated":true}]}}