{"id":78116,"date":"2017-03-31T06:00:15","date_gmt":"2017-03-31T10:00:15","guid":{"rendered":"http:\/\/www.eltrabajo.cl\/2017\/?p=78116"},"modified":"2017-03-30T22:05:20","modified_gmt":"2017-03-31T02:05:20","slug":"licitacion-nuevo-estadio-debiera-realizarse-segundo-semestre-de-este-ano","status":"publish","type":"post","link":"https:\/\/www.eltrabajo.cl\/2017\/licitacion-nuevo-estadio-debiera-realizarse-segundo-semestre-de-este-ano\/","title":{"rendered":"Licitaci\u00f3n nuevo estadio debiera realizarse segundo semestre de este a\u00f1o"},"content":{"rendered":"<figure id=\"attachment_78117\" aria-describedby=\"caption-attachment-78117\" style=\"width: 580px\" class=\"wp-caption alignnone\"><img data-recalc-dims=\"1\" loading=\"lazy\" decoding=\"async\" class=\"size-full wp-image-78117\" src=\"https:\/\/i0.wp.com\/www.eltrabajo.cl\/2017\/wp-content\/uploads\/2017\/03\/Claudio-Paredes.jpg?resize=580%2C348\" alt=\"Claudio Paredes, Secretario de Planificaci\u00f3n Comunal de la Municipalidad de San Felipe.\" width=\"580\" height=\"348\" srcset=\"https:\/\/i0.wp.com\/www.eltrabajo.cl\/2017\/wp-content\/uploads\/2017\/03\/Claudio-Paredes.jpg?w=580&amp;ssl=1 580w, https:\/\/i0.wp.com\/www.eltrabajo.cl\/2017\/wp-content\/uploads\/2017\/03\/Claudio-Paredes.jpg?resize=300%2C180&amp;ssl=1 300w, https:\/\/i0.wp.com\/www.eltrabajo.cl\/2017\/wp-content\/uploads\/2017\/03\/Claudio-Paredes.jpg?resize=150%2C90&amp;ssl=1 150w\" sizes=\"auto, (max-width: 580px) 100vw, 580px\" \/><figcaption id=\"caption-attachment-78117\" class=\"wp-caption-text\">Claudio Paredes, Secretario de Planificaci\u00f3n Comunal de la Municipalidad de San Felipe.<\/figcaption><\/figure>\n<ul>\n<li><strong><span style=\"color: #ff0000;\">Secplac San Felipe da por hecho que comienza a construirse el 2018:<\/span>\u00a0Por el momento, el proyecto entr\u00f3 en la etapa final de su fase de dise\u00f1o e ingres\u00f3 al Sistema de Evaluaci\u00f3n Ambiental, SEA.<\/strong><\/li>\n<\/ul>\n<p>Aunque el sanfelipe\u00f1o com\u00fan y corriente piensa que la posibilidad de contar con un nuevo estadio en el corto plazo es bastante remota y pareciera generarle una sensaci\u00f3n similar a la que provoca la f\u00e1bula infantil \u201cPedrito y el Lobo\u201d, en el municipio sanfelipe\u00f1o est\u00e1n convencidos de que este proyecto comenzar\u00e1 a concretarse antes de que termine el gobierno de la Presidenta Michelle Bachelet.<br \/>\nSi bien en alg\u00fan minuto circul\u00f3 la informaci\u00f3n que, debido a la restricci\u00f3n econ\u00f3mica que vive el pa\u00eds, la construcci\u00f3n de recintos deportivos se ver\u00eda postergada, el Secretario de Planificaci\u00f3n Comunal de la Municipalidad de San Felipe, Claudio Paredes, afirm\u00f3 que el proyecto de un Nuevo Estadio para San Felipe \u201ces una realidad, porque el dise\u00f1o est\u00e1 terminado\u201d.<br \/>\nParedes cont\u00f3 que mientras se resuelve la forma en que se habilitar\u00e1n los recursos que financiar\u00e1n la construcci\u00f3n del estadio, durante la semana reci\u00e9n pasada se efectu\u00f3 una visita al terreno donde se construir\u00e1 el recinto, pues el proyecto ya entr\u00f3 en la fase final de su etapa de dise\u00f1o. \u201cLa Consultor\u00eda que fue contratada por el IND (Instituto Nacional del Deporte) ya est\u00e1 en su t\u00e9rmino e ingres\u00f3 el proyecto al Sistema de Evaluaci\u00f3n Ambiental, SEA\u201d, asegur\u00f3 el profesional, argumentando que \u201ctodo este tipo de proyectos \u2013por su envergadura e inversi\u00f3n- se deben someter a este sistema, en este caso s\u00f3lo con una declaraci\u00f3n ambiental, porque es un impacto menor, por la zona, el lugar y las caracter\u00edsticas del proyecto, no pasa a llevar ning\u00fan elemento natural, ni ecosistema\u201d, explic\u00f3.<br \/>\nEl personero municipal asegur\u00f3 que \u201cel compromiso de la Presidenta (Bachelet) sigue bastante firme, porque el alcalde Freire al inicio del mes de marzo, concurri\u00f3 a una reuni\u00f3n con el Ministro del Deporte donde estaba el Director Nacional del IND y otras autoridades y all\u00ed se estableci\u00f3 que la licitaci\u00f3n se iba a realizar una vez que se termine el dise\u00f1o -el segundo semestre de este a\u00f1o-, de manera que las obras debieran comenzar el a\u00f1o 2018, eso fue reafirmado por la autoridad pol\u00edtica del ministerio del Deporte\u201d, a\u00f1adi\u00f3 el personero municipal.<br \/>\nDe acuerdo a lo informado por Paredes, junto con la reuni\u00f3n sostenida entre el alcalde sanfelipe\u00f1o y el Ministro del Deporte, posteriormente se han desarrollado dos encuentros con el Ministerio de Obras P\u00fablicas (MOP) -entidad encargada de la licitaci\u00f3n de las obras-, espec\u00edficamente con quien ser\u00e1 el inspector t\u00e9cnico de los trabajos.<br \/>\n\u201cHemos estado resolviendo temas t\u00e9cnicos, por lo tanto, lo que pretendemos como Municipalidad y lo que le hemos se\u00f1alado a la autoridad, es que una vez que est\u00e9 recomendado t\u00e9cnicamente el proyecto se proceda a la licitaci\u00f3n seg\u00fan ha sido el compromiso del Gobierno\u201d, reiter\u00f3 el Secplac.<br \/>\nRespecto de cu\u00e1les son los plazos que se deben cumplir, Paredes afirm\u00f3 que \u201cel primer semestre de este a\u00f1o debiera quedar aprobado el proyecto t\u00e9cnicamente, del dise\u00f1o con su presupuesto oficial, con las autorizaciones respectivas, en este caso estamos tramitando una autorizaci\u00f3n ante el Ministerio de Transportes, porque hay obras viales de mitigaci\u00f3n, tambi\u00e9n el MOP tiene su propia Carta Gantt de licitaci\u00f3n, la cual, debiera darse inicio en el segundo semestre del a\u00f1o 2017\u201d, concluy\u00f3.<\/p>\n<figure id=\"attachment_78118\" aria-describedby=\"caption-attachment-78118\" style=\"width: 580px\" class=\"wp-caption alignnone\"><img data-recalc-dims=\"1\" loading=\"lazy\" decoding=\"async\" class=\"size-full wp-image-78118\" src=\"https:\/\/i0.wp.com\/www.eltrabajo.cl\/2017\/wp-content\/uploads\/2017\/03\/FOTO-1-Maqueta.jpg?resize=580%2C349\" alt=\"El dise\u00f1o del nuevo estadio est\u00e1 listo asegur\u00f3 ewl Secplac Claudio Paredes, y este a\u00f1o se licitar\u00eda.\" width=\"580\" height=\"349\" srcset=\"https:\/\/i0.wp.com\/www.eltrabajo.cl\/2017\/wp-content\/uploads\/2017\/03\/FOTO-1-Maqueta.jpg?w=580&amp;ssl=1 580w, https:\/\/i0.wp.com\/www.eltrabajo.cl\/2017\/wp-content\/uploads\/2017\/03\/FOTO-1-Maqueta.jpg?resize=300%2C181&amp;ssl=1 300w, https:\/\/i0.wp.com\/www.eltrabajo.cl\/2017\/wp-content\/uploads\/2017\/03\/FOTO-1-Maqueta.jpg?resize=150%2C90&amp;ssl=1 150w\" sizes=\"auto, (max-width: 580px) 100vw, 580px\" \/><figcaption id=\"caption-attachment-78118\" class=\"wp-caption-text\">El dise\u00f1o del nuevo estadio est\u00e1 listo asegur\u00f3 ewl Secplac Claudio Paredes, y este a\u00f1o se licitar\u00eda.<\/figcaption><\/figure>\n","protected":false},"excerpt":{"rendered":"<div class=\"mh-excerpt\"><p>Secplac San Felipe da por hecho que comienza a construirse el 2018:\u00a0Por el momento, el proyecto entr\u00f3 en la etapa final de su fase de <a class=\"mh-excerpt-more\" href=\"https:\/\/www.eltrabajo.cl\/2017\/licitacion-nuevo-estadio-debiera-realizarse-segundo-semestre-de-este-ano\/\" title=\"Licitaci\u00f3n nuevo estadio debiera realizarse segundo semestre de este a\u00f1o\">[&#8230;]<\/a><\/p>\n<\/div>","protected":false},"author":1,"featured_media":78118,"comment_status":"open","ping_status":"open","sticky":false,"template":"","format":"standard","meta":{"_jetpack_newsletter_access":"","_jetpack_dont_email_post_to_subs":false,"_jetpack_newsletter_tier_id":0,"_jetpack_memberships_contains_paywalled_content":false,"_jetpack_memberships_contains_paid_content":false,"footnotes":""},"categories":[4],"tags":[],"class_list":["post-78116","post","type-post","status-publish","format-standard","has-post-thumbnail","hentry","category-cronica"],"nelio_content":{"autoShareEndMode":"never","automationSources":{"useCustomSentences":false,"customSentences":[]},"efiAlt":"","efiUrl":"","followers":[],"highlights":[],"isAutoShareEnabled":true,"networkImageIds":[],"permalinkQueryArgs":[],"series":[],"suggestedReferences":[]},"jetpack_featured_media_url":"https:\/\/i0.wp.com\/www.eltrabajo.cl\/2017\/wp-content\/uploads\/2017\/03\/FOTO-1-Maqueta.jpg?fit=580%2C349&ssl=1","jetpack_sharing_enabled":true,"_links":{"self":[{"href":"https:\/\/www.eltrabajo.cl\/2017\/wp-json\/wp\/v2\/posts\/78116","targetHints":{"allow":["GET"]}}],"collection":[{"href":"https:\/\/www.eltrabajo.cl\/2017\/wp-json\/wp\/v2\/posts"}],"about":[{"href":"https:\/\/www.eltrabajo.cl\/2017\/wp-json\/wp\/v2\/types\/post"}],"author":[{"embeddable":true,"href":"https:\/\/www.eltrabajo.cl\/2017\/wp-json\/wp\/v2\/users\/1"}],"replies":[{"embeddable":true,"href":"https:\/\/www.eltrabajo.cl\/2017\/wp-json\/wp\/v2\/comments?post=78116"}],"version-history":[{"count":1,"href":"https:\/\/www.eltrabajo.cl\/2017\/wp-json\/wp\/v2\/posts\/78116\/revisions"}],"predecessor-version":[{"id":78119,"href":"https:\/\/www.eltrabajo.cl\/2017\/wp-json\/wp\/v2\/posts\/78116\/revisions\/78119"}],"wp:featuredmedia":[{"embeddable":true,"href":"https:\/\/www.eltrabajo.cl\/2017\/wp-json\/wp\/v2\/media\/78118"}],"wp:attachment":[{"href":"https:\/\/www.eltrabajo.cl\/2017\/wp-json\/wp\/v2\/media?parent=78116"}],"wp:term":[{"taxonomy":"category","embeddable":true,"href":"https:\/\/www.eltrabajo.cl\/2017\/wp-json\/wp\/v2\/categories?post=78116"},{"taxonomy":"post_tag","embeddable":true,"href":"https:\/\/www.eltrabajo.cl\/2017\/wp-json\/wp\/v2\/tags?post=78116"}],"curies":[{"name":"wp","href":"https:\/\/api.w.org\/{rel}","templated":true}]}}