{"id":78123,"date":"2017-03-31T06:02:15","date_gmt":"2017-03-31T10:02:15","guid":{"rendered":"http:\/\/www.eltrabajo.cl\/2017\/?p=78123"},"modified":"2017-03-30T22:10:28","modified_gmt":"2017-03-31T02:10:28","slug":"nino-de-la-troya-de-trece-anos-ya-brilla-en-la-u-14-de-la-u-de-chile","status":"publish","type":"post","link":"https:\/\/www.eltrabajo.cl\/2017\/nino-de-la-troya-de-trece-anos-ya-brilla-en-la-u-14-de-la-u-de-chile\/","title":{"rendered":"Ni\u00f1o de La Troya de trece a\u00f1os ya brilla en la U-14 de la U. de Chile"},"content":{"rendered":"<figure id=\"attachment_78124\" aria-describedby=\"caption-attachment-78124\" style=\"width: 580px\" class=\"wp-caption alignnone\"><img data-recalc-dims=\"1\" loading=\"lazy\" decoding=\"async\" class=\"size-full wp-image-78124\" src=\"https:\/\/i0.wp.com\/www.eltrabajo.cl\/2017\/wp-content\/uploads\/2017\/03\/Matias-Entrenamientos1.jpg?resize=580%2C349\" alt=\"\u00c9CHALE GANAS.- As\u00ed de intenso y buscador del gol como lo vemos en esta gr\u00e1fica, as\u00ed es el joven Mat\u00edas Fern\u00e1ndez, un ni\u00f1o de la Troya que viaja varias veces por semana a desarrollar sus entrenamientos en Santiago.\" width=\"580\" height=\"349\" srcset=\"https:\/\/i0.wp.com\/www.eltrabajo.cl\/2017\/wp-content\/uploads\/2017\/03\/Matias-Entrenamientos1.jpg?w=580&amp;ssl=1 580w, https:\/\/i0.wp.com\/www.eltrabajo.cl\/2017\/wp-content\/uploads\/2017\/03\/Matias-Entrenamientos1.jpg?resize=300%2C181&amp;ssl=1 300w, https:\/\/i0.wp.com\/www.eltrabajo.cl\/2017\/wp-content\/uploads\/2017\/03\/Matias-Entrenamientos1.jpg?resize=150%2C90&amp;ssl=1 150w\" sizes=\"auto, (max-width: 580px) 100vw, 580px\" \/><figcaption id=\"caption-attachment-78124\" class=\"wp-caption-text\">\u00c9CHALE GANAS.- As\u00ed de intenso y buscador del gol como lo vemos en esta gr\u00e1fica, as\u00ed es el joven Mat\u00edas Fern\u00e1ndez, un ni\u00f1o de la Troya que viaja varias veces por semana a desarrollar sus entrenamientos en Santiago.<\/figcaption><\/figure>\n<ul>\n<li><span style=\"color: #ff0000;\"><strong>Mat\u00edas Fern\u00e1ndez sabe lo que quiere y sue\u00f1a con llegar lejos:<\/strong><\/span><\/li>\n<\/ul>\n<p>Quiz\u00e1 hoy en Diario El Trabajo estemos escribiendo la primera cr\u00f3nica de un virtual gigante del f\u00fatbol; quiz\u00e1 s\u00f3lo se trate de un registro period\u00edstico de una joven promesa del f\u00fatbol, pero sea por A o por B, lo cierto del caso es que desde febrero de este a\u00f1o en La Troya no se habla de otra cosa que no sea del \u2018Mati\u2019 Fern\u00e1ndez.<br \/>\nSe trata de Mat\u00edas Fern\u00e1ndez Figueroa, un ni\u00f1o de apenas trece a\u00f1os quien desde sus cinco a\u00f1os juega a la pelota en su barrio, pero que desde que se incorpor\u00f3 a las filas juveniles de Uni\u00f3n San Felipe en 2014, dio claros indicios de tener un excelente manejo del bal\u00f3n en su poder, potencia de ataque y gran agilidad como punta de lanza, al punto que ya cosech\u00f3 cinco anotaciones en partidos disputados en su categor\u00eda ante otros clubes vistiendo la azul de la Universidad de Chile.<\/p>\n<p><strong>EN LA U. DE CHILE<\/strong><br \/>\nSeg\u00fan su familia, Mat\u00edas fue llamado en los \u00faltimos meses por Colo Colo y la U. Cat\u00f3lica, pero en ambas oportunidades las conversaciones entre el Un\u00ed y estos grandes clubes fue infructuosa, hasta que el chico fue incorporado a los entrenamientos de este club.<br \/>\n\u00abMis entrenamientos los estoy desarrollando en Santiago. Fue don H\u00e9ctor Roco quien me inici\u00f3 en este tema del f\u00fatbol, \u00e9l me ayud\u00f3 a so\u00f1ar y por eso le estoy agradecido, tambi\u00e9n a mi familia y profesores del colegio. Mi sue\u00f1o es llegar lo m\u00e1s lejos que pueda, llegar alg\u00fan d\u00eda al f\u00fatbol profesional, creo que todo es posible si me esfuerzo bastante y si me dan la oportunidad\u00bb, coment\u00f3 a Diario El Trabajo el joven futbolista, quien es nieto del \u2018Chico\u2019 Figueroa, exfutbolista amateur de nuestra zona.<\/p>\n<p><strong>FAMILIA ORGULLOSA<\/strong><br \/>\nNuestro medio tambi\u00e9n habl\u00f3 con la bella hermana de Mat\u00edas. Javiera Fern\u00e1ndez, \u00abyo como hermana y de hecho toda la familia del Mat\u00edas estamos muy ilusionados con estos entrenamientos. Vemos que es posible que se haga un Futuro en ese deporte, \u00e9l desde chiquitito que viene jugando a la pelota y ahora el saber que ya est\u00e1 en la U14 de la U. de Chile, pues para \u00e9l es prometedor el panorama\u00bb, dijo la joven.<\/p>\n<p><strong>EXPERTO OPINA<\/strong><br \/>\nPero \u00bfqu\u00e9 dicen los expertos de Mat\u00edas?, \u00bfpor qu\u00e9 este chico ya est\u00e1 en la antesala del f\u00fatbol profesional con tan s\u00f3lo trece a\u00f1os?, Diario El Trabajo habl\u00f3 con H\u00e9ctor \u2018\u00cddolo\u2019 Roco Lucero, figura del f\u00fatbol y actual formador de talentos, \u00abMat\u00edas se inici\u00f3 en un proceso de escuelas formativas de la Municipalidad de San Felipe, en el que yo trabajo en el sector La Troya. Desde ah\u00ed vi que el ni\u00f1o tiene condiciones diferentes a los dem\u00e1s chicos, su velocidad, dribling y claridad para definir en el \u00e1rea. Con mi hijo H\u00e9ctor, quien trabajamos juntos, fuimos entonces form\u00e1ndole y fortaleciendo sus cualidades. Este ni\u00f1o ya se ha fogueado en s\u00f3lidos clubes del pa\u00eds como Santiago Wanderers, Everton y U. de Chile, cuando \u00e9l se formaba en nuestra escuela formativa, lleg\u00f3 al Un\u00ed Un\u00ed y desde esa plataforma los clubes m\u00e1s grandes lo empezaron a pedir\u00bb, dijo Roco.<br \/>\nAs\u00ed las cosas, Roco se mostr\u00f3 muy motivado con este fichaje al joven sanfelipe\u00f1o, de qui\u00e9n \u00e9l se considera su admirador y tutor.<br \/>\n<strong>Roberto Gonz\u00e1lez Short<\/strong><\/p>\n<figure id=\"attachment_78125\" aria-describedby=\"caption-attachment-78125\" style=\"width: 580px\" class=\"wp-caption alignnone\"><img data-recalc-dims=\"1\" loading=\"lazy\" decoding=\"async\" class=\"size-full wp-image-78125\" src=\"https:\/\/i0.wp.com\/www.eltrabajo.cl\/2017\/wp-content\/uploads\/2017\/03\/Matias-Fernandez.jpg?resize=580%2C349\" alt=\"Mat\u00edas Fern\u00e1ndez Figueroa, integrante de la U14 de la U. de Chile.\" width=\"580\" height=\"349\" srcset=\"https:\/\/i0.wp.com\/www.eltrabajo.cl\/2017\/wp-content\/uploads\/2017\/03\/Matias-Fernandez.jpg?w=580&amp;ssl=1 580w, https:\/\/i0.wp.com\/www.eltrabajo.cl\/2017\/wp-content\/uploads\/2017\/03\/Matias-Fernandez.jpg?resize=300%2C181&amp;ssl=1 300w, https:\/\/i0.wp.com\/www.eltrabajo.cl\/2017\/wp-content\/uploads\/2017\/03\/Matias-Fernandez.jpg?resize=150%2C90&amp;ssl=1 150w\" sizes=\"auto, (max-width: 580px) 100vw, 580px\" \/><figcaption id=\"caption-attachment-78125\" class=\"wp-caption-text\">Mat\u00edas Fern\u00e1ndez Figueroa, integrante de la U14 de la U. de Chile.<\/figcaption><\/figure>\n<figure id=\"attachment_78126\" aria-describedby=\"caption-attachment-78126\" style=\"width: 580px\" class=\"wp-caption alignnone\"><img data-recalc-dims=\"1\" loading=\"lazy\" decoding=\"async\" class=\"size-full wp-image-78126\" src=\"https:\/\/i0.wp.com\/www.eltrabajo.cl\/2017\/wp-content\/uploads\/2017\/03\/Matias-Hector-Roco.jpg?resize=580%2C349\" alt=\"H\u00e9ctor \u2018\u00cddolo\u2019 Roco Lucero, figura del f\u00fatbol y actual formador de talentos.\" width=\"580\" height=\"349\" srcset=\"https:\/\/i0.wp.com\/www.eltrabajo.cl\/2017\/wp-content\/uploads\/2017\/03\/Matias-Hector-Roco.jpg?w=580&amp;ssl=1 580w, https:\/\/i0.wp.com\/www.eltrabajo.cl\/2017\/wp-content\/uploads\/2017\/03\/Matias-Hector-Roco.jpg?resize=300%2C181&amp;ssl=1 300w, https:\/\/i0.wp.com\/www.eltrabajo.cl\/2017\/wp-content\/uploads\/2017\/03\/Matias-Hector-Roco.jpg?resize=150%2C90&amp;ssl=1 150w\" sizes=\"auto, (max-width: 580px) 100vw, 580px\" \/><figcaption id=\"caption-attachment-78126\" class=\"wp-caption-text\">H\u00e9ctor \u2018\u00cddolo\u2019 Roco Lucero, figura del f\u00fatbol y actual formador de talentos.<\/figcaption><\/figure>\n<figure id=\"attachment_78127\" aria-describedby=\"caption-attachment-78127\" style=\"width: 580px\" class=\"wp-caption alignnone\"><img data-recalc-dims=\"1\" loading=\"lazy\" decoding=\"async\" class=\"size-full wp-image-78127\" src=\"https:\/\/i0.wp.com\/www.eltrabajo.cl\/2017\/wp-content\/uploads\/2017\/03\/Matias-JavieraFernandez.jpg?resize=580%2C349\" alt=\"Javiera Fern\u00e1ndez, hermana de Mat\u00edas.\" width=\"580\" height=\"349\" srcset=\"https:\/\/i0.wp.com\/www.eltrabajo.cl\/2017\/wp-content\/uploads\/2017\/03\/Matias-JavieraFernandez.jpg?w=580&amp;ssl=1 580w, https:\/\/i0.wp.com\/www.eltrabajo.cl\/2017\/wp-content\/uploads\/2017\/03\/Matias-JavieraFernandez.jpg?resize=300%2C181&amp;ssl=1 300w, https:\/\/i0.wp.com\/www.eltrabajo.cl\/2017\/wp-content\/uploads\/2017\/03\/Matias-JavieraFernandez.jpg?resize=150%2C90&amp;ssl=1 150w\" sizes=\"auto, (max-width: 580px) 100vw, 580px\" \/><figcaption id=\"caption-attachment-78127\" class=\"wp-caption-text\">Javiera Fern\u00e1ndez, hermana de Mat\u00edas.<\/figcaption><\/figure>\n","protected":false},"excerpt":{"rendered":"<div class=\"mh-excerpt\"><p>Mat\u00edas Fern\u00e1ndez sabe lo que quiere y sue\u00f1a con llegar lejos: Quiz\u00e1 hoy en Diario El Trabajo estemos escribiendo la primera cr\u00f3nica de un virtual <a class=\"mh-excerpt-more\" href=\"https:\/\/www.eltrabajo.cl\/2017\/nino-de-la-troya-de-trece-anos-ya-brilla-en-la-u-14-de-la-u-de-chile\/\" title=\"Ni\u00f1o de La Troya de trece a\u00f1os ya brilla en la U-14 de la U. de Chile\">[&#8230;]<\/a><\/p>\n<\/div>","protected":false},"author":1,"featured_media":78125,"comment_status":"open","ping_status":"open","sticky":false,"template":"","format":"standard","meta":{"_jetpack_newsletter_access":"","_jetpack_dont_email_post_to_subs":false,"_jetpack_newsletter_tier_id":0,"_jetpack_memberships_contains_paywalled_content":false,"_jetpack_memberships_contains_paid_content":false,"footnotes":""},"categories":[3],"tags":[],"class_list":["post-78123","post","type-post","status-publish","format-standard","has-post-thumbnail","hentry","category-comunidad"],"nelio_content":{"autoShareEndMode":"never","automationSources":{"useCustomSentences":false,"customSentences":[]},"efiAlt":"","efiUrl":"","followers":[],"highlights":[],"isAutoShareEnabled":true,"networkImageIds":[],"permalinkQueryArgs":[],"series":[],"suggestedReferences":[]},"jetpack_featured_media_url":"https:\/\/i0.wp.com\/www.eltrabajo.cl\/2017\/wp-content\/uploads\/2017\/03\/Matias-Fernandez.jpg?fit=580%2C349&ssl=1","jetpack_sharing_enabled":true,"_links":{"self":[{"href":"https:\/\/www.eltrabajo.cl\/2017\/wp-json\/wp\/v2\/posts\/78123","targetHints":{"allow":["GET"]}}],"collection":[{"href":"https:\/\/www.eltrabajo.cl\/2017\/wp-json\/wp\/v2\/posts"}],"about":[{"href":"https:\/\/www.eltrabajo.cl\/2017\/wp-json\/wp\/v2\/types\/post"}],"author":[{"embeddable":true,"href":"https:\/\/www.eltrabajo.cl\/2017\/wp-json\/wp\/v2\/users\/1"}],"replies":[{"embeddable":true,"href":"https:\/\/www.eltrabajo.cl\/2017\/wp-json\/wp\/v2\/comments?post=78123"}],"version-history":[{"count":1,"href":"https:\/\/www.eltrabajo.cl\/2017\/wp-json\/wp\/v2\/posts\/78123\/revisions"}],"predecessor-version":[{"id":78128,"href":"https:\/\/www.eltrabajo.cl\/2017\/wp-json\/wp\/v2\/posts\/78123\/revisions\/78128"}],"wp:featuredmedia":[{"embeddable":true,"href":"https:\/\/www.eltrabajo.cl\/2017\/wp-json\/wp\/v2\/media\/78125"}],"wp:attachment":[{"href":"https:\/\/www.eltrabajo.cl\/2017\/wp-json\/wp\/v2\/media?parent=78123"}],"wp:term":[{"taxonomy":"category","embeddable":true,"href":"https:\/\/www.eltrabajo.cl\/2017\/wp-json\/wp\/v2\/categories?post=78123"},{"taxonomy":"post_tag","embeddable":true,"href":"https:\/\/www.eltrabajo.cl\/2017\/wp-json\/wp\/v2\/tags?post=78123"}],"curies":[{"name":"wp","href":"https:\/\/api.w.org\/{rel}","templated":true}]}}