{"id":78129,"date":"2017-03-31T06:03:51","date_gmt":"2017-03-31T10:03:51","guid":{"rendered":"http:\/\/www.eltrabajo.cl\/2017\/?p=78129"},"modified":"2017-03-30T22:11:55","modified_gmt":"2017-03-31T02:11:55","slug":"inauguraran-primer-centro-atencion-a-personas-con-demencia-en-aconcagua","status":"publish","type":"post","link":"https:\/\/www.eltrabajo.cl\/2017\/inauguraran-primer-centro-atencion-a-personas-con-demencia-en-aconcagua\/","title":{"rendered":"Inaugurar\u00e1n primer centro atenci\u00f3n a personas con demencia en Aconcagua"},"content":{"rendered":"<figure id=\"attachment_78130\" aria-describedby=\"caption-attachment-78130\" style=\"width: 580px\" class=\"wp-caption alignnone\"><img data-recalc-dims=\"1\" loading=\"lazy\" decoding=\"async\" class=\"size-full wp-image-78130\" src=\"https:\/\/i0.wp.com\/www.eltrabajo.cl\/2017\/wp-content\/uploads\/2017\/03\/centro-salud-mental.jpg?resize=580%2C349\" alt=\"La Directora del Servicio de Salud Aconcagua, Dra. Vilma Olave, acompa\u00f1ada por el Jefe del Departamento de Salud Mental, Dr. Alvaro Aravena y por el encargado de este nuevo establecimiento Mario Labr\u00edn, adem\u00e1s de algunos profesionales que integrar\u00e1n su equipo de salud, visitaron las nuevas dependencias.\" width=\"580\" height=\"349\" srcset=\"https:\/\/i0.wp.com\/www.eltrabajo.cl\/2017\/wp-content\/uploads\/2017\/03\/centro-salud-mental.jpg?w=580&amp;ssl=1 580w, https:\/\/i0.wp.com\/www.eltrabajo.cl\/2017\/wp-content\/uploads\/2017\/03\/centro-salud-mental.jpg?resize=300%2C181&amp;ssl=1 300w, https:\/\/i0.wp.com\/www.eltrabajo.cl\/2017\/wp-content\/uploads\/2017\/03\/centro-salud-mental.jpg?resize=150%2C90&amp;ssl=1 150w\" sizes=\"auto, (max-width: 580px) 100vw, 580px\" \/><figcaption id=\"caption-attachment-78130\" class=\"wp-caption-text\">La Directora del Servicio de Salud Aconcagua, Dra. Vilma Olave, acompa\u00f1ada por el Jefe del Departamento de Salud Mental, Dr. Alvaro Aravena y por el encargado de este nuevo establecimiento Mario Labr\u00edn, adem\u00e1s de algunos profesionales que integrar\u00e1n su equipo de salud, visitaron las nuevas dependencias.<\/figcaption><\/figure>\n<ul>\n<li><strong>\u201cUn avance sin precedentes tendremos en el valle en los pr\u00f3ximos d\u00edas, cuando junto a la comunidad y autoridades presentemos estas nuevas dependencias y al equipo multiprofesional que dar\u00e1 atenci\u00f3n a personas adultas que padecen de demencia\u201d, se\u00f1al\u00f3 la Dra. Vilma Olave.<\/strong><\/li>\n<\/ul>\n<p>A pocos d\u00edas de ser entregado un nuevo dispositivo de salud que dar\u00e1 atenci\u00f3n a personas adultas que est\u00e9n en riesgo o padezcan de demencia, la Directora del Servicio de Salud Aconcagua, Dra. Vilma Olave, visit\u00f3 las nuevas dependencias y destac\u00f3 el impacto que tendr\u00e1n los servicios que por primera vez dispondr\u00e1 la gente de Aconcagua.<br \/>\nEn la ocasi\u00f3n tambi\u00e9n participaron el Jefe del Departamento de Salud Mental, Dr. Alvaro Aravena, y el encargado de este nuevo establecimiento, Mario Labr\u00edn, adem\u00e1s de algunos profesionales que integrar\u00e1n su equipo de salud.<br \/>\nAl concluir la visita y las reuniones de trabajo, la Dra. Vilma Olave se\u00f1al\u00f3: \u00abEstamos realizando esta visita con todo el equipo directivo del Servicio a este nuevo Centro de Atenci\u00f3n para Personas con Demencia que prontamente va a iniciar sus funciones para toda la comunidad del valle y que pr\u00f3ximamente estaremos inaugurando con la comunidad y las autoridades de la zona\u201d.<br \/>\nB\u00e1sicamente el centro, que llevar\u00e1 por nombre Quicalcura, agrupa a un equipo multidisciplinario que va a trabajar en todo el valle para aquellas personas que est\u00e9n en riesgo o padezcan de demencia. \u201cLo que ellos realizar\u00e1n est\u00e1 muy relacionado con la familia y el objetivo es tener un espacio de rehabilitaci\u00f3n y de atenci\u00f3n con psic\u00f3logos, kinesi\u00f3logos, terapeutas ocupacionales, fonoaudi\u00f3logos y m\u00e9dicos para rehabilitar todas las funciones de aquellos pacientes que presentan da\u00f1os producto de su demencia. Nuestro objetivo es poder expandir el trabajo de este equipo de profesionales a toda la red de atenci\u00f3n primaria de salud de Aconcagua\u201d, agreg\u00f3 Olave.<br \/>\nEste centro se va a inaugurar durante el mes de abril y es el primero en la regi\u00f3n y el tercero que estar\u00e1 en funcionamiento a nivel nacional. \u201cConcordante con los compromisos del Gobierno de la Presidenta Bachelet y de la Ministra de Salud, este es un avance sin precedentes que tendremos en el valle de Aconcagua y que nos ha significado una inversi\u00f3n de 130 millones de pesos el primer, a\u00f1o y con un presupuesto anual posteriormente de 120 millones de pesos\u201d, finaliz\u00f3 la Directora de Salud, Dra. Vilma Olave.<br \/>\nPor su parte, el Coordinador del Centro Quicalcura, Mario Labrin, expres\u00f3 que \u00abeste Centro es un dispositivo de atenci\u00f3n para personas y familias que presentan distintos tipos de demencias. Atenderemos principalmente a personas mayores de 60 a\u00f1os que presentan esas dificultades, especialmente en su etapa leve y moderada. La idea es mantener funcionalidad y enlentecer los procesos de deterioro de las personas, apoyar a las familias en autocuidado y saber enfrentar los deterioros. Realizaremos adem\u00e1s un trabajo con la comunidad, de manera que se pueda ir cambiando el concepto que ser adulto mayor sea considerado un sin\u00f3nimo de senilidad, porque muchos adultos mayores, gracias a sus estilos de vida, nunca desarrollan demencia\u00bb.<br \/>\nFinalmente, el Dr. Alvaro Aravena, Jefe del Departamento de Salud Mental del Servicio de Salud Aconcagua, agreg\u00f3 estar \u00abcontento pues estamos pudiendo desarrollar un modelo de red en salud mental, principalmente fortaleciendo la familia y a las personas, para que puedan mantenerse e integrarse activamente con un rol participativo en la comunidad. Las pol\u00edticas de vejez apuntan a un envejecimiento activo y digno, y con este Centro estamos en la direcci\u00f3n correcta. Esto viene a reforzar nuestra red de salud mental comunitaria del valle, lo cual ha sido uno de los ejes de esta Direcci\u00f3n de Servicio. Con este polo de desarrollo en salud mental en Los Andes, con lo que estamos haciendo en Llay Llay, con el trabajo potente en San Felipe y con la pr\u00f3xima puesta en marcha de lo que va a ser nuestro Centro Comunitario de Salud Mental en Los Andes, la red de la especialidad se fortalece y prestar\u00e1 un tremendo soporte a nuestra atenci\u00f3n primaria en todo el valle de Aconcagua\u00bb.<\/p>\n","protected":false},"excerpt":{"rendered":"<div class=\"mh-excerpt\"><p>\u201cUn avance sin precedentes tendremos en el valle en los pr\u00f3ximos d\u00edas, cuando junto a la comunidad y autoridades presentemos estas nuevas dependencias y al <a class=\"mh-excerpt-more\" href=\"https:\/\/www.eltrabajo.cl\/2017\/inauguraran-primer-centro-atencion-a-personas-con-demencia-en-aconcagua\/\" title=\"Inaugurar\u00e1n primer centro atenci\u00f3n a personas con demencia en Aconcagua\">[&#8230;]<\/a><\/p>\n<\/div>","protected":false},"author":1,"featured_media":78130,"comment_status":"open","ping_status":"open","sticky":false,"template":"","format":"standard","meta":{"_jetpack_newsletter_access":"","_jetpack_dont_email_post_to_subs":false,"_jetpack_newsletter_tier_id":0,"_jetpack_memberships_contains_paywalled_content":false,"_jetpack_memberships_contains_paid_content":false,"footnotes":""},"categories":[4],"tags":[],"class_list":["post-78129","post","type-post","status-publish","format-standard","has-post-thumbnail","hentry","category-cronica"],"nelio_content":{"autoShareEndMode":"never","automationSources":{"useCustomSentences":false,"customSentences":[]},"efiAlt":"","efiUrl":"","followers":[],"highlights":[],"isAutoShareEnabled":true,"networkImageIds":[],"permalinkQueryArgs":[],"series":[],"suggestedReferences":[]},"jetpack_featured_media_url":"https:\/\/i0.wp.com\/www.eltrabajo.cl\/2017\/wp-content\/uploads\/2017\/03\/centro-salud-mental.jpg?fit=580%2C349&ssl=1","jetpack_sharing_enabled":true,"_links":{"self":[{"href":"https:\/\/www.eltrabajo.cl\/2017\/wp-json\/wp\/v2\/posts\/78129","targetHints":{"allow":["GET"]}}],"collection":[{"href":"https:\/\/www.eltrabajo.cl\/2017\/wp-json\/wp\/v2\/posts"}],"about":[{"href":"https:\/\/www.eltrabajo.cl\/2017\/wp-json\/wp\/v2\/types\/post"}],"author":[{"embeddable":true,"href":"https:\/\/www.eltrabajo.cl\/2017\/wp-json\/wp\/v2\/users\/1"}],"replies":[{"embeddable":true,"href":"https:\/\/www.eltrabajo.cl\/2017\/wp-json\/wp\/v2\/comments?post=78129"}],"version-history":[{"count":1,"href":"https:\/\/www.eltrabajo.cl\/2017\/wp-json\/wp\/v2\/posts\/78129\/revisions"}],"predecessor-version":[{"id":78131,"href":"https:\/\/www.eltrabajo.cl\/2017\/wp-json\/wp\/v2\/posts\/78129\/revisions\/78131"}],"wp:featuredmedia":[{"embeddable":true,"href":"https:\/\/www.eltrabajo.cl\/2017\/wp-json\/wp\/v2\/media\/78130"}],"wp:attachment":[{"href":"https:\/\/www.eltrabajo.cl\/2017\/wp-json\/wp\/v2\/media?parent=78129"}],"wp:term":[{"taxonomy":"category","embeddable":true,"href":"https:\/\/www.eltrabajo.cl\/2017\/wp-json\/wp\/v2\/categories?post=78129"},{"taxonomy":"post_tag","embeddable":true,"href":"https:\/\/www.eltrabajo.cl\/2017\/wp-json\/wp\/v2\/tags?post=78129"}],"curies":[{"name":"wp","href":"https:\/\/api.w.org\/{rel}","templated":true}]}}