{"id":78132,"date":"2017-03-31T06:04:27","date_gmt":"2017-03-31T10:04:27","guid":{"rendered":"http:\/\/www.eltrabajo.cl\/2017\/?p=78132"},"modified":"2017-03-30T22:17:58","modified_gmt":"2017-03-31T02:17:58","slug":"alumnas-involucradas-en-rina-podrian-ser-reubicadas-en-otro-colegio","status":"publish","type":"post","link":"https:\/\/www.eltrabajo.cl\/2017\/alumnas-involucradas-en-rina-podrian-ser-reubicadas-en-otro-colegio\/","title":{"rendered":"Alumnas involucradas en ri\u00f1a podr\u00edan ser reubicadas en otro colegio"},"content":{"rendered":"<figure id=\"attachment_78134\" aria-describedby=\"caption-attachment-78134\" style=\"width: 580px\" class=\"wp-caption alignnone\"><img data-recalc-dims=\"1\" loading=\"lazy\" decoding=\"async\" class=\"size-full wp-image-78134\" src=\"https:\/\/i0.wp.com\/www.eltrabajo.cl\/2017\/wp-content\/uploads\/2017\/03\/ivan-silva-daem.jpg?resize=580%2C349\" alt=\"Iv\u00e1n Silva, director de la DAEM San Felipe.\" width=\"580\" height=\"349\" srcset=\"https:\/\/i0.wp.com\/www.eltrabajo.cl\/2017\/wp-content\/uploads\/2017\/03\/ivan-silva-daem.jpg?w=580&amp;ssl=1 580w, https:\/\/i0.wp.com\/www.eltrabajo.cl\/2017\/wp-content\/uploads\/2017\/03\/ivan-silva-daem.jpg?resize=300%2C181&amp;ssl=1 300w, https:\/\/i0.wp.com\/www.eltrabajo.cl\/2017\/wp-content\/uploads\/2017\/03\/ivan-silva-daem.jpg?resize=150%2C90&amp;ssl=1 150w\" sizes=\"auto, (max-width: 580px) 100vw, 580px\" \/><figcaption id=\"caption-attachment-78134\" class=\"wp-caption-text\">Iv\u00e1n Silva, director de la DAEM San Felipe.<\/figcaption><\/figure>\n<ul>\n<li><strong>Daem ya design\u00f3 nuevo Inspector de Patio para Liceo San Felipe:\u00a0<span style=\"color: #ff0000;\">Tras incidente del lunes que involucr\u00f3 a estudiante y apoderados<\/span>, ser\u00e1n \u00e9stos \u00faltimos quienes decidan continuar o no su proceso educativo en el mismo liceo.<\/strong><\/li>\n<\/ul>\n<p>La Direcci\u00f3n de Administraci\u00f3n de Educaci\u00f3n Municipal (Daem) de San Felipe, ya ha ejecutado varias acciones en los d\u00edas postreros al violento incidente que el pasado lunes involucr\u00f3 a parte de la comunidad educativa del Liceo San Felipe, y que trajo consigo una serie de solicitudes por parte de los padres y apoderados del establecimiento.<br \/>\nJunto con mantener continuas reuniones con el equipo psicosocial del recinto educativo, Iv\u00e1n Silva Padilla, Director de la Daem San Felipe, cont\u00f3 que durante la jornada de ayer jueves se dio cumplimiento a uno de los requerimientos prioritarios exigidos por los apoderados, y que dec\u00eda relaci\u00f3n con aumentar la vigilancia dentro del establecimiento; \u201cespec\u00edficamente un inspector de patio, que inspire un poquito m\u00e1s de respeto, que sea una persona m\u00e1s joven y que hoy (ayer) ya se les envi\u00f3\u201d, sostuvo Silva<br \/>\nDe forma paralela, los profesionales que integran el equipo psicosocial del Liceo, junto con los apoderados de las alumnas involucradas en el incidente, est\u00e1n analizando la posibilidad de mantenerlas en el Liceo, o de trasladarlas a otro recinto donde no est\u00e9n expuestas a otro hecho de esta naturaleza.<br \/>\nSeg\u00fan el director de la Daem, desde el municipio se debe \u201casegurar la educaci\u00f3n para todos los ni\u00f1os, independiente de lo que hagan\u201d, aunque el establecimiento tambi\u00e9n tiene la facultad de exigir el cumplimiento de \u201calgunas cosas que s\u00ed tienen que cumplir\u201d. De todas formas, Silva confirm\u00f3 que en caso que los apoderados decidan llevarse a las alumnas involucradas, el Daem les garantizar\u00e1 la posibilidad de continuar sus estudios en otro establecimiento de la comuna.<br \/>\n\u201cLa apoderada que estaba involucrada, ya no va a ser apoderada de la ni\u00f1a que estaba ah\u00ed, y respecto de las ni\u00f1as que participaron en el incidente, por lo que me informa la directora (del Liceo San Felipe), est\u00e1n ellos (los apoderados) viendo la posibilidad de retirarse del Liceo\u2026 ellas piensan que esto va a seguir, como yo expliqu\u00e9, esto es una rencilla dentro de una familia, que ocurri\u00f3 lamentablemente en el Liceo y en base a eso ellos est\u00e1n pensando y discutiendo con los psic\u00f3logos la posibilidad de retirarlas del liceo\u201d, agreg\u00f3 el mandam\u00e1s de la Daem.<br \/>\nSilva hizo un llamado a la calma e insisti\u00f3 en que esta situaci\u00f3n tuvo un car\u00e1cter fortuito, ya que, desde hace mucho tiempo que en el Liceo San Felipe no se viv\u00eda un episodio de este tipo. Adem\u00e1s, record\u00f3 que, precisamente, la inclusi\u00f3n de los equipos psicosociales este a\u00f1o en la educaci\u00f3n p\u00fablica, tiene como objetivo trabajar en temas de convivencia escolar con apoderados, alumnos y docentes.<br \/>\nCabe destacar que una de las solicitudes que est\u00e1 en camino de ser saldada, es la realizada por la administraci\u00f3n del establecimiento y que se refiere a la posibilidad de contar con intercomunicadores (WalkieTalkie), instrumentos que ya fueron cotizados y que debieran ser entregados durante los pr\u00f3ximos d\u00edas.<\/p>\n<figure id=\"attachment_78133\" aria-describedby=\"caption-attachment-78133\" style=\"width: 580px\" class=\"wp-caption alignnone\"><img data-recalc-dims=\"1\" loading=\"lazy\" decoding=\"async\" class=\"size-full wp-image-78133\" src=\"https:\/\/i0.wp.com\/www.eltrabajo.cl\/2017\/wp-content\/uploads\/2017\/03\/Incidentes-1.jpg?resize=580%2C348\" alt=\"Hasta  el  Director biprovincial de Educaci\u00f3n lleg\u00f3 al Liceo San Felipe y dialog\u00f3 con los enardecidos apoderados tras los incidentes del lunes.\" width=\"580\" height=\"348\" srcset=\"https:\/\/i0.wp.com\/www.eltrabajo.cl\/2017\/wp-content\/uploads\/2017\/03\/Incidentes-1.jpg?w=580&amp;ssl=1 580w, https:\/\/i0.wp.com\/www.eltrabajo.cl\/2017\/wp-content\/uploads\/2017\/03\/Incidentes-1.jpg?resize=300%2C180&amp;ssl=1 300w, https:\/\/i0.wp.com\/www.eltrabajo.cl\/2017\/wp-content\/uploads\/2017\/03\/Incidentes-1.jpg?resize=150%2C90&amp;ssl=1 150w\" sizes=\"auto, (max-width: 580px) 100vw, 580px\" \/><figcaption id=\"caption-attachment-78133\" class=\"wp-caption-text\">Hasta el Director biprovincial de Educaci\u00f3n lleg\u00f3 al Liceo San Felipe y dialog\u00f3 con los enardecidos apoderados tras los incidentes del lunes.<\/figcaption><\/figure>\n","protected":false},"excerpt":{"rendered":"<div class=\"mh-excerpt\"><p>Daem ya design\u00f3 nuevo Inspector de Patio para Liceo San Felipe:\u00a0Tras incidente del lunes que involucr\u00f3 a estudiante y apoderados, ser\u00e1n \u00e9stos \u00faltimos quienes decidan <a class=\"mh-excerpt-more\" href=\"https:\/\/www.eltrabajo.cl\/2017\/alumnas-involucradas-en-rina-podrian-ser-reubicadas-en-otro-colegio\/\" title=\"Alumnas involucradas en ri\u00f1a podr\u00edan ser reubicadas en otro colegio\">[&#8230;]<\/a><\/p>\n<\/div>","protected":false},"author":1,"featured_media":78133,"comment_status":"open","ping_status":"open","sticky":false,"template":"","format":"standard","meta":{"_jetpack_newsletter_access":"","_jetpack_dont_email_post_to_subs":false,"_jetpack_newsletter_tier_id":0,"_jetpack_memberships_contains_paywalled_content":false,"_jetpack_memberships_contains_paid_content":false,"footnotes":""},"categories":[4],"tags":[],"class_list":["post-78132","post","type-post","status-publish","format-standard","has-post-thumbnail","hentry","category-cronica"],"nelio_content":{"autoShareEndMode":"never","automationSources":{"useCustomSentences":false,"customSentences":[]},"efiAlt":"","efiUrl":"","followers":[],"highlights":[],"isAutoShareEnabled":true,"networkImageIds":[],"permalinkQueryArgs":[],"series":[],"suggestedReferences":[]},"jetpack_featured_media_url":"https:\/\/i0.wp.com\/www.eltrabajo.cl\/2017\/wp-content\/uploads\/2017\/03\/Incidentes-1.jpg?fit=580%2C348&ssl=1","jetpack_sharing_enabled":true,"_links":{"self":[{"href":"https:\/\/www.eltrabajo.cl\/2017\/wp-json\/wp\/v2\/posts\/78132","targetHints":{"allow":["GET"]}}],"collection":[{"href":"https:\/\/www.eltrabajo.cl\/2017\/wp-json\/wp\/v2\/posts"}],"about":[{"href":"https:\/\/www.eltrabajo.cl\/2017\/wp-json\/wp\/v2\/types\/post"}],"author":[{"embeddable":true,"href":"https:\/\/www.eltrabajo.cl\/2017\/wp-json\/wp\/v2\/users\/1"}],"replies":[{"embeddable":true,"href":"https:\/\/www.eltrabajo.cl\/2017\/wp-json\/wp\/v2\/comments?post=78132"}],"version-history":[{"count":1,"href":"https:\/\/www.eltrabajo.cl\/2017\/wp-json\/wp\/v2\/posts\/78132\/revisions"}],"predecessor-version":[{"id":78135,"href":"https:\/\/www.eltrabajo.cl\/2017\/wp-json\/wp\/v2\/posts\/78132\/revisions\/78135"}],"wp:featuredmedia":[{"embeddable":true,"href":"https:\/\/www.eltrabajo.cl\/2017\/wp-json\/wp\/v2\/media\/78133"}],"wp:attachment":[{"href":"https:\/\/www.eltrabajo.cl\/2017\/wp-json\/wp\/v2\/media?parent=78132"}],"wp:term":[{"taxonomy":"category","embeddable":true,"href":"https:\/\/www.eltrabajo.cl\/2017\/wp-json\/wp\/v2\/categories?post=78132"},{"taxonomy":"post_tag","embeddable":true,"href":"https:\/\/www.eltrabajo.cl\/2017\/wp-json\/wp\/v2\/tags?post=78132"}],"curies":[{"name":"wp","href":"https:\/\/api.w.org\/{rel}","templated":true}]}}