{"id":78181,"date":"2017-04-04T06:02:59","date_gmt":"2017-04-04T10:02:59","guid":{"rendered":"http:\/\/www.eltrabajo.cl\/2017\/?p=78181"},"modified":"2017-04-03T22:02:50","modified_gmt":"2017-04-04T02:02:50","slug":"victima-de-cancer-muere-uno-de-los-duenos-fabrica-de-cecinas-aconcagua","status":"publish","type":"post","link":"https:\/\/www.eltrabajo.cl\/2017\/victima-de-cancer-muere-uno-de-los-duenos-fabrica-de-cecinas-aconcagua\/","title":{"rendered":"V\u00edctima de c\u00e1ncer muere uno de los due\u00f1os f\u00e1brica de cecinas Aconcagua"},"content":{"rendered":"<figure id=\"attachment_78183\" aria-describedby=\"caption-attachment-78183\" style=\"width: 580px\" class=\"wp-caption alignnone\"><img data-recalc-dims=\"1\" loading=\"lazy\" decoding=\"async\" class=\"size-full wp-image-78183\" src=\"https:\/\/i0.wp.com\/www.eltrabajo.cl\/2017\/wp-content\/uploads\/2017\/04\/Lazcano.jpg?resize=580%2C348\" alt=\"Ac\u00e1 vemos a Sergio Lazcano junto a su esposa e hija.\" width=\"580\" height=\"348\" srcset=\"https:\/\/i0.wp.com\/www.eltrabajo.cl\/2017\/wp-content\/uploads\/2017\/04\/Lazcano.jpg?w=580&amp;ssl=1 580w, https:\/\/i0.wp.com\/www.eltrabajo.cl\/2017\/wp-content\/uploads\/2017\/04\/Lazcano.jpg?resize=300%2C180&amp;ssl=1 300w, https:\/\/i0.wp.com\/www.eltrabajo.cl\/2017\/wp-content\/uploads\/2017\/04\/Lazcano.jpg?resize=150%2C90&amp;ssl=1 150w\" sizes=\"auto, (max-width: 580px) 100vw, 580px\" \/><figcaption id=\"caption-attachment-78183\" class=\"wp-caption-text\">Ac\u00e1 vemos a Sergio Lazcano junto a su esposa e hija.<\/figcaption><\/figure>\n<p>A la edad de 77 a\u00f1os y v\u00edctima de un c\u00e1ncer a la pr\u00f3stata falleci\u00f3 Sergio Lazcano C\u00e1diz, due\u00f1o de la empresa \u2018Cecinas Aconcagua\u2019.<br \/>\nSu deceso se produjo ayer lunes en horas de la tarde, en su casa, rodeado de su familia.<br \/>\nEn vida fue casado con Marta Vicencio Leiva, con quien tuvo tres hijos: J\u00e9sica Lazcano Leiva, Marcelo Lazcano Leiva y Cristian Lazcano Leiva.<br \/>\nCecinas Aconcagua fue creada por don H\u00e9ctor Caldera Castro, padrastro de Sergio, conocido y querido comerciante de la ciudad de San Felipe, quien por el a\u00f1o 1961 fund\u00f3 Cecinas Aconcagua. Con gran visi\u00f3n y emprendimiento, comienza a fabricar cecinas y jamones, los que distribuye en su propia ciudad, luego en localidades cercanas como Los Andes, Santa Mar\u00eda, Rinconada, San Esteban.<br \/>\nLa iniciativa de don H\u00e9ctor comienza a tomar forma, adquiere algunas m\u00e1quinas y contrata maestros que le ayudan a desarrollar nuevos productos. En muy poco tiempo, chorizos, longanizas, arrollados y jamones ya forman parte de los nuevos productos de su emprendimiento. Crece tambi\u00e9n las localidades donde los comercializa, llegando a las ciudades de La Calera, Quillota, Quilpu\u00e9, Vi\u00f1a del Mar y Valpara\u00edso, desde entonces, las exquisitas cecinas Aconcagua deleitan los paladares de los consumidores de estas ciudades.<br \/>\nHa pasado el tiempo y su legado contin\u00faa, hoy en manos de sus hijos y nietos, motivados por conservar la tradici\u00f3n artesanal de Cecinas Aconcagua, han puesto su coraz\u00f3n en seguir con su emprendimiento sin perder de vista la filosof\u00eda que \u00e9l dej\u00f3: \u201cConservar la Tradici\u00f3n Artesanal\u201d.<br \/>\nActualmente la administraci\u00f3n de Cecinas Aconcagua, cuyo producto estrella era \u201cla Caldera\u201d, estaba a cargo de Sergio (QEPD) y su hermana Rina Caldera C\u00e1diz.<br \/>\nSeg\u00fan los familiares, lo que est\u00e1 claro que sus restos van a ser velados en la Capilla Santa Joquina de la Poblaci\u00f3n Santa Elisa y el funeral en el Parque de Auco, horarios por confirmar.<\/p>\n<figure id=\"attachment_78182\" aria-describedby=\"caption-attachment-78182\" style=\"width: 580px\" class=\"wp-caption alignnone\"><img data-recalc-dims=\"1\" loading=\"lazy\" decoding=\"async\" class=\"size-full wp-image-78182\" src=\"https:\/\/i0.wp.com\/www.eltrabajo.cl\/2017\/wp-content\/uploads\/2017\/04\/Lazcano-2.jpg?resize=580%2C349\" alt=\"En esta imagen se aprecia a Sergio Lazcano junto a su hijo Cristian.\" width=\"580\" height=\"349\" srcset=\"https:\/\/i0.wp.com\/www.eltrabajo.cl\/2017\/wp-content\/uploads\/2017\/04\/Lazcano-2.jpg?w=580&amp;ssl=1 580w, https:\/\/i0.wp.com\/www.eltrabajo.cl\/2017\/wp-content\/uploads\/2017\/04\/Lazcano-2.jpg?resize=300%2C181&amp;ssl=1 300w, https:\/\/i0.wp.com\/www.eltrabajo.cl\/2017\/wp-content\/uploads\/2017\/04\/Lazcano-2.jpg?resize=150%2C90&amp;ssl=1 150w\" sizes=\"auto, (max-width: 580px) 100vw, 580px\" \/><figcaption id=\"caption-attachment-78182\" class=\"wp-caption-text\">En esta imagen se aprecia a Sergio Lazcano junto a su hijo Cristian.<\/figcaption><\/figure>\n","protected":false},"excerpt":{"rendered":"<div class=\"mh-excerpt\"><p>A la edad de 77 a\u00f1os y v\u00edctima de un c\u00e1ncer a la pr\u00f3stata falleci\u00f3 Sergio Lazcano C\u00e1diz, due\u00f1o de la empresa \u2018Cecinas Aconcagua\u2019. Su <a class=\"mh-excerpt-more\" href=\"https:\/\/www.eltrabajo.cl\/2017\/victima-de-cancer-muere-uno-de-los-duenos-fabrica-de-cecinas-aconcagua\/\" title=\"V\u00edctima de c\u00e1ncer muere uno de los due\u00f1os f\u00e1brica de cecinas Aconcagua\">[&#8230;]<\/a><\/p>\n<\/div>","protected":false},"author":1,"featured_media":78182,"comment_status":"open","ping_status":"open","sticky":false,"template":"","format":"standard","meta":{"_jetpack_newsletter_access":"","_jetpack_dont_email_post_to_subs":false,"_jetpack_newsletter_tier_id":0,"_jetpack_memberships_contains_paywalled_content":false,"_jetpack_memberships_contains_paid_content":false,"footnotes":""},"categories":[3],"tags":[],"class_list":["post-78181","post","type-post","status-publish","format-standard","has-post-thumbnail","hentry","category-comunidad"],"nelio_content":{"autoShareEndMode":"never","automationSources":{"useCustomSentences":false,"customSentences":[]},"efiAlt":"","efiUrl":"","followers":[],"highlights":[],"isAutoShareEnabled":true,"networkImageIds":[],"permalinkQueryArgs":[],"series":[],"suggestedReferences":[]},"jetpack_featured_media_url":"https:\/\/i0.wp.com\/www.eltrabajo.cl\/2017\/wp-content\/uploads\/2017\/04\/Lazcano-2.jpg?fit=580%2C349&ssl=1","jetpack_sharing_enabled":true,"_links":{"self":[{"href":"https:\/\/www.eltrabajo.cl\/2017\/wp-json\/wp\/v2\/posts\/78181","targetHints":{"allow":["GET"]}}],"collection":[{"href":"https:\/\/www.eltrabajo.cl\/2017\/wp-json\/wp\/v2\/posts"}],"about":[{"href":"https:\/\/www.eltrabajo.cl\/2017\/wp-json\/wp\/v2\/types\/post"}],"author":[{"embeddable":true,"href":"https:\/\/www.eltrabajo.cl\/2017\/wp-json\/wp\/v2\/users\/1"}],"replies":[{"embeddable":true,"href":"https:\/\/www.eltrabajo.cl\/2017\/wp-json\/wp\/v2\/comments?post=78181"}],"version-history":[{"count":1,"href":"https:\/\/www.eltrabajo.cl\/2017\/wp-json\/wp\/v2\/posts\/78181\/revisions"}],"predecessor-version":[{"id":78184,"href":"https:\/\/www.eltrabajo.cl\/2017\/wp-json\/wp\/v2\/posts\/78181\/revisions\/78184"}],"wp:featuredmedia":[{"embeddable":true,"href":"https:\/\/www.eltrabajo.cl\/2017\/wp-json\/wp\/v2\/media\/78182"}],"wp:attachment":[{"href":"https:\/\/www.eltrabajo.cl\/2017\/wp-json\/wp\/v2\/media?parent=78181"}],"wp:term":[{"taxonomy":"category","embeddable":true,"href":"https:\/\/www.eltrabajo.cl\/2017\/wp-json\/wp\/v2\/categories?post=78181"},{"taxonomy":"post_tag","embeddable":true,"href":"https:\/\/www.eltrabajo.cl\/2017\/wp-json\/wp\/v2\/tags?post=78181"}],"curies":[{"name":"wp","href":"https:\/\/api.w.org\/{rel}","templated":true}]}}