{"id":78204,"date":"2017-04-05T06:01:33","date_gmt":"2017-04-05T10:01:33","guid":{"rendered":"http:\/\/www.eltrabajo.cl\/2017\/?p=78204"},"modified":"2017-04-04T22:34:23","modified_gmt":"2017-04-05T02:34:23","slug":"joven-madre-de-tres-hijos-pide-ayuda-para-obtener-trabajo-y-vivienda","status":"publish","type":"post","link":"https:\/\/www.eltrabajo.cl\/2017\/joven-madre-de-tres-hijos-pide-ayuda-para-obtener-trabajo-y-vivienda\/","title":{"rendered":"Joven madre de tres hijos pide ayuda para obtener trabajo y vivienda"},"content":{"rendered":"<figure id=\"attachment_78205\" aria-describedby=\"caption-attachment-78205\" style=\"width: 580px\" class=\"wp-caption alignnone\"><img data-recalc-dims=\"1\" loading=\"lazy\" decoding=\"async\" class=\"size-full wp-image-78205\" src=\"https:\/\/i0.wp.com\/www.eltrabajo.cl\/2017\/wp-content\/uploads\/2017\/04\/Denuncia-Documentacion.jpg?resize=580%2C349\" alt=\"La Dideco de Santa Mar\u00eda, Maribel Mancilla, muestra a Diario El Trabajo la documentaci\u00f3n que acredita las muchas veces que el Municipio le ha ayudado a esta vecina.\" width=\"580\" height=\"349\" srcset=\"https:\/\/i0.wp.com\/www.eltrabajo.cl\/2017\/wp-content\/uploads\/2017\/04\/Denuncia-Documentacion.jpg?w=580&amp;ssl=1 580w, https:\/\/i0.wp.com\/www.eltrabajo.cl\/2017\/wp-content\/uploads\/2017\/04\/Denuncia-Documentacion.jpg?resize=300%2C181&amp;ssl=1 300w, https:\/\/i0.wp.com\/www.eltrabajo.cl\/2017\/wp-content\/uploads\/2017\/04\/Denuncia-Documentacion.jpg?resize=150%2C90&amp;ssl=1 150w\" sizes=\"auto, (max-width: 580px) 100vw, 580px\" \/><figcaption id=\"caption-attachment-78205\" class=\"wp-caption-text\">La Dideco de Santa Mar\u00eda, Maribel Mancilla, muestra a Diario El Trabajo la documentaci\u00f3n que acredita las muchas veces que el Municipio le ha ayudado a esta vecina.<\/figcaption><\/figure>\n<p>Un drama personal, y que arrastra a sus tres peque\u00f1os hijos, es el que vive Karen Sandoval Robles, una joven de 28 a\u00f1os de edad, vecina de Santa Mar\u00eda, quien se acerc\u00f3 ayer martes al Edificio Miguel Ricardo Juri, de Diario El Trabajo. Con ella hablamos para conocer de cerca el problema que vive con sus peque\u00f1os.<\/p>\n<p><strong>NI\u00d1OS EN PELIGRO<\/strong><br \/>\nSeg\u00fan la joven madre, ella est\u00e1 sin trabajo, tiene a uno de sus hijos de 10 a\u00f1os en el Hogar Pablo Sexto, mientras que los otros dos, de 7 y 5 a\u00f1os de edad, hace pocos d\u00edas los recuper\u00f3 del FAE (Programa de Familias de Acogida) de San Felipe.<br \/>\n\u00abSoy madre de tres ni\u00f1os, uno de diez, siete y cinco a\u00f1os, mi queja es que como soy una madre soltera he solicitado al Municipio alguna ayuda social, me ayudaron escasamente por un tiempo, pero luego dejaron de hacerlo, pues aseguran que yo puedo trabajar\u00bb, dijo Sandoval a Diario El Trabajo.<br \/>\nKaren ha rentado varios apartamentos, pero por razones a\u00fan no muy claras ella ha tenido que abandonar el lugar con sus hijos, moment\u00e1neamente no est\u00e1 incorporada a ning\u00fan programa ni trabaja.<br \/>\n\u00abYo vivo allegada en casa de otra madre soltera, quiero denunciar al alcalde Claudio Zurita por abandono, pues cuando llegaron los haitianos a la comuna, en Radio Orolonco hicieron una campa\u00f1a para conseguirles trabajo y ayuda, pero a m\u00ed no me ayudan, creo que si no tienes \u2018cu\u00f1a\u2019 en el municipio, no te ayudan. Mi problema se agrava porque si no logro acreditar que tengo trabajo y una vivienda, es muy probable que el Sename me quite a mis hijos\u00bb.<\/p>\n<p><strong>ALCALDE RESPONDE<\/strong><br \/>\nDiario El Trabajo habl\u00f3 con el alcalde de Santa Mar\u00eda, Claudio Zurita Ibarra, para conocer su punto de vista en respuesta a los dichos de la joven madre.<br \/>\n\u00abEn la Dideco (Direcci\u00f3n de Desarrollo Comunal) de nuestro municipio, hay documentos que acreditan que en la municipalidad de Santa Mar\u00eda, a esta vecina se le ha facilitado ayuda en varias oportunidades. En cuanto a lo que ella denuncia, asegurando que \u2018el Municipio le da trabajo a los haitianos haciendo campa\u00f1as en la Radio Orolonco\u2019, lo que puedo decir es que esa emisora ya no es municipal, no es la municipalidad quien manejamos ese medio de comunicaci\u00f3n, y finalmente sobre el tema que ella solicita, puntualmente una media agua, debo explicar desde hace muchos a\u00f1os nosotros no entregamos medias aguas, porque eso es entregar pobreza, ese tema no va con nosotros (\u2026) en este caso no se corta el cord\u00f3n umbilical con ella, si viene a nuestras oficinas pues con gusto se le seguir\u00e1 atendiendo y ayudando\u00bb, indic\u00f3 Zurita a nuestro medio.<\/p>\n<p><strong>PUERTAS ABIERTAS<\/strong><br \/>\nTambi\u00e9n solicitamos respuesta de este caso a Maribel Mancilla, Dideco del Municipio, quien nos explic\u00f3 que desde hace a\u00f1os a esta joven se le viene dando un acompa\u00f1amiento biopsicosocial, \u00abdesconozco cu\u00e1les son las razones que motivaron a la se\u00f1ora Karen Sandoval a denunciarnos p\u00fablicamente como un municipio que no le hemos apoyado. Ella durante varios a\u00f1os ha recibido ayuda con v\u00edveres para ella y sus tres hijos, medicamentos y hasta dinero efectivo para rentar casas, tambi\u00e9n ella recib\u00eda un acompa\u00f1amiento psicosocial de nuestra parte. Do\u00f1a Karen ingres\u00f3 al programa Seguridad y Oportunidades en 2015, en el que recibi\u00f3 asesor\u00edas e inserci\u00f3n laboral. La atenderemos cuando ella se acerque a nuestras oficinas para ver c\u00f3mo le ayudamos inicialmente con alguna soluci\u00f3n, pues aunque deseamos a veces hacer m\u00e1s, la Contralor\u00eda de la Rep\u00fablica nos proh\u00edbe otorgar soluciones completas de vivienda\u00bb, asegur\u00f3 Mancilla a Diario El Trabajo.<br \/>\n<strong>Roberto Gonz\u00e1lez Short<\/strong><\/p>\n<figure id=\"attachment_78206\" aria-describedby=\"caption-attachment-78206\" style=\"width: 580px\" class=\"wp-caption alignnone\"><img data-recalc-dims=\"1\" loading=\"lazy\" decoding=\"async\" class=\"size-full wp-image-78206\" src=\"https:\/\/i0.wp.com\/www.eltrabajo.cl\/2017\/wp-content\/uploads\/2017\/04\/Denuncia-Drama1.jpg?resize=580%2C349\" alt=\"DRAMA FAMILIAR.- A nuestra Sala de Redacci\u00f3n lleg\u00f3 esta joven madre para solicitar ayuda y tambi\u00e9n para denunciar un supuesto abandono social.\" width=\"580\" height=\"349\" srcset=\"https:\/\/i0.wp.com\/www.eltrabajo.cl\/2017\/wp-content\/uploads\/2017\/04\/Denuncia-Drama1.jpg?w=580&amp;ssl=1 580w, https:\/\/i0.wp.com\/www.eltrabajo.cl\/2017\/wp-content\/uploads\/2017\/04\/Denuncia-Drama1.jpg?resize=300%2C181&amp;ssl=1 300w, https:\/\/i0.wp.com\/www.eltrabajo.cl\/2017\/wp-content\/uploads\/2017\/04\/Denuncia-Drama1.jpg?resize=150%2C90&amp;ssl=1 150w\" sizes=\"auto, (max-width: 580px) 100vw, 580px\" \/><figcaption id=\"caption-attachment-78206\" class=\"wp-caption-text\">DRAMA FAMILIAR.- A nuestra Sala de Redacci\u00f3n lleg\u00f3 esta joven madre para solicitar ayuda y tambi\u00e9n para denunciar un supuesto abandono social.<\/figcaption><\/figure>\n","protected":false},"excerpt":{"rendered":"<div class=\"mh-excerpt\"><p>Un drama personal, y que arrastra a sus tres peque\u00f1os hijos, es el que vive Karen Sandoval Robles, una joven de 28 a\u00f1os de edad, <a class=\"mh-excerpt-more\" href=\"https:\/\/www.eltrabajo.cl\/2017\/joven-madre-de-tres-hijos-pide-ayuda-para-obtener-trabajo-y-vivienda\/\" title=\"Joven madre de tres hijos pide ayuda para obtener trabajo y vivienda\">[&#8230;]<\/a><\/p>\n<\/div>","protected":false},"author":1,"featured_media":78206,"comment_status":"open","ping_status":"open","sticky":false,"template":"","format":"standard","meta":{"_jetpack_newsletter_access":"","_jetpack_dont_email_post_to_subs":false,"_jetpack_newsletter_tier_id":0,"_jetpack_memberships_contains_paywalled_content":false,"_jetpack_memberships_contains_paid_content":false,"footnotes":""},"categories":[3],"tags":[],"class_list":["post-78204","post","type-post","status-publish","format-standard","has-post-thumbnail","hentry","category-comunidad"],"nelio_content":{"autoShareEndMode":"never","automationSources":{"useCustomSentences":false,"customSentences":[]},"efiAlt":"","efiUrl":"","followers":[],"highlights":[],"isAutoShareEnabled":true,"networkImageIds":[],"permalinkQueryArgs":[],"series":[],"suggestedReferences":[]},"jetpack_featured_media_url":"https:\/\/i0.wp.com\/www.eltrabajo.cl\/2017\/wp-content\/uploads\/2017\/04\/Denuncia-Drama1.jpg?fit=580%2C349&ssl=1","jetpack_sharing_enabled":true,"_links":{"self":[{"href":"https:\/\/www.eltrabajo.cl\/2017\/wp-json\/wp\/v2\/posts\/78204","targetHints":{"allow":["GET"]}}],"collection":[{"href":"https:\/\/www.eltrabajo.cl\/2017\/wp-json\/wp\/v2\/posts"}],"about":[{"href":"https:\/\/www.eltrabajo.cl\/2017\/wp-json\/wp\/v2\/types\/post"}],"author":[{"embeddable":true,"href":"https:\/\/www.eltrabajo.cl\/2017\/wp-json\/wp\/v2\/users\/1"}],"replies":[{"embeddable":true,"href":"https:\/\/www.eltrabajo.cl\/2017\/wp-json\/wp\/v2\/comments?post=78204"}],"version-history":[{"count":1,"href":"https:\/\/www.eltrabajo.cl\/2017\/wp-json\/wp\/v2\/posts\/78204\/revisions"}],"predecessor-version":[{"id":78207,"href":"https:\/\/www.eltrabajo.cl\/2017\/wp-json\/wp\/v2\/posts\/78204\/revisions\/78207"}],"wp:featuredmedia":[{"embeddable":true,"href":"https:\/\/www.eltrabajo.cl\/2017\/wp-json\/wp\/v2\/media\/78206"}],"wp:attachment":[{"href":"https:\/\/www.eltrabajo.cl\/2017\/wp-json\/wp\/v2\/media?parent=78204"}],"wp:term":[{"taxonomy":"category","embeddable":true,"href":"https:\/\/www.eltrabajo.cl\/2017\/wp-json\/wp\/v2\/categories?post=78204"},{"taxonomy":"post_tag","embeddable":true,"href":"https:\/\/www.eltrabajo.cl\/2017\/wp-json\/wp\/v2\/tags?post=78204"}],"curies":[{"name":"wp","href":"https:\/\/api.w.org\/{rel}","templated":true}]}}