{"id":78208,"date":"2017-04-05T06:02:32","date_gmt":"2017-04-05T10:02:32","guid":{"rendered":"http:\/\/www.eltrabajo.cl\/2017\/?p=78208"},"modified":"2017-04-04T22:36:42","modified_gmt":"2017-04-05T02:36:42","slug":"familias-usuarias-de-la-casa-azul-marcharon-por-la-plaza-de-armas","status":"publish","type":"post","link":"https:\/\/www.eltrabajo.cl\/2017\/familias-usuarias-de-la-casa-azul-marcharon-por-la-plaza-de-armas\/","title":{"rendered":"Familias usuarias de la &#8216;Casa Azul&#8217; marcharon por la Plaza de Armas"},"content":{"rendered":"<figure id=\"attachment_78209\" aria-describedby=\"caption-attachment-78209\" style=\"width: 580px\" class=\"wp-caption alignnone\"><img data-recalc-dims=\"1\" loading=\"lazy\" decoding=\"async\" class=\"size-full wp-image-78209\" src=\"https:\/\/i0.wp.com\/www.eltrabajo.cl\/2017\/wp-content\/uploads\/2017\/04\/julian-menor-autista-y-sus-padres.jpg?resize=580%2C349\" alt=\"Juan, Katherine y su hijo Juli\u00e1n, familia proveniente de la comuna de Llay Llay e integrante de Fundaci\u00f3n So\u00f1arte.\" width=\"580\" height=\"349\" srcset=\"https:\/\/i0.wp.com\/www.eltrabajo.cl\/2017\/wp-content\/uploads\/2017\/04\/julian-menor-autista-y-sus-padres.jpg?w=580&amp;ssl=1 580w, https:\/\/i0.wp.com\/www.eltrabajo.cl\/2017\/wp-content\/uploads\/2017\/04\/julian-menor-autista-y-sus-padres.jpg?resize=300%2C181&amp;ssl=1 300w, https:\/\/i0.wp.com\/www.eltrabajo.cl\/2017\/wp-content\/uploads\/2017\/04\/julian-menor-autista-y-sus-padres.jpg?resize=150%2C90&amp;ssl=1 150w\" sizes=\"auto, (max-width: 580px) 100vw, 580px\" \/><figcaption id=\"caption-attachment-78209\" class=\"wp-caption-text\">Juan, Katherine y su hijo Juli\u00e1n, familia proveniente de la comuna de Llay Llay e integrante de Fundaci\u00f3n So\u00f1arte.<\/figcaption><\/figure>\n<ul>\n<li><span style=\"color: #ff0000;\"><strong>Fundaci\u00f3n So\u00f1arte celebr\u00f3 el D\u00eda Internacional del Autismo en San Felipe:\u00a0<\/strong><\/span><\/li>\n<\/ul>\n<p>M\u00e1s de un centenar de personas se dieron cita en el principal centro c\u00edvico sanfelipe\u00f1o, para poder hacer visible e informar sobre esta \u201ccondici\u00f3n\u201d con la que conviven a diario y que sigue siendo estigmatizada por la sociedad.<br \/>\nJuan Valdenegro de 29 a\u00f1os, junto a su pareja Katherine Moreno de 24 a\u00f1os y su hijo Juli\u00e1n (5), fueron algunos de los participantes de la marcha organizada por Fundaci\u00f3n So\u00f1arte, con motivo de la conmemoraci\u00f3n del D\u00eda Internacional del Autismo, instancia que reuni\u00f3 a casi un centenar de familias usuarias de la \u201cCasa Azul\u201d de San Felipe.<br \/>\nRodeando la Plaza de Armas sanfelipe\u00f1a y vistiendo poleras azules, los usuarios y usuarias de este centro terap\u00e9utico, buscaban llamar la atenci\u00f3n de la comunidad y hacer visible la condici\u00f3n \u2013y no enfermedad- con la que deben convivir a diario.<br \/>\nEs el caso de Juli\u00e1n, quien est\u00e1 pr\u00f3ximo a cumplir 6 a\u00f1os de vida. El peque\u00f1o proveniente de la comuna de Llay-Llay padece Autismo Severo y desde hace un a\u00f1o que est\u00e1 atendi\u00e9ndose en Casa Azul. Seg\u00fan cuenta Juan \u2013padre del ni\u00f1o- hasta el momento en que lograron acceder a la Fundaci\u00f3n, la vida de esta familia llaylla\u00edna se hab\u00eda tornado sumamente dif\u00edcil, pues el Autismo es una condici\u00f3n que la Sociedad a\u00fan no sabe asimilar de buena forma.<br \/>\n\u201cLleg\u00f3 un momento en que nosotros no ten\u00edamos nada que hacer, yo incluso me enferm\u00e9, me dio un accidente vascular, estuve seis meses con una par\u00e1lisis debido a lo mismo, la sobrecarga que ten\u00edamos era demasiado porque no sab\u00edamos c\u00f3mo ayudar a nuestro hijo\u201d, relata su padre.<br \/>\nProducto de que la condici\u00f3n de Juli\u00e1n era extrema, el 2016 no fue recibido en ning\u00fan establecimiento educacional de la zona, \u201cen el colegio nos dec\u00edan que Juli\u00e1n ten\u00eda conductas muy ligadas al autismo, pero nosotros no cre\u00edmos mucho\u2026 empezamos a golpear puertas, no se nos abr\u00eda ninguna, el Servicio de Salud no es mucha la ayuda que presta a los ni\u00f1os con Autismo\u201d, agreg\u00f3 Juan.<br \/>\nTras buscar distintas opciones y de manera casi fortuita, fue a trav\u00e9s de las p\u00e1ginas de Diario El Trabajo, que Juan y Katherine se enteran de la inauguraci\u00f3n de la \u201cCasa Azul\u201d. Juliancito -como le llaman sus padres-tuvo la fortuna de recibir atenci\u00f3n inmediata en el recinto y desde ese momento, el ni\u00f1o ha experimentado una evoluci\u00f3n m\u00e1s que positiva y sus padres han aprendido a sobrellevar la condici\u00f3n de su hijo.<br \/>\n\u201cEn la fundaci\u00f3n los terapeutas comenzaron a hacer un trabajo con \u00e9l y a nosotros nos orientaron, porque desconoc\u00edamos lo que era el autismo y desde ah\u00ed hemos aprendido bastante gracias a nuestro hijo. La fundaci\u00f3n ha sido una ayuda muy grande para nosotros, porque a nuestro hijo no lo miran con otros ojos y a uno lo hacen sentir como en casa\u201d, argument\u00f3 Juan, refiri\u00e9ndose a la importancia que tiene Fundaci\u00f3n So\u00f1arte para muchas familias aconcag\u00fcinas.<br \/>\nRespecto de la marcha para conmemorar el D\u00eda Internacional del Autismo, el padre de Juli\u00e1n cree que es imprescindible realizar este tipo de actividades para \u201ccrear conciencia\u201d y que la sociedad entienda que el autismo no es una enfermedad, ni tampoco se trata de ni\u00f1os (as) malcriados (as).<br \/>\n\u201cA mucha gente no le gusta discriminar, pero lo hace igual\u2026 que exista m\u00e1s conciencia, m\u00e1s informaci\u00f3n\u2026 que la gente entienda que no se trata de ni\u00f1os \u2018fundidos\u2019 (SIC), no es as\u00ed, son crisis que ellos producen y la gente debe entenderlo\u201d, concluy\u00f3 Juan.<\/p>\n<figure id=\"attachment_78210\" aria-describedby=\"caption-attachment-78210\" style=\"width: 580px\" class=\"wp-caption alignnone\"><img data-recalc-dims=\"1\" loading=\"lazy\" decoding=\"async\" class=\"size-full wp-image-78210\" src=\"https:\/\/i0.wp.com\/www.eltrabajo.cl\/2017\/wp-content\/uploads\/2017\/04\/marcha-autismo1-1.jpg?resize=580%2C349\" alt=\"Vistiendo poleras azules, los usuarios y usuarias de la Casa Azul buscaban llamar la atenci\u00f3n de la comunidad y hacer visible la condici\u00f3n \u2013y no enfermedad- con la que deben convivir a diario.\" width=\"580\" height=\"349\" srcset=\"https:\/\/i0.wp.com\/www.eltrabajo.cl\/2017\/wp-content\/uploads\/2017\/04\/marcha-autismo1-1.jpg?w=580&amp;ssl=1 580w, https:\/\/i0.wp.com\/www.eltrabajo.cl\/2017\/wp-content\/uploads\/2017\/04\/marcha-autismo1-1.jpg?resize=300%2C181&amp;ssl=1 300w, https:\/\/i0.wp.com\/www.eltrabajo.cl\/2017\/wp-content\/uploads\/2017\/04\/marcha-autismo1-1.jpg?resize=150%2C90&amp;ssl=1 150w\" sizes=\"auto, (max-width: 580px) 100vw, 580px\" \/><figcaption id=\"caption-attachment-78210\" class=\"wp-caption-text\">Vistiendo poleras azules, los usuarios y usuarias de la Casa Azul buscaban llamar la atenci\u00f3n de la comunidad y hacer visible la condici\u00f3n \u2013y no enfermedad- con la que deben convivir a diario.<\/figcaption><\/figure>\n<figure id=\"attachment_78211\" aria-describedby=\"caption-attachment-78211\" style=\"width: 580px\" class=\"wp-caption alignnone\"><img data-recalc-dims=\"1\" loading=\"lazy\" decoding=\"async\" class=\"size-full wp-image-78211\" src=\"https:\/\/i0.wp.com\/www.eltrabajo.cl\/2017\/wp-content\/uploads\/2017\/04\/marcha-autismo1-2.jpg?resize=580%2C349\" alt=\"Familias usuarias de Casa Azul, marcharon por Plaza de Armas de San Felipe.\" width=\"580\" height=\"349\" srcset=\"https:\/\/i0.wp.com\/www.eltrabajo.cl\/2017\/wp-content\/uploads\/2017\/04\/marcha-autismo1-2.jpg?w=580&amp;ssl=1 580w, https:\/\/i0.wp.com\/www.eltrabajo.cl\/2017\/wp-content\/uploads\/2017\/04\/marcha-autismo1-2.jpg?resize=300%2C181&amp;ssl=1 300w, https:\/\/i0.wp.com\/www.eltrabajo.cl\/2017\/wp-content\/uploads\/2017\/04\/marcha-autismo1-2.jpg?resize=150%2C90&amp;ssl=1 150w\" sizes=\"auto, (max-width: 580px) 100vw, 580px\" \/><figcaption id=\"caption-attachment-78211\" class=\"wp-caption-text\">Familias usuarias de Casa Azul, marcharon por Plaza de Armas de San Felipe.<\/figcaption><\/figure>\n","protected":false},"excerpt":{"rendered":"<div class=\"mh-excerpt\"><p>Fundaci\u00f3n So\u00f1arte celebr\u00f3 el D\u00eda Internacional del Autismo en San Felipe:\u00a0 M\u00e1s de un centenar de personas se dieron cita en el principal centro c\u00edvico <a class=\"mh-excerpt-more\" href=\"https:\/\/www.eltrabajo.cl\/2017\/familias-usuarias-de-la-casa-azul-marcharon-por-la-plaza-de-armas\/\" title=\"Familias usuarias de la &#8216;Casa Azul&#8217; marcharon por la Plaza de Armas\">[&#8230;]<\/a><\/p>\n<\/div>","protected":false},"author":1,"featured_media":78210,"comment_status":"open","ping_status":"open","sticky":false,"template":"","format":"standard","meta":{"_jetpack_newsletter_access":"","_jetpack_dont_email_post_to_subs":false,"_jetpack_newsletter_tier_id":0,"_jetpack_memberships_contains_paywalled_content":false,"_jetpack_memberships_contains_paid_content":false,"footnotes":""},"categories":[3],"tags":[],"class_list":["post-78208","post","type-post","status-publish","format-standard","has-post-thumbnail","hentry","category-comunidad"],"nelio_content":{"autoShareEndMode":"never","automationSources":{"useCustomSentences":false,"customSentences":[]},"efiAlt":"","efiUrl":"","followers":[],"highlights":[],"isAutoShareEnabled":true,"networkImageIds":[],"permalinkQueryArgs":[],"series":[],"suggestedReferences":[]},"jetpack_featured_media_url":"https:\/\/i0.wp.com\/www.eltrabajo.cl\/2017\/wp-content\/uploads\/2017\/04\/marcha-autismo1-1.jpg?fit=580%2C349&ssl=1","jetpack_sharing_enabled":true,"_links":{"self":[{"href":"https:\/\/www.eltrabajo.cl\/2017\/wp-json\/wp\/v2\/posts\/78208","targetHints":{"allow":["GET"]}}],"collection":[{"href":"https:\/\/www.eltrabajo.cl\/2017\/wp-json\/wp\/v2\/posts"}],"about":[{"href":"https:\/\/www.eltrabajo.cl\/2017\/wp-json\/wp\/v2\/types\/post"}],"author":[{"embeddable":true,"href":"https:\/\/www.eltrabajo.cl\/2017\/wp-json\/wp\/v2\/users\/1"}],"replies":[{"embeddable":true,"href":"https:\/\/www.eltrabajo.cl\/2017\/wp-json\/wp\/v2\/comments?post=78208"}],"version-history":[{"count":1,"href":"https:\/\/www.eltrabajo.cl\/2017\/wp-json\/wp\/v2\/posts\/78208\/revisions"}],"predecessor-version":[{"id":78212,"href":"https:\/\/www.eltrabajo.cl\/2017\/wp-json\/wp\/v2\/posts\/78208\/revisions\/78212"}],"wp:featuredmedia":[{"embeddable":true,"href":"https:\/\/www.eltrabajo.cl\/2017\/wp-json\/wp\/v2\/media\/78210"}],"wp:attachment":[{"href":"https:\/\/www.eltrabajo.cl\/2017\/wp-json\/wp\/v2\/media?parent=78208"}],"wp:term":[{"taxonomy":"category","embeddable":true,"href":"https:\/\/www.eltrabajo.cl\/2017\/wp-json\/wp\/v2\/categories?post=78208"},{"taxonomy":"post_tag","embeddable":true,"href":"https:\/\/www.eltrabajo.cl\/2017\/wp-json\/wp\/v2\/tags?post=78208"}],"curies":[{"name":"wp","href":"https:\/\/api.w.org\/{rel}","templated":true}]}}