{"id":79095,"date":"2017-05-23T06:01:26","date_gmt":"2017-05-23T10:01:26","guid":{"rendered":"http:\/\/www.eltrabajo.cl\/2017\/?p=79095"},"modified":"2017-05-22T22:21:25","modified_gmt":"2017-05-23T02:21:25","slug":"doble-oficial-de-freddie-mercury-este-viernes-en-el-teatro-municipal","status":"publish","type":"post","link":"https:\/\/www.eltrabajo.cl\/2017\/doble-oficial-de-freddie-mercury-este-viernes-en-el-teatro-municipal\/","title":{"rendered":"Doble oficial de Freddie Mercury este viernes en el Teatro Municipal"},"content":{"rendered":"<figure id=\"attachment_79096\" aria-describedby=\"caption-attachment-79096\" style=\"width: 579px\" class=\"wp-caption alignnone\"><img data-recalc-dims=\"1\" loading=\"lazy\" decoding=\"async\" class=\"size-full wp-image-79096\" src=\"https:\/\/i0.wp.com\/www.eltrabajo.cl\/2017\/wp-content\/uploads\/2017\/05\/Mercury1.jpg?resize=579%2C375\" alt=\"ID\u00c9NTICOS.- Aqu\u00ed vemos la intensidad que este artista chileno impregna a su personaje musical. A la derecha vemos al verdadero Freddie Mercury.\" width=\"579\" height=\"375\" srcset=\"https:\/\/i0.wp.com\/www.eltrabajo.cl\/2017\/wp-content\/uploads\/2017\/05\/Mercury1.jpg?w=579&amp;ssl=1 579w, https:\/\/i0.wp.com\/www.eltrabajo.cl\/2017\/wp-content\/uploads\/2017\/05\/Mercury1.jpg?resize=300%2C194&amp;ssl=1 300w, https:\/\/i0.wp.com\/www.eltrabajo.cl\/2017\/wp-content\/uploads\/2017\/05\/Mercury1.jpg?resize=150%2C97&amp;ssl=1 150w\" sizes=\"auto, (max-width: 579px) 100vw, 579px\" \/><figcaption id=\"caption-attachment-79096\" class=\"wp-caption-text\">ID\u00c9NTICOS.- Aqu\u00ed vemos la intensidad que este artista chileno impregna a su personaje musical. A la derecha vemos al verdadero Freddie Mercury.<\/figcaption><\/figure>\n<ul>\n<li><span style=\"color: #ff0000;\"><strong>Mauricio Torres con su Banda \u2018Innuendo\u2019 a las 19:30 horas:<\/strong><\/span><\/li>\n<\/ul>\n<p>\u00bfSe imaginar\u00e1n nuestros lectores poder estar en un concierto del gran Freddie Mercury? \u00bfPero c\u00f3mo, si \u00e9l ya est\u00e1 muerto? Bueno, eso ya no es un problema para los miles de fans de aquel gran artista nacido como Farrokh Bulsara, el 5 de septiembre de 1946 en la isla de Zanz\u00edbar (Tanzania), \u00c1frica, porque el doble oficial de este artista estar\u00e1 visitando nuestra ciudad el pr\u00f3ximo viernes a las 19:30 horas en el Teatro Municipal de San Felipe.<br \/>\nSe trata de Mauricio Torres, el doble oficial de Freddie Mercury, quien ayer lunes habl\u00f3 con Diario El Trabajo para explicarnos sobre su visita a la ciudad: \u00abEstoy muy contento de poder visitar San Felipe, hace alg\u00fan tiempo pude participar en Enjoy Santiago, pero por ser un centro fuera de las ciudades, poca gente pudo informarse de mi visita al valle; ahora es en San Felipe centro, yo espero que ese teatro est\u00e9 lleno, porque vengo con lo mejor de Mercury para compartirlo con sus fans\u00bb, dijo Torres v\u00eda telef\u00f3nica.<\/p>\n<p><strong>NO VIENE SOLO<\/strong><br \/>\nPero esta \u2018copia humana\u2019 de Mercury no se presentar\u00e1 solo, \u00e9l llegar\u00e1 a nuestro Teatro Municipal respaldado por Innuendo, la primera de muchas bandas chilenas que hasta hoy tributan a una de las m\u00e1s grandes agrupaciones del rock de todos los tiempos: Queen.<br \/>\n\u00abNuestra banda naci\u00f3 en 1992 en el Colegio Salesiano de Concepci\u00f3n, en donde alcanzamos el reconocimiento de la comunidad estudiantil, amenizando tocatas propias del colegio. Nuestro nombre fue adoptado en relaci\u00f3n al \u00faltimo disco editado en vida por Freddie Mercury, quien ese mismo a\u00f1o (1991) muri\u00f3 de neumon\u00eda complicada por Sida\u00bb, coment\u00f3 Torres.<br \/>\nTras terminar la ense\u00f1anza media, los tres miembros de la banda: Marcelo Salinas, David Nancavil y Mauricio Torres, tomaron distintos caminos laborales y acad\u00e9micos que los separaron de la banda por casi 15 a\u00f1os.<br \/>\n\u00abFue hasta 2011 cuando Mega, CHV y Canal 13 lanzaron programas televisados en b\u00fasqueda de dobles de grandes cantantes y nuevos talentos. Es esa la oportunidad en que yo, quien me desempe\u00f1aba como cantante en el bohemio Barrio Estaci\u00f3n, de Concepci\u00f3n, decid\u00ed participar imitando a Freddie Mercury, para eso me prepar\u00e9 y reun\u00ed con nuevos m\u00fasicos\u00bb, agreg\u00f3 el doble chileno de Mercury.<br \/>\nAs\u00ed las cosas, la Banda Innuendo alcanza Semifinales en la segunda temporada de Mi Nombre Es, y se sit\u00faa como Finalista en la cuarta temporada Talento Chileno.<\/p>\n<p><strong>ES DOBLE OFICIAL<\/strong><br \/>\nDiario El Trabajo tambi\u00e9n habl\u00f3 con Ricardo Ruiz, consejero cultural y encargado de la Oficina de Cultura de San Felipe: \u00abSer\u00e1 este viernes cuando venga el doble oficial de Freddie Mercury, \u00e9l llega con su banda que ofrece homenaje a Queen. Durante lo que nos queda del a\u00f1o tambi\u00e9n estaremos presentando en nuestra comuna varios tributos a grandes artistas y agrupaciones mundiales, as\u00ed como artistas originales de nuestro pa\u00eds, invitamos pues a todos los lectores de Diario El Trabajo, para que no se pierdan la oportunidad de ver al doble oficial de Mercury, recordemos que \u00e9l recibi\u00f3 en septiembre de 2016, para el 70\u00ba aniversario del natalicio de Freddie Mercury, un premio especial, se trata de una colecci\u00f3n personal de discos de acetato, y recibi\u00f3 este reconocimiento de manos de la propia hermana de Mercury, me refiero a Kashmira Cooke, en la entrega oficial de premios desarrollada en Montreux, Suiza. Esto significa simplemente que Mauricio Torres es reconocido por la familia de Freddie Mercury como su doble oficial en Chile\u00bb, dijo Ruiz a nuestro medio.<br \/>\nRoberto Gonz\u00e1lez Short<\/p>\n<figure id=\"attachment_79097\" aria-describedby=\"caption-attachment-79097\" style=\"width: 580px\" class=\"wp-caption alignnone\"><img data-recalc-dims=\"1\" loading=\"lazy\" decoding=\"async\" class=\"size-full wp-image-79097\" src=\"https:\/\/i0.wp.com\/www.eltrabajo.cl\/2017\/wp-content\/uploads\/2017\/05\/Mercury2.jpg?resize=580%2C349\" alt=\"ENTRADA LIBERADA.- Este doble del artista estar\u00e1 en el Teatro Municipal de San Felipe el viernes a las 19:30 horas.\" width=\"580\" height=\"349\" srcset=\"https:\/\/i0.wp.com\/www.eltrabajo.cl\/2017\/wp-content\/uploads\/2017\/05\/Mercury2.jpg?w=580&amp;ssl=1 580w, https:\/\/i0.wp.com\/www.eltrabajo.cl\/2017\/wp-content\/uploads\/2017\/05\/Mercury2.jpg?resize=300%2C181&amp;ssl=1 300w, https:\/\/i0.wp.com\/www.eltrabajo.cl\/2017\/wp-content\/uploads\/2017\/05\/Mercury2.jpg?resize=150%2C90&amp;ssl=1 150w\" sizes=\"auto, (max-width: 580px) 100vw, 580px\" \/><figcaption id=\"caption-attachment-79097\" class=\"wp-caption-text\">ENTRADA LIBERADA.- Este doble del artista estar\u00e1 en el Teatro Municipal de San Felipe el viernes a las 19:30 horas.<\/figcaption><\/figure>\n<figure id=\"attachment_79098\" aria-describedby=\"caption-attachment-79098\" style=\"width: 580px\" class=\"wp-caption alignnone\"><img data-recalc-dims=\"1\" loading=\"lazy\" decoding=\"async\" class=\"size-full wp-image-79098\" src=\"https:\/\/i0.wp.com\/www.eltrabajo.cl\/2017\/wp-content\/uploads\/2017\/05\/Mercury3.jpg?resize=580%2C349\" alt=\"DOBLE OFICIAL.- La hermana de Freddie Mercury, Kashmira Cooke, en septiembre de 2016, entreg\u00f3 a Maurcicio Toro un premio especial, se trata de una colecci\u00f3n personal de discos de acetato del cantante.\" width=\"580\" height=\"349\" srcset=\"https:\/\/i0.wp.com\/www.eltrabajo.cl\/2017\/wp-content\/uploads\/2017\/05\/Mercury3.jpg?w=580&amp;ssl=1 580w, https:\/\/i0.wp.com\/www.eltrabajo.cl\/2017\/wp-content\/uploads\/2017\/05\/Mercury3.jpg?resize=300%2C181&amp;ssl=1 300w, https:\/\/i0.wp.com\/www.eltrabajo.cl\/2017\/wp-content\/uploads\/2017\/05\/Mercury3.jpg?resize=150%2C90&amp;ssl=1 150w\" sizes=\"auto, (max-width: 580px) 100vw, 580px\" \/><figcaption id=\"caption-attachment-79098\" class=\"wp-caption-text\">DOBLE OFICIAL.- La hermana de Freddie Mercury, Kashmira Cooke, en septiembre de 2016, entreg\u00f3 a Maurcicio Toro un premio especial, se trata de una colecci\u00f3n personal de discos de acetato del cantante.<\/figcaption><\/figure>\n","protected":false},"excerpt":{"rendered":"<div class=\"mh-excerpt\"><p>Mauricio Torres con su Banda \u2018Innuendo\u2019 a las 19:30 horas: \u00bfSe imaginar\u00e1n nuestros lectores poder estar en un concierto del gran Freddie Mercury? \u00bfPero c\u00f3mo, <a class=\"mh-excerpt-more\" href=\"https:\/\/www.eltrabajo.cl\/2017\/doble-oficial-de-freddie-mercury-este-viernes-en-el-teatro-municipal\/\" title=\"Doble oficial de Freddie Mercury este viernes en el Teatro Municipal\">[&#8230;]<\/a><\/p>\n<\/div>","protected":false},"author":1,"featured_media":79097,"comment_status":"open","ping_status":"open","sticky":false,"template":"","format":"standard","meta":{"_jetpack_newsletter_access":"","_jetpack_dont_email_post_to_subs":false,"_jetpack_newsletter_tier_id":0,"_jetpack_memberships_contains_paywalled_content":false,"_jetpack_memberships_contains_paid_content":false,"footnotes":""},"categories":[49],"tags":[],"class_list":["post-79095","post","type-post","status-publish","format-standard","has-post-thumbnail","hentry","category-cultura"],"nelio_content":{"autoShareEndMode":"never","automationSources":{"useCustomSentences":false,"customSentences":[]},"efiAlt":"","efiUrl":"","followers":[],"highlights":[],"isAutoShareEnabled":true,"networkImageIds":[],"permalinkQueryArgs":[],"series":[],"suggestedReferences":[]},"jetpack_featured_media_url":"https:\/\/i0.wp.com\/www.eltrabajo.cl\/2017\/wp-content\/uploads\/2017\/05\/Mercury2.jpg?fit=580%2C349&ssl=1","jetpack_sharing_enabled":true,"_links":{"self":[{"href":"https:\/\/www.eltrabajo.cl\/2017\/wp-json\/wp\/v2\/posts\/79095","targetHints":{"allow":["GET"]}}],"collection":[{"href":"https:\/\/www.eltrabajo.cl\/2017\/wp-json\/wp\/v2\/posts"}],"about":[{"href":"https:\/\/www.eltrabajo.cl\/2017\/wp-json\/wp\/v2\/types\/post"}],"author":[{"embeddable":true,"href":"https:\/\/www.eltrabajo.cl\/2017\/wp-json\/wp\/v2\/users\/1"}],"replies":[{"embeddable":true,"href":"https:\/\/www.eltrabajo.cl\/2017\/wp-json\/wp\/v2\/comments?post=79095"}],"version-history":[{"count":1,"href":"https:\/\/www.eltrabajo.cl\/2017\/wp-json\/wp\/v2\/posts\/79095\/revisions"}],"predecessor-version":[{"id":79099,"href":"https:\/\/www.eltrabajo.cl\/2017\/wp-json\/wp\/v2\/posts\/79095\/revisions\/79099"}],"wp:featuredmedia":[{"embeddable":true,"href":"https:\/\/www.eltrabajo.cl\/2017\/wp-json\/wp\/v2\/media\/79097"}],"wp:attachment":[{"href":"https:\/\/www.eltrabajo.cl\/2017\/wp-json\/wp\/v2\/media?parent=79095"}],"wp:term":[{"taxonomy":"category","embeddable":true,"href":"https:\/\/www.eltrabajo.cl\/2017\/wp-json\/wp\/v2\/categories?post=79095"},{"taxonomy":"post_tag","embeddable":true,"href":"https:\/\/www.eltrabajo.cl\/2017\/wp-json\/wp\/v2\/tags?post=79095"}],"curies":[{"name":"wp","href":"https:\/\/api.w.org\/{rel}","templated":true}]}}