{"id":79181,"date":"2017-05-26T06:01:20","date_gmt":"2017-05-26T10:01:20","guid":{"rendered":"http:\/\/www.eltrabajo.cl\/2017\/?p=79181"},"modified":"2017-05-25T22:59:56","modified_gmt":"2017-05-26T02:59:56","slug":"este-domingo-abrira-sus-puertas-al-publico-museo-buen-pastor","status":"publish","type":"post","link":"https:\/\/www.eltrabajo.cl\/2017\/este-domingo-abrira-sus-puertas-al-publico-museo-buen-pastor\/","title":{"rendered":"Este domingo abrir\u00e1 sus puertas al p\u00fablico Museo Buen Pastor"},"content":{"rendered":"<figure id=\"attachment_79182\" aria-describedby=\"caption-attachment-79182\" style=\"width: 580px\" class=\"wp-caption alignnone\"><img data-recalc-dims=\"1\" loading=\"lazy\" decoding=\"async\" class=\"size-full wp-image-79182\" src=\"https:\/\/i0.wp.com\/www.eltrabajo.cl\/2017\/wp-content\/uploads\/2017\/05\/Pastor1.jpg?resize=580%2C349\" alt=\"CARAS FELICES.- Los aconcag\u00fcinos ya tenemos un museo colmado de historia y y belleza, el mismo ser\u00e1 abierto este domingo dentro de las actividades propias del D\u00eda Nacional del Patrimonio.\" width=\"580\" height=\"349\" srcset=\"https:\/\/i0.wp.com\/www.eltrabajo.cl\/2017\/wp-content\/uploads\/2017\/05\/Pastor1.jpg?w=580&amp;ssl=1 580w, https:\/\/i0.wp.com\/www.eltrabajo.cl\/2017\/wp-content\/uploads\/2017\/05\/Pastor1.jpg?resize=300%2C181&amp;ssl=1 300w, https:\/\/i0.wp.com\/www.eltrabajo.cl\/2017\/wp-content\/uploads\/2017\/05\/Pastor1.jpg?resize=150%2C90&amp;ssl=1 150w\" sizes=\"auto, (max-width: 580px) 100vw, 580px\" \/><figcaption id=\"caption-attachment-79182\" class=\"wp-caption-text\">CARAS FELICES.- Los aconcag\u00fcinos ya tenemos un museo colmado de historia y y belleza, el mismo ser\u00e1 abierto este domingo dentro de las actividades propias del D\u00eda Nacional del Patrimonio.<\/figcaption><\/figure>\n<ul>\n<li><strong><span style=\"color: #ff0000;\">Por fin fue reinaugurado:<\/span>\u00a0Restauraci\u00f3n del complejo super\u00f3 los $2.200 millones de inversi\u00f3n, incluye restaurante y hasta biblioteca inclusiva. Edificio tiene m\u00e1s de 150 a\u00f1os.<\/strong><\/li>\n<\/ul>\n<p>Fue al filo del mediod\u00eda de ayer jueves cuando las autoridades religiosas y municipales de nuestra comuna, procedieron a reinaugurar el complejo cultural del Museo Buen Pastor, ubicado en Yungay 398. Esta estructura data del a\u00f1o 1855, ah\u00ed se acog\u00edan ni\u00f1as hu\u00e9rfanas; mujeres privadas de libertad y tambi\u00e9n se impart\u00eda la educaci\u00f3n necesaria para ellas. La iglesia fue inaugurada en 1879 y declarada Monumento Hist\u00f3rico Nacional en 1989.<\/p>\n<p><strong>MILLONARIA INVERSI\u00d3N<\/strong><br \/>\nFue Nelly Le\u00f3n Correa, religiosa del Buen Pastor y presidenta de Fundaci\u00f3n Buen Pastor de San Felipe, quien explic\u00f3 a los medios la importancia que este museo tiene para todos los aconcag\u00fcinos y para las generaciones futuras.<br \/>\n\u00abEstamos muy felices como congregaci\u00f3n por haber reinaugurado este complejo del museo, lo estaremos abriendo este pr\u00f3ximo domingo en el marco del D\u00eda del Patrimonio para deleite de toda la comunidad aconcag\u00fcina, este es un logro muy importante en Chile y en Am\u00e9rica para nuestra comunidad religiosa. Son aproximadamente unos $2.200 millones los que invirti\u00f3 el Gobierno en este proceso de remodelaci\u00f3n. Nuestro museo abrir\u00e1 sus puertas especialmente los s\u00e1bados y domingo, por ahora ser\u00e1 de manera gratuita, luego veremos si se determina cobrar o no al p\u00fablico, el perfil de nuestro museo dice del aspecto religioso y tambi\u00e9n de las costumbres y manera de vivir de los aconcag\u00fcinos de la \u00e9poca\u00bb, dijo la religiosa.<\/p>\n<p><strong>OBISPO AGRADECIDO<\/strong><br \/>\nPor su parte el Obispo de la Di\u00f3cesis San Felipe de Aconcagua, Cristian Contreras, agradeci\u00f3 por los a\u00f1os de servicio brindado por esta congregaci\u00f3n: \u00abAgradezco a Dios y a esta congregaci\u00f3n religiosa, la que lleg\u00f3 a nuestro valle hace m\u00e1s de 150 a\u00f1os. Eran esos tiempos muy precarios y hab\u00eda muchos enfermos, una situaci\u00f3n que se viv\u00eda en Chile y tambi\u00e9n en nuestra provincia. Todo esto se ha proyectado hasta el d\u00eda de hoy para dignificar la vida de las mujeres y de los ni\u00f1os\u00bb, indic\u00f3 Contreras.<br \/>\nTambi\u00e9n Jorge Jara Catal\u00e1n, alcalde (S) de San Felipe, se\u00f1al\u00f3: \u00abEs un privilegio para nuestra comuna y para todo el Valle de Aconcagua el poder contar con un museo costumbrista como \u00e9ste que se est\u00e1 reinaugurando este d\u00eda (\u2026) este proyecto no contempla solamente el museo, tambi\u00e9n est\u00e1 la iglesia, por eso la municipalidad de San Felipe ha procedido en arrendar una parte de este complejo al instalar nuestras oficinas de Cultura\u00bb.<\/p>\n<p><strong>HORARIOS HABILITADOS<\/strong><br \/>\nEste museo cuenta con una iglesia; sala patrimonial; centro de restauraci\u00f3n; biblioteca inclusiva; el Museo de Arte Sacro y Costumbrista; salas para orquestas sinf\u00f3nicas; un archivo hist\u00f3rico; se habilitar\u00e1 tambi\u00e9n un restaurante; cuenta con una direcci\u00f3n ejecutiva y varias salas de exposiciones temporales, as\u00ed como las mismas oficinas de Cultura del Municipio.<br \/>\nPara coordinar visitas guiadas en este museo, las instituciones y personas interesadas pueden aprovechar los horarios de atenci\u00f3n habilitados para el p\u00fablico: martes, mi\u00e9rcoles y jueves desde las 10:00 a las13:00 horas y desde las 15:00 a las 18:30 horas, tambi\u00e9n llamando al 342506495.<br \/>\nRoberto Gonz\u00e1lez Short<\/p>\n<figure id=\"attachment_79183\" aria-describedby=\"caption-attachment-79183\" style=\"width: 580px\" class=\"wp-caption alignnone\"><img data-recalc-dims=\"1\" loading=\"lazy\" decoding=\"async\" class=\"size-full wp-image-79183\" src=\"https:\/\/i0.wp.com\/www.eltrabajo.cl\/2017\/wp-content\/uploads\/2017\/05\/Pastor2.jpg?resize=580%2C348\" alt=\"LOS TRES EXPERTOS.- Ellos son los tres restauradores profesionales que tuvieron a cargo este largo proceso de renovaci\u00f3n: Yalila N\u00fa\u00f1ez, Alfonso Valdebenito y Salomea Balanhuk.\" width=\"580\" height=\"348\" srcset=\"https:\/\/i0.wp.com\/www.eltrabajo.cl\/2017\/wp-content\/uploads\/2017\/05\/Pastor2.jpg?w=580&amp;ssl=1 580w, https:\/\/i0.wp.com\/www.eltrabajo.cl\/2017\/wp-content\/uploads\/2017\/05\/Pastor2.jpg?resize=300%2C180&amp;ssl=1 300w, https:\/\/i0.wp.com\/www.eltrabajo.cl\/2017\/wp-content\/uploads\/2017\/05\/Pastor2.jpg?resize=150%2C90&amp;ssl=1 150w\" sizes=\"auto, (max-width: 580px) 100vw, 580px\" \/><figcaption id=\"caption-attachment-79183\" class=\"wp-caption-text\">LOS TRES EXPERTOS.- Ellos son los tres restauradores profesionales que tuvieron a cargo este largo proceso de renovaci\u00f3n: Yalila N\u00fa\u00f1ez, Alfonso Valdebenito y Salomea Balanhuk.<\/figcaption><\/figure>\n<figure id=\"attachment_79184\" aria-describedby=\"caption-attachment-79184\" style=\"width: 580px\" class=\"wp-caption alignnone\"><img data-recalc-dims=\"1\" loading=\"lazy\" decoding=\"async\" class=\"size-full wp-image-79184\" src=\"https:\/\/i0.wp.com\/www.eltrabajo.cl\/2017\/wp-content\/uploads\/2017\/05\/Pastor3.jpg?resize=580%2C348\" alt=\"Autoridades religiosas y municipales de nuestra comuna se dieron cita para reinaugurar este museo, entre ellos Patricio Gonz\u00e1lez, administrador municipal y el alcalde (S) Jorge Jara, les acompa\u00f1a tambi\u00e9n Nelly Le\u00f3n Correa, presidenta de Fundaci\u00f3n Buen Pastor de San Felipe.\" width=\"580\" height=\"348\" srcset=\"https:\/\/i0.wp.com\/www.eltrabajo.cl\/2017\/wp-content\/uploads\/2017\/05\/Pastor3.jpg?w=580&amp;ssl=1 580w, https:\/\/i0.wp.com\/www.eltrabajo.cl\/2017\/wp-content\/uploads\/2017\/05\/Pastor3.jpg?resize=300%2C180&amp;ssl=1 300w, https:\/\/i0.wp.com\/www.eltrabajo.cl\/2017\/wp-content\/uploads\/2017\/05\/Pastor3.jpg?resize=150%2C90&amp;ssl=1 150w\" sizes=\"auto, (max-width: 580px) 100vw, 580px\" \/><figcaption id=\"caption-attachment-79184\" class=\"wp-caption-text\">Autoridades religiosas y municipales de nuestra comuna se dieron cita para reinaugurar este museo, entre ellos Patricio Gonz\u00e1lez, administrador municipal y el alcalde (S) Jorge Jara, les acompa\u00f1a tambi\u00e9n Nelly Le\u00f3n Correa, presidenta de Fundaci\u00f3n Buen Pastor de San Felipe.<\/figcaption><\/figure>\n<figure id=\"attachment_79185\" aria-describedby=\"caption-attachment-79185\" style=\"width: 580px\" class=\"wp-caption alignnone\"><img data-recalc-dims=\"1\" loading=\"lazy\" decoding=\"async\" class=\"size-full wp-image-79185\" src=\"https:\/\/i0.wp.com\/www.eltrabajo.cl\/2017\/wp-content\/uploads\/2017\/05\/Pastor4.jpg?resize=580%2C350\" alt=\"GRANDES GESTORES.- Por su entrega y aportes al desarrollo de este proyecto, estas personas y autoridades fueron galardonadas con un especial galvano por parte del Museo.\" width=\"580\" height=\"350\" srcset=\"https:\/\/i0.wp.com\/www.eltrabajo.cl\/2017\/wp-content\/uploads\/2017\/05\/Pastor4.jpg?w=580&amp;ssl=1 580w, https:\/\/i0.wp.com\/www.eltrabajo.cl\/2017\/wp-content\/uploads\/2017\/05\/Pastor4.jpg?resize=300%2C181&amp;ssl=1 300w, https:\/\/i0.wp.com\/www.eltrabajo.cl\/2017\/wp-content\/uploads\/2017\/05\/Pastor4.jpg?resize=150%2C91&amp;ssl=1 150w\" sizes=\"auto, (max-width: 580px) 100vw, 580px\" \/><figcaption id=\"caption-attachment-79185\" class=\"wp-caption-text\">GRANDES GESTORES.- Por su entrega y aportes al desarrollo de este proyecto, estas personas y autoridades fueron galardonadas con un especial galvano por parte del Museo.<\/figcaption><\/figure>\n<figure id=\"attachment_79186\" aria-describedby=\"caption-attachment-79186\" style=\"width: 580px\" class=\"wp-caption alignnone\"><img data-recalc-dims=\"1\" loading=\"lazy\" decoding=\"async\" class=\"size-full wp-image-79186\" src=\"https:\/\/i0.wp.com\/www.eltrabajo.cl\/2017\/wp-content\/uploads\/2017\/05\/Pastor5.jpg?resize=580%2C348\" alt=\"UN VIAJE AL PASADO.- Tal como lo muestra esta imagen, hay reliquias antiqu\u00edsimas esperando a nuestros lectores en este renovado museo.\" width=\"580\" height=\"348\" srcset=\"https:\/\/i0.wp.com\/www.eltrabajo.cl\/2017\/wp-content\/uploads\/2017\/05\/Pastor5.jpg?w=580&amp;ssl=1 580w, https:\/\/i0.wp.com\/www.eltrabajo.cl\/2017\/wp-content\/uploads\/2017\/05\/Pastor5.jpg?resize=300%2C180&amp;ssl=1 300w, https:\/\/i0.wp.com\/www.eltrabajo.cl\/2017\/wp-content\/uploads\/2017\/05\/Pastor5.jpg?resize=150%2C90&amp;ssl=1 150w\" sizes=\"auto, (max-width: 580px) 100vw, 580px\" \/><figcaption id=\"caption-attachment-79186\" class=\"wp-caption-text\">UN VIAJE AL PASADO.- Tal como lo muestra esta imagen, hay reliquias antiqu\u00edsimas esperando a nuestros lectores en este renovado museo.<\/figcaption><\/figure>\n","protected":false},"excerpt":{"rendered":"<div class=\"mh-excerpt\"><p>Por fin fue reinaugurado:\u00a0Restauraci\u00f3n del complejo super\u00f3 los $2.200 millones de inversi\u00f3n, incluye restaurante y hasta biblioteca inclusiva. Edificio tiene m\u00e1s de 150 a\u00f1os. Fue <a class=\"mh-excerpt-more\" href=\"https:\/\/www.eltrabajo.cl\/2017\/este-domingo-abrira-sus-puertas-al-publico-museo-buen-pastor\/\" title=\"Este domingo abrir\u00e1 sus puertas al p\u00fablico Museo Buen Pastor\">[&#8230;]<\/a><\/p>\n<\/div>","protected":false},"author":1,"featured_media":79186,"comment_status":"open","ping_status":"open","sticky":false,"template":"","format":"standard","meta":{"_jetpack_newsletter_access":"","_jetpack_dont_email_post_to_subs":false,"_jetpack_newsletter_tier_id":0,"_jetpack_memberships_contains_paywalled_content":false,"_jetpack_memberships_contains_paid_content":false,"footnotes":""},"categories":[49],"tags":[],"class_list":["post-79181","post","type-post","status-publish","format-standard","has-post-thumbnail","hentry","category-cultura"],"nelio_content":{"autoShareEndMode":"never","automationSources":{"useCustomSentences":false,"customSentences":[]},"efiAlt":"","efiUrl":"","followers":[],"highlights":[],"isAutoShareEnabled":true,"networkImageIds":[],"permalinkQueryArgs":[],"series":[],"suggestedReferences":[]},"jetpack_featured_media_url":"https:\/\/i0.wp.com\/www.eltrabajo.cl\/2017\/wp-content\/uploads\/2017\/05\/Pastor5.jpg?fit=580%2C348&ssl=1","jetpack_sharing_enabled":true,"_links":{"self":[{"href":"https:\/\/www.eltrabajo.cl\/2017\/wp-json\/wp\/v2\/posts\/79181","targetHints":{"allow":["GET"]}}],"collection":[{"href":"https:\/\/www.eltrabajo.cl\/2017\/wp-json\/wp\/v2\/posts"}],"about":[{"href":"https:\/\/www.eltrabajo.cl\/2017\/wp-json\/wp\/v2\/types\/post"}],"author":[{"embeddable":true,"href":"https:\/\/www.eltrabajo.cl\/2017\/wp-json\/wp\/v2\/users\/1"}],"replies":[{"embeddable":true,"href":"https:\/\/www.eltrabajo.cl\/2017\/wp-json\/wp\/v2\/comments?post=79181"}],"version-history":[{"count":1,"href":"https:\/\/www.eltrabajo.cl\/2017\/wp-json\/wp\/v2\/posts\/79181\/revisions"}],"predecessor-version":[{"id":79187,"href":"https:\/\/www.eltrabajo.cl\/2017\/wp-json\/wp\/v2\/posts\/79181\/revisions\/79187"}],"wp:featuredmedia":[{"embeddable":true,"href":"https:\/\/www.eltrabajo.cl\/2017\/wp-json\/wp\/v2\/media\/79186"}],"wp:attachment":[{"href":"https:\/\/www.eltrabajo.cl\/2017\/wp-json\/wp\/v2\/media?parent=79181"}],"wp:term":[{"taxonomy":"category","embeddable":true,"href":"https:\/\/www.eltrabajo.cl\/2017\/wp-json\/wp\/v2\/categories?post=79181"},{"taxonomy":"post_tag","embeddable":true,"href":"https:\/\/www.eltrabajo.cl\/2017\/wp-json\/wp\/v2\/tags?post=79181"}],"curies":[{"name":"wp","href":"https:\/\/api.w.org\/{rel}","templated":true}]}}