{"id":82758,"date":"2017-11-09T05:04:28","date_gmt":"2017-11-09T09:04:28","guid":{"rendered":"http:\/\/www.eltrabajo.cl\/2017\/?p=82758"},"modified":"2017-11-08T21:50:46","modified_gmt":"2017-11-09T01:50:46","slug":"tuercaton-4x4-este-sabado-y-domingo-en-las-coimas","status":"publish","type":"post","link":"https:\/\/www.eltrabajo.cl\/2017\/tuercaton-4x4-este-sabado-y-domingo-en-las-coimas\/","title":{"rendered":"Tuercat\u00f3n 4X4 este s\u00e1bado y domingo en Las Coimas"},"content":{"rendered":"<figure id=\"attachment_82759\" aria-describedby=\"caption-attachment-82759\" style=\"width: 580px\" class=\"wp-caption alignnone\"><img data-recalc-dims=\"1\" loading=\"lazy\" decoding=\"async\" class=\"size-full wp-image-82759\" src=\"https:\/\/i0.wp.com\/www.eltrabajo.cl\/2017\/wp-content\/uploads\/2017\/11\/Teleton3.jpg?resize=580%2C399\" alt=\"Los ni\u00f1os tambi\u00e9n tendr\u00e1n su espacio en esta Tuercat\u00f3n 4X4 2017.\" width=\"580\" height=\"399\" srcset=\"https:\/\/i0.wp.com\/www.eltrabajo.cl\/2017\/wp-content\/uploads\/2017\/11\/Teleton3.jpg?w=580&amp;ssl=1 580w, https:\/\/i0.wp.com\/www.eltrabajo.cl\/2017\/wp-content\/uploads\/2017\/11\/Teleton3.jpg?resize=300%2C206&amp;ssl=1 300w, https:\/\/i0.wp.com\/www.eltrabajo.cl\/2017\/wp-content\/uploads\/2017\/11\/Teleton3.jpg?resize=150%2C103&amp;ssl=1 150w\" sizes=\"auto, (max-width: 580px) 100vw, 580px\" \/><figcaption id=\"caption-attachment-82759\" class=\"wp-caption-text\">Los ni\u00f1os tambi\u00e9n tendr\u00e1n su espacio en esta Tuercat\u00f3n 4X4 2017.<\/figcaption><\/figure>\n<p>Este s\u00e1bado 11 a las 20:00 horas y domingo 12 de noviembre desde las 12:00 horas en el Paradero 24 de Las Coimas, camino a Putaendo, se estar\u00e1 desarrollando la cuarta Tuercat\u00f3n 4X4, evento de gran convocatoria destinada a recaudar fondos anticipadamente para la Telet\u00f3n 2017, en este caso la actividad se realiza en coordinaci\u00f3n con la Comisi\u00f3n Telet\u00f3n Las Coimas.<br \/>\nSe trata de un grupo de jeeperos, voluntarios del Colegio Mar\u00eda Leiva, varios clubes femeninos del sector, el Centro Femenino de Las Coimas y hasta tres juntas vecinales, Fuerzas Vivas del sector que desde hace una d\u00e9cada vienen apoyando en grande a los ni\u00f1os de la Telet\u00f3n. La entrada vale $1.000, hay agua potable, comidas, bebidas e iluminaci\u00f3n. Los interesados en participar: 987847085, organiza Club Terrible 4X4.<\/p>\n","protected":false},"excerpt":{"rendered":"<div class=\"mh-excerpt\"><p>Este s\u00e1bado 11 a las 20:00 horas y domingo 12 de noviembre desde las 12:00 horas en el Paradero 24 de Las Coimas, camino a <a class=\"mh-excerpt-more\" href=\"https:\/\/www.eltrabajo.cl\/2017\/tuercaton-4x4-este-sabado-y-domingo-en-las-coimas\/\" title=\"Tuercat\u00f3n 4X4 este s\u00e1bado y domingo en Las Coimas\">[&#8230;]<\/a><\/p>\n<\/div>","protected":false},"author":1,"featured_media":82759,"comment_status":"open","ping_status":"open","sticky":false,"template":"","format":"standard","meta":{"_jetpack_newsletter_access":"","_jetpack_dont_email_post_to_subs":false,"_jetpack_newsletter_tier_id":0,"_jetpack_memberships_contains_paywalled_content":false,"_jetpack_memberships_contains_paid_content":false,"footnotes":""},"categories":[3],"tags":[],"class_list":["post-82758","post","type-post","status-publish","format-standard","has-post-thumbnail","hentry","category-comunidad"],"nelio_content":{"autoShareEndMode":"never","automationSources":{"useCustomSentences":false,"customSentences":[]},"efiAlt":"","efiUrl":"","followers":[],"highlights":[],"isAutoShareEnabled":true,"networkImageIds":[],"permalinkQueryArgs":[],"series":[],"suggestedReferences":[]},"jetpack_featured_media_url":"https:\/\/i0.wp.com\/www.eltrabajo.cl\/2017\/wp-content\/uploads\/2017\/11\/Teleton3.jpg?fit=580%2C399&ssl=1","jetpack_sharing_enabled":true,"_links":{"self":[{"href":"https:\/\/www.eltrabajo.cl\/2017\/wp-json\/wp\/v2\/posts\/82758","targetHints":{"allow":["GET"]}}],"collection":[{"href":"https:\/\/www.eltrabajo.cl\/2017\/wp-json\/wp\/v2\/posts"}],"about":[{"href":"https:\/\/www.eltrabajo.cl\/2017\/wp-json\/wp\/v2\/types\/post"}],"author":[{"embeddable":true,"href":"https:\/\/www.eltrabajo.cl\/2017\/wp-json\/wp\/v2\/users\/1"}],"replies":[{"embeddable":true,"href":"https:\/\/www.eltrabajo.cl\/2017\/wp-json\/wp\/v2\/comments?post=82758"}],"version-history":[{"count":1,"href":"https:\/\/www.eltrabajo.cl\/2017\/wp-json\/wp\/v2\/posts\/82758\/revisions"}],"predecessor-version":[{"id":82760,"href":"https:\/\/www.eltrabajo.cl\/2017\/wp-json\/wp\/v2\/posts\/82758\/revisions\/82760"}],"wp:featuredmedia":[{"embeddable":true,"href":"https:\/\/www.eltrabajo.cl\/2017\/wp-json\/wp\/v2\/media\/82759"}],"wp:attachment":[{"href":"https:\/\/www.eltrabajo.cl\/2017\/wp-json\/wp\/v2\/media?parent=82758"}],"wp:term":[{"taxonomy":"category","embeddable":true,"href":"https:\/\/www.eltrabajo.cl\/2017\/wp-json\/wp\/v2\/categories?post=82758"},{"taxonomy":"post_tag","embeddable":true,"href":"https:\/\/www.eltrabajo.cl\/2017\/wp-json\/wp\/v2\/tags?post=82758"}],"curies":[{"name":"wp","href":"https:\/\/api.w.org\/{rel}","templated":true}]}}