{"id":83546,"date":"2017-12-18T05:03:04","date_gmt":"2017-12-18T09:03:04","guid":{"rendered":"http:\/\/www.eltrabajo.cl\/2017\/?p=83546"},"modified":"2017-12-17T22:13:40","modified_gmt":"2017-12-18T02:13:40","slug":"con-lesiones-leves-resulto-carabinero-atropellado","status":"publish","type":"post","link":"https:\/\/www.eltrabajo.cl\/2017\/con-lesiones-leves-resulto-carabinero-atropellado\/","title":{"rendered":"Con lesiones leves result\u00f3 carabinero atropellado"},"content":{"rendered":"<figure id=\"attachment_83547\" aria-describedby=\"caption-attachment-83547\" style=\"width: 580px\" class=\"wp-caption alignnone\"><img data-recalc-dims=\"1\" loading=\"lazy\" decoding=\"async\" class=\"size-full wp-image-83547\" src=\"https:\/\/i0.wp.com\/www.eltrabajo.cl\/2017\/wp-content\/uploads\/2017\/12\/CONTROLES-VEHICULARES.jpg?resize=580%2C399\" alt=\"El funcionario de Carabineros efectuaba labores de orden al tr\u00e1nsito durante las Elecciones Presidenciales ayer domingo en la Ruta 60 CH, a la altura de la comuna de Panquehue, resultando lesionado. (Foto Referencial).\" width=\"580\" height=\"399\" srcset=\"https:\/\/i0.wp.com\/www.eltrabajo.cl\/2017\/wp-content\/uploads\/2017\/12\/CONTROLES-VEHICULARES.jpg?w=580&amp;ssl=1 580w, https:\/\/i0.wp.com\/www.eltrabajo.cl\/2017\/wp-content\/uploads\/2017\/12\/CONTROLES-VEHICULARES.jpg?resize=300%2C206&amp;ssl=1 300w, https:\/\/i0.wp.com\/www.eltrabajo.cl\/2017\/wp-content\/uploads\/2017\/12\/CONTROLES-VEHICULARES.jpg?resize=150%2C103&amp;ssl=1 150w\" sizes=\"auto, (max-width: 580px) 100vw, 580px\" \/><figcaption id=\"caption-attachment-83547\" class=\"wp-caption-text\">El funcionario de Carabineros efectuaba labores de orden al tr\u00e1nsito durante las Elecciones Presidenciales ayer domingo en la Ruta 60 CH, a la altura de la comuna de Panquehue, resultando lesionado. (Foto Referencial).<\/figcaption><\/figure>\n<ul>\n<li><strong><span style=\"color: #ff0000;\">En Ruta 60 CH de Panquehue:\u00a0<\/span>Uniformado termin\u00f3 en el suelo luego de ser derribado por el espejo retrovisor del veh\u00edculo, el que fue obligado a detenerse en dicha ruta tras orden al tr\u00e1nsito. Conductor del m\u00f3vil fue detenido por atentando a la autoridad policial.<\/strong><\/li>\n<\/ul>\n<p>Con lesiones leves result\u00f3 un funcionario de Carabineros del Ret\u00e9n de Panquehue, tras ser atropellado por un automovilista luego que el funcionario policial lo oblig\u00f3 a detenerse en la Ruta 60 CH, en las afueras de un local de votaci\u00f3n, empujando al uniformado al suelo con el espejo retrovisor del veh\u00edculo.<br \/>\nLa informaci\u00f3n policial detalla que el carabinero efectuaba labores de orden del tr\u00e1nsito en dicha ruta debido a las elecciones presidenciales de ayer domingo, interceptando al conductor de un veh\u00edculo marca K\u00eda Morning, quien circulaba desde San Felipe en direcci\u00f3n a Llay Llay, derribando al funcionario, quien result\u00f3 con lesiones en su cuerpo producto del impacto.<br \/>\nEl agresor fue detenido por Atentando a la autoridad policial, debiendo concurrir a la unidad policial para adoptarse el procedimiento de rigor. No obstante, el uniformado fue diagnosticado con lesiones leves, inform\u00e1ndose el suceso a la Fiscal\u00eda, la que instruy\u00f3 la libertad del conductor, quien qued\u00f3 a la espera de ser citado a comparecer al Ministerio P\u00fablico de San Felipe para resolver el caso.<br \/>\n<strong>Pablo Salinas Sald\u00edas<\/strong><\/p>\n","protected":false},"excerpt":{"rendered":"<div class=\"mh-excerpt\"><p>En Ruta 60 CH de Panquehue:\u00a0Uniformado termin\u00f3 en el suelo luego de ser derribado por el espejo retrovisor del veh\u00edculo, el que fue obligado a <a class=\"mh-excerpt-more\" href=\"https:\/\/www.eltrabajo.cl\/2017\/con-lesiones-leves-resulto-carabinero-atropellado\/\" title=\"Con lesiones leves result\u00f3 carabinero atropellado\">[&#8230;]<\/a><\/p>\n<\/div>","protected":false},"author":1,"featured_media":83547,"comment_status":"open","ping_status":"open","sticky":false,"template":"","format":"standard","meta":{"_jetpack_newsletter_access":"","_jetpack_dont_email_post_to_subs":false,"_jetpack_newsletter_tier_id":0,"_jetpack_memberships_contains_paywalled_content":false,"_jetpack_memberships_contains_paid_content":false,"footnotes":""},"categories":[2],"tags":[],"class_list":["post-83546","post","type-post","status-publish","format-standard","has-post-thumbnail","hentry","category-policial"],"nelio_content":{"autoShareEndMode":"never","automationSources":{"useCustomSentences":false,"customSentences":[]},"efiAlt":"","efiUrl":"","followers":[],"highlights":[],"isAutoShareEnabled":true,"networkImageIds":[],"permalinkQueryArgs":[],"series":[],"suggestedReferences":[]},"jetpack_featured_media_url":"https:\/\/i0.wp.com\/www.eltrabajo.cl\/2017\/wp-content\/uploads\/2017\/12\/CONTROLES-VEHICULARES.jpg?fit=580%2C399&ssl=1","jetpack_sharing_enabled":true,"_links":{"self":[{"href":"https:\/\/www.eltrabajo.cl\/2017\/wp-json\/wp\/v2\/posts\/83546","targetHints":{"allow":["GET"]}}],"collection":[{"href":"https:\/\/www.eltrabajo.cl\/2017\/wp-json\/wp\/v2\/posts"}],"about":[{"href":"https:\/\/www.eltrabajo.cl\/2017\/wp-json\/wp\/v2\/types\/post"}],"author":[{"embeddable":true,"href":"https:\/\/www.eltrabajo.cl\/2017\/wp-json\/wp\/v2\/users\/1"}],"replies":[{"embeddable":true,"href":"https:\/\/www.eltrabajo.cl\/2017\/wp-json\/wp\/v2\/comments?post=83546"}],"version-history":[{"count":1,"href":"https:\/\/www.eltrabajo.cl\/2017\/wp-json\/wp\/v2\/posts\/83546\/revisions"}],"predecessor-version":[{"id":83548,"href":"https:\/\/www.eltrabajo.cl\/2017\/wp-json\/wp\/v2\/posts\/83546\/revisions\/83548"}],"wp:featuredmedia":[{"embeddable":true,"href":"https:\/\/www.eltrabajo.cl\/2017\/wp-json\/wp\/v2\/media\/83547"}],"wp:attachment":[{"href":"https:\/\/www.eltrabajo.cl\/2017\/wp-json\/wp\/v2\/media?parent=83546"}],"wp:term":[{"taxonomy":"category","embeddable":true,"href":"https:\/\/www.eltrabajo.cl\/2017\/wp-json\/wp\/v2\/categories?post=83546"},{"taxonomy":"post_tag","embeddable":true,"href":"https:\/\/www.eltrabajo.cl\/2017\/wp-json\/wp\/v2\/tags?post=83546"}],"curies":[{"name":"wp","href":"https:\/\/api.w.org\/{rel}","templated":true}]}}