{"id":85185,"date":"2018-03-09T05:02:13","date_gmt":"2018-03-09T09:02:13","guid":{"rendered":"http:\/\/www.eltrabajo.cl\/2017\/?p=85185"},"modified":"2018-03-08T20:15:31","modified_gmt":"2018-03-09T00:15:31","slug":"violinista-infantil-aceptado-en-la-orquesta-sinfonica-infantil-regional-de-valparaiso","status":"publish","type":"post","link":"https:\/\/www.eltrabajo.cl\/2017\/violinista-infantil-aceptado-en-la-orquesta-sinfonica-infantil-regional-de-valparaiso\/","title":{"rendered":"Violinista infantil aceptado en la Orquesta Sinf\u00f3nica Infantil Regional de Valpara\u00edso"},"content":{"rendered":"<figure id=\"attachment_85187\" aria-describedby=\"caption-attachment-85187\" style=\"width: 580px\" class=\"wp-caption alignnone\"><img data-recalc-dims=\"1\" loading=\"lazy\" decoding=\"async\" class=\"size-full wp-image-85187\" src=\"https:\/\/i0.wp.com\/www.eltrabajo.cl\/2017\/wp-content\/uploads\/2018\/03\/Violinista_Sebastian-Santibanez.jpg?resize=580%2C400\" alt=\"JOVEN VIOLINISTA.- Sebasti\u00e1n nos mostr\u00f3 su viol\u00edn, \u00e9l asegura que es feliz cuando lo toca.\" width=\"580\" height=\"400\" srcset=\"https:\/\/i0.wp.com\/www.eltrabajo.cl\/2017\/wp-content\/uploads\/2018\/03\/Violinista_Sebastian-Santibanez.jpg?w=580&amp;ssl=1 580w, https:\/\/i0.wp.com\/www.eltrabajo.cl\/2017\/wp-content\/uploads\/2018\/03\/Violinista_Sebastian-Santibanez.jpg?resize=300%2C207&amp;ssl=1 300w, https:\/\/i0.wp.com\/www.eltrabajo.cl\/2017\/wp-content\/uploads\/2018\/03\/Violinista_Sebastian-Santibanez.jpg?resize=150%2C103&amp;ssl=1 150w\" sizes=\"auto, (max-width: 580px) 100vw, 580px\" \/><figcaption id=\"caption-attachment-85187\" class=\"wp-caption-text\">JOVEN VIOLINISTA.- Sebasti\u00e1n nos mostr\u00f3 su viol\u00edn, \u00e9l asegura que es feliz cuando lo toca.<\/figcaption><\/figure>\n<ul>\n<li><span style=\"color: #ff0000;\"><strong>Esteban Santib\u00e1\u00f1ez es alumno de la Escuela Jos\u00e9 de San Mart\u00edn:<\/strong><\/span><\/li>\n<\/ul>\n<p><span style=\"color: #000000;\">Est\u00e1 cursando su 8\u00ba B\u00e1sico en la Escuela Jos\u00e9 de San Mart\u00edn, tiene apenas 13 a\u00f1os de edad; es miembro de las orquestas sinf\u00f3nicas de San Felipe y la de su escuela; es tambi\u00e9n el menor de dos hermanos y a partir de este mes es el \u00fanico violinista de todo el Valle de Aconcagua que fue aceptado en la Orquesta Sinf\u00f3nica Infantil Regional de Valpara\u00edso, se llama Esteban Santib\u00e1\u00f1ez Veas y ayer jueves habl\u00f3 con Diario El Trabajo.<\/span><br \/>\n\u00abEstoy muy contento con la noticia que recib\u00ed hace muy pocos d\u00edas, sal\u00ed seleccionado para la Sinf\u00f3nica Infantil Regional de Valpara\u00edso, luego que postul\u00e9 en enero, tengo tres a\u00f1os de preparaci\u00f3n con este instrumento y creo que voy a disfrutar mucho de esta nueva experiencia, ya que podr\u00e9 mejorar mi talento y tambi\u00e9n seguir avanzando, pues sue\u00f1o con hacerme una carrera como m\u00fasico\u00bb, coment\u00f3 emocionado el joven prodigio del viol\u00edn.<\/p>\n<p><span style=\"color: #ff0000;\"><strong>PUERTAS ABIERTAS<\/strong><\/span><br \/>\nNuestro medio tambi\u00e9n habl\u00f3 con el profesor de viol\u00edn de la escuela, Juan Palza, quien nos ampli\u00f3 sobre la importancia de esta oportunidad hasta ahora \u00fanica en todo el Valle de Aconcagua para este ni\u00f1o: \u00abPara m\u00ed como profesor es un privilegio que uno de mis estudiantes ya est\u00e9 en la Sinf\u00f3nica Regional de Valpara\u00edso, esta es una excelente noticia, pues se abren oportunidades para que \u00e9l pueda seguir escalando y quiz\u00e1s hasta en algunos meses o a\u00f1os poder postular a la Sinf\u00f3nica Nacional, por ahora ya por estar en esta Regional, \u00e9l podr\u00e1 participar en los ensayos generales y en las giras nacionales que haga la orquesta, en la actualidad Esteban seguir\u00e1 vinculado a nuestra orquesta escolar, pues es uno de los requisitos, pertenecer a una banda como tal\u00bb, dijo el docente.<br \/>\n<strong>Roberto Gonz\u00e1lez Short<\/strong><\/p>\n<figure id=\"attachment_85186\" aria-describedby=\"caption-attachment-85186\" style=\"width: 580px\" class=\"wp-caption alignnone\"><img data-recalc-dims=\"1\" loading=\"lazy\" decoding=\"async\" class=\"size-full wp-image-85186\" src=\"https:\/\/i0.wp.com\/www.eltrabajo.cl\/2017\/wp-content\/uploads\/2018\/03\/Violinista_Juan-Palza.jpg?resize=580%2C400\" alt=\"Profesor de viol\u00edn de la escuela, Juan Palza.\" width=\"580\" height=\"400\" srcset=\"https:\/\/i0.wp.com\/www.eltrabajo.cl\/2017\/wp-content\/uploads\/2018\/03\/Violinista_Juan-Palza.jpg?w=580&amp;ssl=1 580w, https:\/\/i0.wp.com\/www.eltrabajo.cl\/2017\/wp-content\/uploads\/2018\/03\/Violinista_Juan-Palza.jpg?resize=300%2C207&amp;ssl=1 300w, https:\/\/i0.wp.com\/www.eltrabajo.cl\/2017\/wp-content\/uploads\/2018\/03\/Violinista_Juan-Palza.jpg?resize=150%2C103&amp;ssl=1 150w\" sizes=\"auto, (max-width: 580px) 100vw, 580px\" \/><figcaption id=\"caption-attachment-85186\" class=\"wp-caption-text\">Profesor de viol\u00edn de la escuela, Juan Palza.<\/figcaption><\/figure>\n<figure id=\"attachment_85188\" aria-describedby=\"caption-attachment-85188\" style=\"width: 580px\" class=\"wp-caption alignnone\"><img data-recalc-dims=\"1\" loading=\"lazy\" decoding=\"async\" class=\"size-full wp-image-85188\" src=\"https:\/\/i0.wp.com\/www.eltrabajo.cl\/2017\/wp-content\/uploads\/2018\/03\/Violinista1.jpg?resize=580%2C400\" alt=\"MUY TALENTOSOS.- Aqu\u00ed vemos al joven Sebasti\u00e1n Santib\u00e1\u00f1ez junto a sus compa\u00f1eros de la Orquesta Sinf\u00f3nica de la Escuela Jos\u00e9 de San Mart\u00edn.\" width=\"580\" height=\"400\" srcset=\"https:\/\/i0.wp.com\/www.eltrabajo.cl\/2017\/wp-content\/uploads\/2018\/03\/Violinista1.jpg?w=580&amp;ssl=1 580w, https:\/\/i0.wp.com\/www.eltrabajo.cl\/2017\/wp-content\/uploads\/2018\/03\/Violinista1.jpg?resize=300%2C207&amp;ssl=1 300w, https:\/\/i0.wp.com\/www.eltrabajo.cl\/2017\/wp-content\/uploads\/2018\/03\/Violinista1.jpg?resize=150%2C103&amp;ssl=1 150w\" sizes=\"auto, (max-width: 580px) 100vw, 580px\" \/><figcaption id=\"caption-attachment-85188\" class=\"wp-caption-text\">MUY TALENTOSOS.- Aqu\u00ed vemos al joven Sebasti\u00e1n Santib\u00e1\u00f1ez junto a sus compa\u00f1eros de la Orquesta Sinf\u00f3nica de la Escuela Jos\u00e9 de San Mart\u00edn.<\/figcaption><\/figure>\n","protected":false},"excerpt":{"rendered":"<div class=\"mh-excerpt\"><p>Esteban Santib\u00e1\u00f1ez es alumno de la Escuela Jos\u00e9 de San Mart\u00edn: Est\u00e1 cursando su 8\u00ba B\u00e1sico en la Escuela Jos\u00e9 de San Mart\u00edn, tiene apenas <a class=\"mh-excerpt-more\" href=\"https:\/\/www.eltrabajo.cl\/2017\/violinista-infantil-aceptado-en-la-orquesta-sinfonica-infantil-regional-de-valparaiso\/\" title=\"Violinista infantil aceptado en la Orquesta Sinf\u00f3nica Infantil Regional de Valpara\u00edso\">[&#8230;]<\/a><\/p>\n<\/div>","protected":false},"author":1,"featured_media":85187,"comment_status":"open","ping_status":"open","sticky":false,"template":"","format":"standard","meta":{"_jetpack_newsletter_access":"","_jetpack_dont_email_post_to_subs":false,"_jetpack_newsletter_tier_id":0,"_jetpack_memberships_contains_paywalled_content":false,"_jetpack_memberships_contains_paid_content":false,"footnotes":""},"categories":[49],"tags":[],"class_list":["post-85185","post","type-post","status-publish","format-standard","has-post-thumbnail","hentry","category-cultura"],"nelio_content":{"autoShareEndMode":"never","automationSources":{"useCustomSentences":false,"customSentences":[]},"efiAlt":"","efiUrl":"","followers":[],"highlights":[],"isAutoShareEnabled":true,"networkImageIds":[],"permalinkQueryArgs":[],"series":[],"suggestedReferences":[]},"jetpack_featured_media_url":"https:\/\/i0.wp.com\/www.eltrabajo.cl\/2017\/wp-content\/uploads\/2018\/03\/Violinista_Sebastian-Santibanez.jpg?fit=580%2C400&ssl=1","jetpack_sharing_enabled":true,"_links":{"self":[{"href":"https:\/\/www.eltrabajo.cl\/2017\/wp-json\/wp\/v2\/posts\/85185","targetHints":{"allow":["GET"]}}],"collection":[{"href":"https:\/\/www.eltrabajo.cl\/2017\/wp-json\/wp\/v2\/posts"}],"about":[{"href":"https:\/\/www.eltrabajo.cl\/2017\/wp-json\/wp\/v2\/types\/post"}],"author":[{"embeddable":true,"href":"https:\/\/www.eltrabajo.cl\/2017\/wp-json\/wp\/v2\/users\/1"}],"replies":[{"embeddable":true,"href":"https:\/\/www.eltrabajo.cl\/2017\/wp-json\/wp\/v2\/comments?post=85185"}],"version-history":[{"count":1,"href":"https:\/\/www.eltrabajo.cl\/2017\/wp-json\/wp\/v2\/posts\/85185\/revisions"}],"predecessor-version":[{"id":85189,"href":"https:\/\/www.eltrabajo.cl\/2017\/wp-json\/wp\/v2\/posts\/85185\/revisions\/85189"}],"wp:featuredmedia":[{"embeddable":true,"href":"https:\/\/www.eltrabajo.cl\/2017\/wp-json\/wp\/v2\/media\/85187"}],"wp:attachment":[{"href":"https:\/\/www.eltrabajo.cl\/2017\/wp-json\/wp\/v2\/media?parent=85185"}],"wp:term":[{"taxonomy":"category","embeddable":true,"href":"https:\/\/www.eltrabajo.cl\/2017\/wp-json\/wp\/v2\/categories?post=85185"},{"taxonomy":"post_tag","embeddable":true,"href":"https:\/\/www.eltrabajo.cl\/2017\/wp-json\/wp\/v2\/tags?post=85185"}],"curies":[{"name":"wp","href":"https:\/\/api.w.org\/{rel}","templated":true}]}}