{"id":85196,"date":"2018-03-09T05:05:02","date_gmt":"2018-03-09T09:05:02","guid":{"rendered":"http:\/\/www.eltrabajo.cl\/2017\/?p=85196"},"modified":"2018-03-08T20:21:45","modified_gmt":"2018-03-09T00:21:45","slug":"por-cuasidelito-de-homicidio-formalizan-a-conductor-de-camioneta-en-tragedia-de-tres-esquinas","status":"publish","type":"post","link":"https:\/\/www.eltrabajo.cl\/2017\/por-cuasidelito-de-homicidio-formalizan-a-conductor-de-camioneta-en-tragedia-de-tres-esquinas\/","title":{"rendered":"Por cuasidelito de homicidio formalizan a conductor de camioneta en tragedia de Tres Esquinas"},"content":{"rendered":"<figure id=\"attachment_85197\" aria-describedby=\"caption-attachment-85197\" style=\"width: 580px\" class=\"wp-caption alignnone\"><img data-recalc-dims=\"1\" loading=\"lazy\" decoding=\"async\" class=\"size-full wp-image-85197\" src=\"https:\/\/i0.wp.com\/www.eltrabajo.cl\/2017\/wp-content\/uploads\/2018\/03\/ACCIDENTE-1.jpg?resize=580%2C399\" alt=\"El fatal accidente ocurri\u00f3 este mi\u00e9rcoles en el cruce Tres Esquinas de San Felipe, conmoviendo a la comunidad debido a la juventud de la v\u00edctima y a su condici\u00f3n de activo y entusiasta voluntario de Bomberos.\" width=\"580\" height=\"399\" srcset=\"https:\/\/i0.wp.com\/www.eltrabajo.cl\/2017\/wp-content\/uploads\/2018\/03\/ACCIDENTE-1.jpg?w=580&amp;ssl=1 580w, https:\/\/i0.wp.com\/www.eltrabajo.cl\/2017\/wp-content\/uploads\/2018\/03\/ACCIDENTE-1.jpg?resize=300%2C206&amp;ssl=1 300w, https:\/\/i0.wp.com\/www.eltrabajo.cl\/2017\/wp-content\/uploads\/2018\/03\/ACCIDENTE-1.jpg?resize=150%2C103&amp;ssl=1 150w\" sizes=\"auto, (max-width: 580px) 100vw, 580px\" \/><figcaption id=\"caption-attachment-85197\" class=\"wp-caption-text\">El fatal accidente ocurri\u00f3 este mi\u00e9rcoles en el cruce Tres Esquinas de San Felipe, conmoviendo a la comunidad debido a la juventud de la v\u00edctima y a su condici\u00f3n de activo y entusiasta voluntario de Bomberos.<\/figcaption><\/figure>\n<ul>\n<li><strong><span style=\"color: #ff0000;\">Qued\u00f3 en libertad con m\u00ednimas cautelares:\u00a0<\/span>Tras el accidente el motorista Luis Lazcano Contreras, de 28 a\u00f1os de edad y miembro fundador de la Tercera Compa\u00f1\u00eda de Bomberos de Santa Mar\u00eda, falleci\u00f3 debido a las m\u00faltiples lesiones sufridas. La Fiscal\u00eda tiene un plazo de 120 d\u00edas para la investigaci\u00f3n del caso.<\/strong><\/li>\n<\/ul>\n<p>Con cautelares de m\u00ednima intensidad fue dejado en libertad el conductor de 23 a\u00f1os de edad de iniciales I.H.F.O., quien la ma\u00f1ana de ayer jueves fue formalizado por la Fiscal\u00eda por cuasidelito de homicidio del motorista y bombero fundador Luis Lazcano Contreras, quien falleci\u00f3 este mi\u00e9rcoles tras una violenta colisi\u00f3n en el cruce Tres Esquinas en San Felipe.<br \/>\nLa Fiscal\u00eda inici\u00f3 una investigaci\u00f3n tras los primeros antecedentes que dar\u00edan cuenta que la camioneta Chevrolet Luv placa patente YR \u2013 70 27 conducida por el imputado, tras circular por la carretera San Mart\u00edn en direcci\u00f3n al norte, al llegar al cruce con la ruta 60 CH y efectuar un viraje hacia su izquierda, habr\u00eda colisionado la motocicleta placa patente MK \u2013 06 34, conducida por Lazcano Contreras, quien lo hac\u00eda por Ruta 60 CH hacia el oriente.<br \/>\nPese a los esfuerzos de reanimaci\u00f3n, el motorista falleci\u00f3 en el lugar a consecuencia de las m\u00faltiples lesiones sufridas al impactar contra la camioneta. Al respecto, la Siat de Carabineros inici\u00f3 los peritajes correspondientes para la elaboraci\u00f3n de un informe que determine las causas basales de este tr\u00e1gico accidente.<br \/>\nEl joven fallecido, de 28 a\u00f1os de edad, registraba su domicilio en el sector El Llano Tocornal de Santa Mar\u00eda, siendo miembro activo y fundador de la Tercera Compa\u00f1\u00eda de Bomberos de esa comuna.<br \/>\nEn tanto el conductor de la camioneta involucrado en este accidente, fue detenido por Carabineros, siendo conducido hasta el Juzgado de Garant\u00eda de San Felipe para ser formalizado por la Fiscal\u00eda por cuasidelito de homicidio.<br \/>\nEste tribunal asign\u00f3 como cautelares la firma mensual en Carabineros y la prohibici\u00f3n de salir del pa\u00eds dentro de los pr\u00f3ximos 120 d\u00edas fijados para la investigaci\u00f3n del caso.<br \/>\n<strong>Pablo Salinas Sald\u00edas<\/strong><\/p>\n","protected":false},"excerpt":{"rendered":"<div class=\"mh-excerpt\"><p>Qued\u00f3 en libertad con m\u00ednimas cautelares:\u00a0Tras el accidente el motorista Luis Lazcano Contreras, de 28 a\u00f1os de edad y miembro fundador de la Tercera Compa\u00f1\u00eda <a class=\"mh-excerpt-more\" href=\"https:\/\/www.eltrabajo.cl\/2017\/por-cuasidelito-de-homicidio-formalizan-a-conductor-de-camioneta-en-tragedia-de-tres-esquinas\/\" title=\"Por cuasidelito de homicidio formalizan a conductor de camioneta en tragedia de Tres Esquinas\">[&#8230;]<\/a><\/p>\n<\/div>","protected":false},"author":1,"featured_media":85197,"comment_status":"open","ping_status":"open","sticky":false,"template":"","format":"standard","meta":{"_jetpack_newsletter_access":"","_jetpack_dont_email_post_to_subs":false,"_jetpack_newsletter_tier_id":0,"_jetpack_memberships_contains_paywalled_content":false,"_jetpack_memberships_contains_paid_content":false,"footnotes":""},"categories":[2],"tags":[],"class_list":["post-85196","post","type-post","status-publish","format-standard","has-post-thumbnail","hentry","category-policial"],"nelio_content":{"autoShareEndMode":"never","automationSources":{"useCustomSentences":false,"customSentences":[]},"efiAlt":"","efiUrl":"","followers":[],"highlights":[],"isAutoShareEnabled":true,"networkImageIds":[],"permalinkQueryArgs":[],"series":[],"suggestedReferences":[]},"jetpack_featured_media_url":"https:\/\/i0.wp.com\/www.eltrabajo.cl\/2017\/wp-content\/uploads\/2018\/03\/ACCIDENTE-1.jpg?fit=580%2C399&ssl=1","jetpack_sharing_enabled":true,"_links":{"self":[{"href":"https:\/\/www.eltrabajo.cl\/2017\/wp-json\/wp\/v2\/posts\/85196","targetHints":{"allow":["GET"]}}],"collection":[{"href":"https:\/\/www.eltrabajo.cl\/2017\/wp-json\/wp\/v2\/posts"}],"about":[{"href":"https:\/\/www.eltrabajo.cl\/2017\/wp-json\/wp\/v2\/types\/post"}],"author":[{"embeddable":true,"href":"https:\/\/www.eltrabajo.cl\/2017\/wp-json\/wp\/v2\/users\/1"}],"replies":[{"embeddable":true,"href":"https:\/\/www.eltrabajo.cl\/2017\/wp-json\/wp\/v2\/comments?post=85196"}],"version-history":[{"count":1,"href":"https:\/\/www.eltrabajo.cl\/2017\/wp-json\/wp\/v2\/posts\/85196\/revisions"}],"predecessor-version":[{"id":85198,"href":"https:\/\/www.eltrabajo.cl\/2017\/wp-json\/wp\/v2\/posts\/85196\/revisions\/85198"}],"wp:featuredmedia":[{"embeddable":true,"href":"https:\/\/www.eltrabajo.cl\/2017\/wp-json\/wp\/v2\/media\/85197"}],"wp:attachment":[{"href":"https:\/\/www.eltrabajo.cl\/2017\/wp-json\/wp\/v2\/media?parent=85196"}],"wp:term":[{"taxonomy":"category","embeddable":true,"href":"https:\/\/www.eltrabajo.cl\/2017\/wp-json\/wp\/v2\/categories?post=85196"},{"taxonomy":"post_tag","embeddable":true,"href":"https:\/\/www.eltrabajo.cl\/2017\/wp-json\/wp\/v2\/tags?post=85196"}],"curies":[{"name":"wp","href":"https:\/\/api.w.org\/{rel}","templated":true}]}}