{"id":85200,"date":"2018-03-09T05:06:17","date_gmt":"2018-03-09T09:06:17","guid":{"rendered":"http:\/\/www.eltrabajo.cl\/2017\/?p=85200"},"modified":"2018-03-09T09:23:19","modified_gmt":"2018-03-09T13:23:19","slug":"condenan-a-conductor-involucrado-en-muerte-del-exprofesor-el-polilla","status":"publish","type":"post","link":"https:\/\/www.eltrabajo.cl\/2017\/condenan-a-conductor-involucrado-en-muerte-del-exprofesor-el-polilla\/","title":{"rendered":"Condenan a conductor involucrado en muerte del exprofesor \u2018Polilla\u2019"},"content":{"rendered":"<figure id=\"attachment_85201\" aria-describedby=\"caption-attachment-85201\" style=\"width: 580px\" class=\"wp-caption alignnone\"><img data-recalc-dims=\"1\" loading=\"lazy\" decoding=\"async\" class=\"size-full wp-image-85201\" src=\"https:\/\/i0.wp.com\/www.eltrabajo.cl\/2017\/wp-content\/uploads\/2018\/03\/POLILLA.jpg?resize=580%2C723\" alt=\"Pedro Olgu\u00edn \u00c1vila, conocido como \u2018El Polilla\u2019, fue profesor y motoquero de Aconcagua, falleciendo a la edad de 70 a\u00f1os.\" width=\"580\" height=\"723\" srcset=\"https:\/\/i0.wp.com\/www.eltrabajo.cl\/2017\/wp-content\/uploads\/2018\/03\/POLILLA.jpg?w=580&amp;ssl=1 580w, https:\/\/i0.wp.com\/www.eltrabajo.cl\/2017\/wp-content\/uploads\/2018\/03\/POLILLA.jpg?resize=241%2C300&amp;ssl=1 241w, https:\/\/i0.wp.com\/www.eltrabajo.cl\/2017\/wp-content\/uploads\/2018\/03\/POLILLA.jpg?resize=120%2C150&amp;ssl=1 120w\" sizes=\"auto, (max-width: 580px) 100vw, 580px\" \/><figcaption id=\"caption-attachment-85201\" class=\"wp-caption-text\">Pedro Olgu\u00edn \u00c1vila, conocido como \u2018El Polilla\u2019, fue profesor y motoquero de Aconcagua, falleciendo a la edad de 70 a\u00f1os.<\/figcaption><\/figure>\n<ul>\n<li><strong><span style=\"color: #ff0000;\">Arriesga pena de 300 d\u00edas de presidio:\u00a0<\/span>Tras un nuevo juicio compuesto por distintos jueces, se resolvi\u00f3 recalificar nuevamente el cuasidelito de homicidio por lesiones graves tras el accidente de tr\u00e1nsito ocurrido en mayo de 2016 en San Felipe.<\/strong><\/li>\n<\/ul>\n<p>Tras un nuevo juicio llevado a cabo esta semana en la Sala del Tribunal Oral en Lo Penal de San Felipe, fue condenado por cuasidelito de lesiones graves, el conductor de iniciales A.S.P.L., quien protagoniz\u00f3 un accidente de tr\u00e1nsito que deriv\u00f3 posteriormente en la muerte del exprofesor Pedro Olgu\u00edn \u00c1vila, ampliamente conocido como \u2018El Polilla\u2019.<br \/>\nComo se recordar\u00e1, la Corte de Apelaciones de Valpara\u00edso anul\u00f3 un juicio en noviembre del a\u00f1o 2017 tras un recurso elevado por el abogado querellante, donde el imputado hab\u00eda sido condenado por los jueces titulares que recalificaron el cuasidelito de homicidio por cuasidelito de lesiones graves.<br \/>\nLo anterior oblig\u00f3 a la conformaci\u00f3n de una nueva terna de jueces este martes, para resolver la causa elevada por la Fiscal\u00eda, exponiendo el caso por cuasidelito de homicidio de Pedro Olgu\u00edn \u00c1vila ocurrido en mayo de 2016.<br \/>\nEl lamentable accidente habr\u00eda ocurrido en circunstancias que el exprofesor de la Escuela Industrial de San Felipe, conduc\u00eda su motocicleta por avenida Riquelme en direcci\u00f3n a su domicilio en la avenida O\u00b4Higgins, impactando con el conductor del taxi colectivo placa patente BJ-PC 34, quien circulaba en sentido contrario, realizando aparentemente una maniobra con su m\u00f3vil para doblar hacia su izquierda, generando la violenta colisi\u00f3n.<br \/>\nA consecuencia de este accidente, Pedro Olgu\u00edn sali\u00f3 eyectado de su motocicleta, cayendo violentamente contra el pavimento, sufriendo un traumatismo enc\u00e9falo craneal y otras lesiones, falleciendo horas m\u00e1s tarde en el Hospital San Camilo de San Felipe.<br \/>\nEl razonamiento de los nuevos jueces en su veredicto, recalificaron nuevamente el cuasidelito de homicidio por cuasidelito de lesiones graves en contra del imputado.<br \/>\nEn este escenario la Fiscal\u00eda requiri\u00f3 ante este tribunal una pena que alcance los 300 d\u00edas de presidio, cuya sentencia ser\u00e1 dada a conocer este martes en la sala del Tribunal Oral en Lo Penal de San Felipe.<br \/>\n<strong>Pablo Salinas Sald\u00edas<\/strong><\/p>\n","protected":false},"excerpt":{"rendered":"<div class=\"mh-excerpt\"><p>Arriesga pena de 300 d\u00edas de presidio:\u00a0Tras un nuevo juicio compuesto por distintos jueces, se resolvi\u00f3 recalificar nuevamente el cuasidelito de homicidio por lesiones graves <a class=\"mh-excerpt-more\" href=\"https:\/\/www.eltrabajo.cl\/2017\/condenan-a-conductor-involucrado-en-muerte-del-exprofesor-el-polilla\/\" title=\"Condenan a conductor involucrado en muerte del exprofesor \u2018Polilla\u2019\">[&#8230;]<\/a><\/p>\n<\/div>","protected":false},"author":1,"featured_media":85201,"comment_status":"open","ping_status":"open","sticky":false,"template":"","format":"standard","meta":{"_jetpack_newsletter_access":"","_jetpack_dont_email_post_to_subs":false,"_jetpack_newsletter_tier_id":0,"_jetpack_memberships_contains_paywalled_content":false,"_jetpack_memberships_contains_paid_content":false,"footnotes":""},"categories":[2],"tags":[],"class_list":["post-85200","post","type-post","status-publish","format-standard","has-post-thumbnail","hentry","category-policial"],"nelio_content":{"autoShareEndMode":"never","automationSources":{"useCustomSentences":false,"customSentences":[]},"efiAlt":"","efiUrl":"","followers":[],"highlights":[],"isAutoShareEnabled":true,"networkImageIds":[],"permalinkQueryArgs":[],"series":[],"suggestedReferences":[]},"jetpack_featured_media_url":"https:\/\/i0.wp.com\/www.eltrabajo.cl\/2017\/wp-content\/uploads\/2018\/03\/POLILLA.jpg?fit=580%2C723&ssl=1","jetpack_sharing_enabled":true,"_links":{"self":[{"href":"https:\/\/www.eltrabajo.cl\/2017\/wp-json\/wp\/v2\/posts\/85200","targetHints":{"allow":["GET"]}}],"collection":[{"href":"https:\/\/www.eltrabajo.cl\/2017\/wp-json\/wp\/v2\/posts"}],"about":[{"href":"https:\/\/www.eltrabajo.cl\/2017\/wp-json\/wp\/v2\/types\/post"}],"author":[{"embeddable":true,"href":"https:\/\/www.eltrabajo.cl\/2017\/wp-json\/wp\/v2\/users\/1"}],"replies":[{"embeddable":true,"href":"https:\/\/www.eltrabajo.cl\/2017\/wp-json\/wp\/v2\/comments?post=85200"}],"version-history":[{"count":3,"href":"https:\/\/www.eltrabajo.cl\/2017\/wp-json\/wp\/v2\/posts\/85200\/revisions"}],"predecessor-version":[{"id":85205,"href":"https:\/\/www.eltrabajo.cl\/2017\/wp-json\/wp\/v2\/posts\/85200\/revisions\/85205"}],"wp:featuredmedia":[{"embeddable":true,"href":"https:\/\/www.eltrabajo.cl\/2017\/wp-json\/wp\/v2\/media\/85201"}],"wp:attachment":[{"href":"https:\/\/www.eltrabajo.cl\/2017\/wp-json\/wp\/v2\/media?parent=85200"}],"wp:term":[{"taxonomy":"category","embeddable":true,"href":"https:\/\/www.eltrabajo.cl\/2017\/wp-json\/wp\/v2\/categories?post=85200"},{"taxonomy":"post_tag","embeddable":true,"href":"https:\/\/www.eltrabajo.cl\/2017\/wp-json\/wp\/v2\/tags?post=85200"}],"curies":[{"name":"wp","href":"https:\/\/api.w.org\/{rel}","templated":true}]}}