{"id":86034,"date":"2018-04-27T05:01:49","date_gmt":"2018-04-27T09:01:49","guid":{"rendered":"http:\/\/www.eltrabajo.cl\/2017\/?p=86034"},"modified":"2018-04-26T19:58:55","modified_gmt":"2018-04-26T23:58:55","slug":"condenan-a-102-dias-a-conductor-que-atropello-e-hirio-a-dos-carabineros","status":"publish","type":"post","link":"https:\/\/www.eltrabajo.cl\/2017\/condenan-a-102-dias-a-conductor-que-atropello-e-hirio-a-dos-carabineros\/","title":{"rendered":"Condenan a 102 d\u00edas a conductor que atropell\u00f3 e hiri\u00f3 a dos carabineros"},"content":{"rendered":"<figure id=\"attachment_86035\" aria-describedby=\"caption-attachment-86035\" style=\"width: 579px\" class=\"wp-caption alignnone\"><img data-recalc-dims=\"1\" loading=\"lazy\" decoding=\"async\" class=\"size-full wp-image-86035\" src=\"https:\/\/i0.wp.com\/www.eltrabajo.cl\/2017\/wp-content\/uploads\/2018\/04\/CONDUCTOR-DETENIDO.jpg?resize=579%2C405\" alt=\"El sentenciado deber\u00e1 cumplir una pena de 102 d\u00edas de presidio menor bajo el beneficio de remisi\u00f3n condicional de la pena asignada por el Tribunal de Garant\u00eda de Los Andes.\" width=\"579\" height=\"405\" srcset=\"https:\/\/i0.wp.com\/www.eltrabajo.cl\/2017\/wp-content\/uploads\/2018\/04\/CONDUCTOR-DETENIDO.jpg?w=579&amp;ssl=1 579w, https:\/\/i0.wp.com\/www.eltrabajo.cl\/2017\/wp-content\/uploads\/2018\/04\/CONDUCTOR-DETENIDO.jpg?resize=300%2C210&amp;ssl=1 300w, https:\/\/i0.wp.com\/www.eltrabajo.cl\/2017\/wp-content\/uploads\/2018\/04\/CONDUCTOR-DETENIDO.jpg?resize=150%2C105&amp;ssl=1 150w\" sizes=\"auto, (max-width: 579px) 100vw, 579px\" \/><figcaption id=\"caption-attachment-86035\" class=\"wp-caption-text\">El sentenciado deber\u00e1 cumplir una pena de 102 d\u00edas de presidio menor bajo el beneficio de remisi\u00f3n condicional de la pena asignada por el Tribunal de Garant\u00eda de Los Andes.<\/figcaption><\/figure>\n<ul>\n<li><strong><span style=\"color: #ff0000;\">Pena con beneficio de remisi\u00f3n condicional:<\/span>\u00a0Sentenciado asumi\u00f3 responsabilidad en los hechos ocurridos el pasado 20 de noviembre en medio de una fiscalizaci\u00f3n efectuada por dos funcionarios de la Tenencia de Calle Larga.<\/strong><\/li>\n<\/ul>\n<p>Tras un procedimiento simplificado efectuado en el Juzgado de Garant\u00eda de Los Andes, fue sentenciado Carlos Eduardo D\u2019alencon Bucarey, tras asumir su responsabilidad como autor consumado de lesionar a dos funcionarios de Carabineros de servicio en Calle Larga, causando lesiones leves y menos graves, siendo condenado a la pena de 102 d\u00edas de presidio menor con el beneficio de remisi\u00f3n condicional.<br \/>\nComo se recordar\u00e1 el 30 de noviembre del 2017, aproximadamente a las 02:00 horas de la madrugada, el carabinero Nicol\u00e1s Herrera Ovalle y el Sargento Carlos Salinas Sald\u00edas, mientras se encontraban efectuando patrullajes preventivos por la comuna, fiscalizaron al conductor del veh\u00edculo marca Chevrolet modelo Spark en el kil\u00f3metro 74 de la autopista Los Libertadores en Calle Larga, solicitando la documentaci\u00f3n del veh\u00edculo.<br \/>\nEl conductor confes\u00f3 a los funcionarios policiales no mantener licencia para conducir, expresando nerviosismo ante la fiscalizaci\u00f3n policial, luego que los uniformados, al ponerse en frente del m\u00f3vil para revisar la placa patente y verificar a trav\u00e9s de la central de comunicaciones si el veh\u00edculo manten\u00eda encargo por robo, instantes en que el imputado aceler\u00f3 el autom\u00f3vil atropellando a ambos polic\u00edas.<br \/>\nSeg\u00fan las declaraciones de los afectados, el Sargento Salinas Sald\u00edas se aferr\u00f3 sobre el cap\u00f3 del veh\u00edculo mientras que el carabinero Herrera Ovalle intent\u00f3 detener la marcha del conductor abriendo la puerta del veh\u00edculo, siendo arrastrado por m\u00e1s de 30 metros. No obstante el primero de los nombrados se mantuvo sobre el veh\u00edculo mientras el conductor efectuaba maniobras de zigzag por varios metros hasta perder el control del m\u00f3vil, chocando contra unas rocas en una zanja.<br \/>\nA ra\u00edz de estas acciones, el funcionario policial Salinas Sald\u00edas result\u00f3 con un esguince en el tobillo izquierdo, contusiones y diversas heridas erosivas diagnosticadas de car\u00e1cter menos graves. En tanto el carabinero Herrera Ovalle result\u00f3 con una lesi\u00f3n leve en su rodilla derecha.<br \/>\nEl entonces imputado fue detenido por otros funcionarios de Carabineros siendo conducido hasta Tribunales para ser formalizado en esa instancia por la Fiscal\u00eda por los delitos de maltrato de obra a Carabineros y homicidio frustrado, quedando en prisi\u00f3n preventiva.<br \/>\nD\u00edas m\u00e1s tarde, en una audiencia de revisi\u00f3n de medidas cautelares, el Tribunal modific\u00f3 dicha cautelar por arresto domiciliario total, hasta concluir en arresto domiciliario nocturno hasta la fecha en que se desarroll\u00f3 un procedimiento simplificado en el Juzgado de Garant\u00eda de Los Andes, quien recalific\u00f3 los delitos de maltrato de obra a personal de Carabineros causando lesiones menos graves y leves.<br \/>\nEn este entendido, el imputado asumi\u00f3 la responsabilidad de los hechos anteriormente detallados, siendo sentenciado a lo que dicta el art\u00edculo 417 del C\u00f3digo de Justicia Militar. La pena asignada fue de 102 d\u00edas de presidio menor en su grado m\u00ednimo, con el beneficio de remisi\u00f3n condicional de la pena por el t\u00e9rmino de un a\u00f1o, debiendo presentarse en el Centro de Reinserci\u00f3n Social de Los Andes.<br \/>\n<strong>Pablo Salinas Sald\u00edas<\/strong><\/p>\n","protected":false},"excerpt":{"rendered":"<div class=\"mh-excerpt\"><p>Pena con beneficio de remisi\u00f3n condicional:\u00a0Sentenciado asumi\u00f3 responsabilidad en los hechos ocurridos el pasado 20 de noviembre en medio de una fiscalizaci\u00f3n efectuada por dos <a class=\"mh-excerpt-more\" href=\"https:\/\/www.eltrabajo.cl\/2017\/condenan-a-102-dias-a-conductor-que-atropello-e-hirio-a-dos-carabineros\/\" title=\"Condenan a 102 d\u00edas a conductor que atropell\u00f3 e hiri\u00f3 a dos carabineros\">[&#8230;]<\/a><\/p>\n<\/div>","protected":false},"author":1,"featured_media":86035,"comment_status":"open","ping_status":"open","sticky":false,"template":"","format":"standard","meta":{"_jetpack_newsletter_access":"","_jetpack_dont_email_post_to_subs":false,"_jetpack_newsletter_tier_id":0,"_jetpack_memberships_contains_paywalled_content":false,"_jetpack_memberships_contains_paid_content":false,"footnotes":""},"categories":[2],"tags":[],"class_list":["post-86034","post","type-post","status-publish","format-standard","has-post-thumbnail","hentry","category-policial"],"nelio_content":{"autoShareEndMode":"never","automationSources":{"useCustomSentences":false,"customSentences":[]},"efiAlt":"","efiUrl":"","followers":[],"highlights":[],"isAutoShareEnabled":true,"networkImageIds":[],"permalinkQueryArgs":[],"series":[],"suggestedReferences":[]},"jetpack_featured_media_url":"https:\/\/i0.wp.com\/www.eltrabajo.cl\/2017\/wp-content\/uploads\/2018\/04\/CONDUCTOR-DETENIDO.jpg?fit=579%2C405&ssl=1","jetpack_sharing_enabled":true,"_links":{"self":[{"href":"https:\/\/www.eltrabajo.cl\/2017\/wp-json\/wp\/v2\/posts\/86034","targetHints":{"allow":["GET"]}}],"collection":[{"href":"https:\/\/www.eltrabajo.cl\/2017\/wp-json\/wp\/v2\/posts"}],"about":[{"href":"https:\/\/www.eltrabajo.cl\/2017\/wp-json\/wp\/v2\/types\/post"}],"author":[{"embeddable":true,"href":"https:\/\/www.eltrabajo.cl\/2017\/wp-json\/wp\/v2\/users\/1"}],"replies":[{"embeddable":true,"href":"https:\/\/www.eltrabajo.cl\/2017\/wp-json\/wp\/v2\/comments?post=86034"}],"version-history":[{"count":1,"href":"https:\/\/www.eltrabajo.cl\/2017\/wp-json\/wp\/v2\/posts\/86034\/revisions"}],"predecessor-version":[{"id":86036,"href":"https:\/\/www.eltrabajo.cl\/2017\/wp-json\/wp\/v2\/posts\/86034\/revisions\/86036"}],"wp:featuredmedia":[{"embeddable":true,"href":"https:\/\/www.eltrabajo.cl\/2017\/wp-json\/wp\/v2\/media\/86035"}],"wp:attachment":[{"href":"https:\/\/www.eltrabajo.cl\/2017\/wp-json\/wp\/v2\/media?parent=86034"}],"wp:term":[{"taxonomy":"category","embeddable":true,"href":"https:\/\/www.eltrabajo.cl\/2017\/wp-json\/wp\/v2\/categories?post=86034"},{"taxonomy":"post_tag","embeddable":true,"href":"https:\/\/www.eltrabajo.cl\/2017\/wp-json\/wp\/v2\/tags?post=86034"}],"curies":[{"name":"wp","href":"https:\/\/api.w.org\/{rel}","templated":true}]}}