{"id":86044,"date":"2018-04-27T05:04:15","date_gmt":"2018-04-27T09:04:15","guid":{"rendered":"http:\/\/www.eltrabajo.cl\/2017\/?p=86044"},"modified":"2018-04-26T20:07:44","modified_gmt":"2018-04-27T00:07:44","slug":"incendio-de-consideracion-afecto-dependencia-de-expofruta-en-santa-maria","status":"publish","type":"post","link":"https:\/\/www.eltrabajo.cl\/2017\/incendio-de-consideracion-afecto-dependencia-de-expofruta-en-santa-maria\/","title":{"rendered":"Incendio de consideraci\u00f3n afect\u00f3 dependencia de Expofruta en Santa Mar\u00eda"},"content":{"rendered":"<figure id=\"attachment_86046\" aria-describedby=\"caption-attachment-86046\" style=\"width: 578px\" class=\"wp-caption alignnone\"><img data-recalc-dims=\"1\" loading=\"lazy\" decoding=\"async\" class=\"size-full wp-image-86046\" src=\"https:\/\/i0.wp.com\/www.eltrabajo.cl\/2017\/wp-content\/uploads\/2018\/04\/INCENDIO-2-SM.jpg?resize=578%2C374\" alt=\"Cerca de 100 voluntarios de Bomberos combatieron el siniestro ocurrido pasada la medianoche de este jueves en Santa Mar\u00eda. (Foto: Emergencia Santa Mar\u00eda).\" width=\"578\" height=\"374\" srcset=\"https:\/\/i0.wp.com\/www.eltrabajo.cl\/2017\/wp-content\/uploads\/2018\/04\/INCENDIO-2-SM.jpg?w=578&amp;ssl=1 578w, https:\/\/i0.wp.com\/www.eltrabajo.cl\/2017\/wp-content\/uploads\/2018\/04\/INCENDIO-2-SM.jpg?resize=300%2C194&amp;ssl=1 300w, https:\/\/i0.wp.com\/www.eltrabajo.cl\/2017\/wp-content\/uploads\/2018\/04\/INCENDIO-2-SM.jpg?resize=150%2C97&amp;ssl=1 150w\" sizes=\"auto, (max-width: 578px) 100vw, 578px\" \/><figcaption id=\"caption-attachment-86046\" class=\"wp-caption-text\">Cerca de 100 voluntarios de Bomberos combatieron el siniestro ocurrido pasada la medianoche de este jueves en Santa Mar\u00eda. (Foto: Emergencia Santa Mar\u00eda).<\/figcaption><\/figure>\n<ul>\n<li><strong><span style=\"color: #ff0000;\">Trabajos de Bomberos se extendieron por cerca de tres horas:<\/span>\u00a0El fuego se origin\u00f3 pasada la medianoche de este jueves en la agr\u00edcola ubicada a pasos del centro de dicha comuna. M\u00e1s de 100 voluntarios de Bomberos de Santa Mar\u00eda, Los Andes y San Esteban lograron reducir las llamas.<\/strong><\/li>\n<\/ul>\n<p>Con da\u00f1os de consideraci\u00f3n producto de un incendio result\u00f3 la empresa agr\u00edcola Expofruta ubicada en calle O\u00b4Higgins N\u00ba 834, cercana al centro de la comuna de Santa Mar\u00eda, debiendo ser controlada por voluntarios de Bomberos de esa localidad con apoyo de San Esteban y Los Andes.<br \/>\nDe acuerdo a la informaci\u00f3n proporcionada por Bomberos, el fuego se habr\u00eda producido aparentemente por el recalentamiento de una caldera ubicada en el sector de secado de pasas en dicha empresa, manteni\u00e9ndose esta hip\u00f3tesis en investigaci\u00f3n por parte de la instituci\u00f3n. As\u00ed lo inform\u00f3 a Diario El Trabajo el Teniente Primero de la Segunda Compa\u00f1\u00eda de Bomberos, Jos\u00e9 Ignacio Arancibia.<br \/>\n\u201cAfect\u00f3 principalmente en el sector de los hornos para el secado de pasas en el packing que est\u00e1 ubicado en la parte posterior, son seis t\u00faneles donde se vieron afectados principalmente dos t\u00faneles con p\u00e9rdida total y el resto con da\u00f1os leves producto del fuego y el agua. Est\u00e1 en fase de investigaci\u00f3n el origen, en primera instancia ser\u00eda el recalentamiento de la caldera que trabaja en ese horno\u201d.<br \/>\nAlrededor de 100 voluntarios de Bomberos participaron en la reducci\u00f3n del fuego que se logr\u00f3 controlar luego de cerca de tres horas de trabajo de Bomberos, evitando el riesgo de explosiones, sin resultar personas lesionadas producto de esta emergencia.<br \/>\nEl siniestro se declar\u00f3 superado alrededor de las 03:30 de la madrugada de ayer jueves.<br \/>\n<strong>Pablo Salinas Sald\u00edas<\/strong><\/p>\n<figure id=\"attachment_86045\" aria-describedby=\"caption-attachment-86045\" style=\"width: 578px\" class=\"wp-caption alignnone\"><img data-recalc-dims=\"1\" loading=\"lazy\" decoding=\"async\" class=\"size-full wp-image-86045\" src=\"https:\/\/i0.wp.com\/www.eltrabajo.cl\/2017\/wp-content\/uploads\/2018\/04\/INCENDIO-1-SM.jpg?resize=578%2C468\" alt=\"Los voluntarios de Bomberos trabajando en la reducci\u00f3n del fuego. (Foto: Emergencia Santa Mar\u00eda).\" width=\"578\" height=\"468\" srcset=\"https:\/\/i0.wp.com\/www.eltrabajo.cl\/2017\/wp-content\/uploads\/2018\/04\/INCENDIO-1-SM.jpg?w=578&amp;ssl=1 578w, https:\/\/i0.wp.com\/www.eltrabajo.cl\/2017\/wp-content\/uploads\/2018\/04\/INCENDIO-1-SM.jpg?resize=300%2C243&amp;ssl=1 300w, https:\/\/i0.wp.com\/www.eltrabajo.cl\/2017\/wp-content\/uploads\/2018\/04\/INCENDIO-1-SM.jpg?resize=150%2C121&amp;ssl=1 150w\" sizes=\"auto, (max-width: 578px) 100vw, 578px\" \/><figcaption id=\"caption-attachment-86045\" class=\"wp-caption-text\">Los voluntarios de Bomberos trabajando en la reducci\u00f3n del fuego. (Foto: Emergencia Santa Mar\u00eda).<\/figcaption><\/figure>\n","protected":false},"excerpt":{"rendered":"<div class=\"mh-excerpt\"><p>Trabajos de Bomberos se extendieron por cerca de tres horas:\u00a0El fuego se origin\u00f3 pasada la medianoche de este jueves en la agr\u00edcola ubicada a pasos <a class=\"mh-excerpt-more\" href=\"https:\/\/www.eltrabajo.cl\/2017\/incendio-de-consideracion-afecto-dependencia-de-expofruta-en-santa-maria\/\" title=\"Incendio de consideraci\u00f3n afect\u00f3 dependencia de Expofruta en Santa Mar\u00eda\">[&#8230;]<\/a><\/p>\n<\/div>","protected":false},"author":1,"featured_media":86046,"comment_status":"open","ping_status":"open","sticky":false,"template":"","format":"standard","meta":{"_jetpack_newsletter_access":"","_jetpack_dont_email_post_to_subs":false,"_jetpack_newsletter_tier_id":0,"_jetpack_memberships_contains_paywalled_content":false,"_jetpack_memberships_contains_paid_content":false,"footnotes":""},"categories":[2],"tags":[],"class_list":["post-86044","post","type-post","status-publish","format-standard","has-post-thumbnail","hentry","category-policial"],"nelio_content":{"autoShareEndMode":"never","automationSources":{"useCustomSentences":false,"customSentences":[]},"efiAlt":"","efiUrl":"","followers":[],"highlights":[],"isAutoShareEnabled":true,"networkImageIds":[],"permalinkQueryArgs":[],"series":[],"suggestedReferences":[]},"jetpack_featured_media_url":"https:\/\/i0.wp.com\/www.eltrabajo.cl\/2017\/wp-content\/uploads\/2018\/04\/INCENDIO-2-SM.jpg?fit=578%2C374&ssl=1","jetpack_sharing_enabled":true,"_links":{"self":[{"href":"https:\/\/www.eltrabajo.cl\/2017\/wp-json\/wp\/v2\/posts\/86044","targetHints":{"allow":["GET"]}}],"collection":[{"href":"https:\/\/www.eltrabajo.cl\/2017\/wp-json\/wp\/v2\/posts"}],"about":[{"href":"https:\/\/www.eltrabajo.cl\/2017\/wp-json\/wp\/v2\/types\/post"}],"author":[{"embeddable":true,"href":"https:\/\/www.eltrabajo.cl\/2017\/wp-json\/wp\/v2\/users\/1"}],"replies":[{"embeddable":true,"href":"https:\/\/www.eltrabajo.cl\/2017\/wp-json\/wp\/v2\/comments?post=86044"}],"version-history":[{"count":1,"href":"https:\/\/www.eltrabajo.cl\/2017\/wp-json\/wp\/v2\/posts\/86044\/revisions"}],"predecessor-version":[{"id":86047,"href":"https:\/\/www.eltrabajo.cl\/2017\/wp-json\/wp\/v2\/posts\/86044\/revisions\/86047"}],"wp:featuredmedia":[{"embeddable":true,"href":"https:\/\/www.eltrabajo.cl\/2017\/wp-json\/wp\/v2\/media\/86046"}],"wp:attachment":[{"href":"https:\/\/www.eltrabajo.cl\/2017\/wp-json\/wp\/v2\/media?parent=86044"}],"wp:term":[{"taxonomy":"category","embeddable":true,"href":"https:\/\/www.eltrabajo.cl\/2017\/wp-json\/wp\/v2\/categories?post=86044"},{"taxonomy":"post_tag","embeddable":true,"href":"https:\/\/www.eltrabajo.cl\/2017\/wp-json\/wp\/v2\/tags?post=86044"}],"curies":[{"name":"wp","href":"https:\/\/api.w.org\/{rel}","templated":true}]}}