{"id":86053,"date":"2018-04-27T05:06:44","date_gmt":"2018-04-27T09:06:44","guid":{"rendered":"http:\/\/www.eltrabajo.cl\/2017\/?p=86053"},"modified":"2018-04-26T20:11:23","modified_gmt":"2018-04-27T00:11:23","slug":"joven-mujer-muere-calcinada-al-quemarse-su-vivienda-de-material-ligero","status":"publish","type":"post","link":"https:\/\/www.eltrabajo.cl\/2017\/joven-mujer-muere-calcinada-al-quemarse-su-vivienda-de-material-ligero\/","title":{"rendered":"Joven mujer muere calcinada al quemarse su vivienda de material ligero"},"content":{"rendered":"<figure id=\"attachment_86055\" aria-describedby=\"caption-attachment-86055\" style=\"width: 579px\" class=\"wp-caption alignnone\"><img data-recalc-dims=\"1\" loading=\"lazy\" decoding=\"async\" class=\"size-full wp-image-86055\" src=\"https:\/\/i0.wp.com\/www.eltrabajo.cl\/2017\/wp-content\/uploads\/2018\/04\/mujer-muere-calcinada-2.jpg?resize=579%2C399\" alt=\"Bomberos  debi\u00f3 pasar por un camino estrecho donde hay un tubo corrugado en el lugar, lo que solo permiti\u00f3 el ingreso de dos carros al sitio del incendio.\" width=\"579\" height=\"399\" srcset=\"https:\/\/i0.wp.com\/www.eltrabajo.cl\/2017\/wp-content\/uploads\/2018\/04\/mujer-muere-calcinada-2.jpg?w=579&amp;ssl=1 579w, https:\/\/i0.wp.com\/www.eltrabajo.cl\/2017\/wp-content\/uploads\/2018\/04\/mujer-muere-calcinada-2.jpg?resize=300%2C207&amp;ssl=1 300w, https:\/\/i0.wp.com\/www.eltrabajo.cl\/2017\/wp-content\/uploads\/2018\/04\/mujer-muere-calcinada-2.jpg?resize=150%2C103&amp;ssl=1 150w\" sizes=\"auto, (max-width: 579px) 100vw, 579px\" \/><figcaption id=\"caption-attachment-86055\" class=\"wp-caption-text\">Bomberos debi\u00f3 pasar por un camino estrecho donde hay un tubo corrugado en el lugar, lo que solo permiti\u00f3 el ingreso de dos carros al sitio del incendio.<\/figcaption><\/figure>\n<ul>\n<li><strong><span style=\"color: #ff0000;\">Dificultades en el acceso demor\u00f3 llegada de Bomberos:<\/span>\u00a0Al sitio del suceso fueron despachados inicialmente cinco carros de Bomberos, tres de los cuales no lograron acceder al lugar de la vivienda siniestrada. Brigada de Homicidios y Laboratorio de Criminal\u00edstica de la PDI deber\u00e1 determinar las causas del deceso y origen del fuego.<\/strong><\/li>\n<\/ul>\n<p><strong>LOS ANDES.-<\/strong> Una mujer de 33 a\u00f1os de edad fue encontrada calcinada luego que, por razones que se desconocen, se desatara un incendio en la vivienda de material ligero donde habitaba junto a su pareja en el sector de Terrapl\u00e9n, en las cercan\u00edas del by pass El Sauce.<br \/>\nEl hecho se registr\u00f3 ayer jueves, alrededor de las 11 de la ma\u00f1ana, cuando la mujer se encontraba sola en la vivienda.<br \/>\nLa v\u00edctima de este lamentable suceso fue identificada como Mar\u00eda Biondi, de 33 a\u00f1os de edad, y seg\u00fan destac\u00f3 el Comandante del Cuerpo de Bomberos de Los Andes, Johnny Arriaza Pueyes, al sitio del suceso fueron despachados inicialmente cinco carros de Bomberos, tres de los cuales no lograron acceder al lugar de la vivienda siniestrada \u201cpues hay que pasar por un camino estrecho donde hay un tubo corrugado en el lugar, lo que solo nos permiti\u00f3 el ingreso de dos carros al sitio del incendio; un carro bomba antiguo de capacidad de tres mil litros y un carro aljibe antiguo, que son los m\u00e1s bajos que posee el Cuerpo de Bomberos de Los Andes\u201d.<br \/>\nLo anterior \u201cretras\u00f3 un poco el recurso h\u00eddrico para evitar la propagaci\u00f3n del incendio en el lugar. Cuando llegamos al lugar la casa estaba completamente en llamas en fase de decaimiento, por lo que se trabaj\u00f3 en realizar los cortafuegos respectivos y as\u00ed evitar la propagaci\u00f3n del siniestro a las casas que existen al alrededor\u201d, agreg\u00f3 el Comandante.<br \/>\nSolo una vez que se control\u00f3 el fuego, voluntarios se percataron del cuerpo calcinado de la mujer, \u201cpor lo que se aisl\u00f3 y acordon\u00f3 el \u00e1rea dando aviso a las autoridades de este hecho y por instrucci\u00f3n del fiscal de turno se orden\u00f3 la presencia de la brigada de homicidios de la PDI, en el sitio del suceso\u201d.<br \/>\nArriaza lament\u00f3 que \u201cen el lugar no existe un ingreso como corresponde para los veh\u00edculos de Bomberos, y nos vimos limitados a intervenir con dos unidades m\u00e1s peque\u00f1as, ya que no existe otro acceso y ya hemos tenido el incendio de por lo menos cuatro casas los \u00faltimos cinco a\u00f1os en el sector con el mismo problema que tuvimos hoy\u201d, (ayer).<br \/>\nA la emergencia concurrieron cerca de 30 bomberos de la Primera, Segunda, Tercera y Cuarta Compa\u00f1\u00eda, no registr\u00e1ndose civiles ni voluntarios lesionados.<br \/>\nLas diligencias y pericias quedaron a cargo de la Brigada de Homicidios y el Laboratorio de Criminal\u00edstica de la PDI.<\/p>\n<p><span style=\"color: #ff0000;\"><strong>ESTABA TRABAJANDO<\/strong><\/span><br \/>\nCabe destacar que la mujer fallecida era oriunda de Colina y viv\u00eda junto a su pareja Miguel \u00c1ngel Mondaca Castro y los dos hijos del hombre, quienes no se encontraban en el inmueble al momento del siniestro.<br \/>\nLa pareja de la mujer se\u00f1al\u00f3 que le avisaron del incendio cuando estaba en su lugar de trabajo y al llegar encontr\u00f3 solo los escombros del inmueble y el cuerpo de ella en el sector donde estaba el ba\u00f1o.<br \/>\nManifest\u00f3 que pr\u00e1cticamente perdi\u00f3 todo en el incendio, pero desconoce el origen que pudo tener el fuego, porque su pareja estaba sola en el hogar.<br \/>\nSe quej\u00f3 por el hecho de que el sector no cuenta con una acceso adecuado para el ingreso de los carros bombas, ya que de lo contrario se la podr\u00eda haber salvado.<br \/>\nPor su parte Miguel Az\u00f3car, vecino del sector, alcanz\u00f3 a observar c\u00f3mo sal\u00eda gran cantidad de humo desde el inmueble, \u201cpor lo que fui a tratar de ayudar al no ver salir a nadie y cuando abr\u00ed las ventanas ya estaba todo quemado\u201d.<br \/>\nComent\u00f3 que el fuego se habr\u00eda iniciado en una salamandra que hab\u00eda en la parte posterior de la casa, situaci\u00f3n que debe ser investigada.<br \/>\nDijo que hace una semana que no contaban con agua en el sector y se quej\u00f3 el abandono en que se encuentran por parte de las autoridades, \u201cporque al parecer ellos no quieren venir porque somos pobres y creen que no tenemos derecho a vivir. Hemos pedidos soluciones al alcalde, pero nada\u201d.<br \/>\nAgreg\u00f3 que por falta de voluntad no se ha habilitado otro camino para poder acceder al lugar de forma expedita.<\/p>\n<figure id=\"attachment_86054\" aria-describedby=\"caption-attachment-86054\" style=\"width: 579px\" class=\"wp-caption alignnone\"><img data-recalc-dims=\"1\" loading=\"lazy\" decoding=\"async\" class=\"size-full wp-image-86054\" src=\"https:\/\/i0.wp.com\/www.eltrabajo.cl\/2017\/wp-content\/uploads\/2018\/04\/mujer-muere-calcinada-1.jpg?resize=579%2C406\" alt=\"A la llegada de Bomberos al lugar la vivienda ya se encontraba completamente en llamas, en fase de decaimiento, por lo que se trabaj\u00f3 en realizar los cortafuegos respectivos.\" width=\"579\" height=\"406\" srcset=\"https:\/\/i0.wp.com\/www.eltrabajo.cl\/2017\/wp-content\/uploads\/2018\/04\/mujer-muere-calcinada-1.jpg?w=579&amp;ssl=1 579w, https:\/\/i0.wp.com\/www.eltrabajo.cl\/2017\/wp-content\/uploads\/2018\/04\/mujer-muere-calcinada-1.jpg?resize=300%2C210&amp;ssl=1 300w, https:\/\/i0.wp.com\/www.eltrabajo.cl\/2017\/wp-content\/uploads\/2018\/04\/mujer-muere-calcinada-1.jpg?resize=150%2C105&amp;ssl=1 150w\" sizes=\"auto, (max-width: 579px) 100vw, 579px\" \/><figcaption id=\"caption-attachment-86054\" class=\"wp-caption-text\">A la llegada de Bomberos al lugar la vivienda ya se encontraba completamente en llamas, en fase de decaimiento, por lo que se trabaj\u00f3 en realizar los cortafuegos respectivos.<\/figcaption><\/figure>\n","protected":false},"excerpt":{"rendered":"<div class=\"mh-excerpt\"><p>Dificultades en el acceso demor\u00f3 llegada de Bomberos:\u00a0Al sitio del suceso fueron despachados inicialmente cinco carros de Bomberos, tres de los cuales no lograron acceder <a class=\"mh-excerpt-more\" href=\"https:\/\/www.eltrabajo.cl\/2017\/joven-mujer-muere-calcinada-al-quemarse-su-vivienda-de-material-ligero\/\" title=\"Joven mujer muere calcinada al quemarse su vivienda de material ligero\">[&#8230;]<\/a><\/p>\n<\/div>","protected":false},"author":1,"featured_media":86054,"comment_status":"open","ping_status":"open","sticky":false,"template":"","format":"standard","meta":{"_jetpack_newsletter_access":"","_jetpack_dont_email_post_to_subs":false,"_jetpack_newsletter_tier_id":0,"_jetpack_memberships_contains_paywalled_content":false,"_jetpack_memberships_contains_paid_content":false,"footnotes":""},"categories":[2],"tags":[],"class_list":["post-86053","post","type-post","status-publish","format-standard","has-post-thumbnail","hentry","category-policial"],"nelio_content":{"autoShareEndMode":"never","automationSources":{"useCustomSentences":false,"customSentences":[]},"efiAlt":"","efiUrl":"","followers":[],"highlights":[],"isAutoShareEnabled":true,"networkImageIds":[],"permalinkQueryArgs":[],"series":[],"suggestedReferences":[]},"jetpack_featured_media_url":"https:\/\/i0.wp.com\/www.eltrabajo.cl\/2017\/wp-content\/uploads\/2018\/04\/mujer-muere-calcinada-1.jpg?fit=579%2C406&ssl=1","jetpack_sharing_enabled":true,"_links":{"self":[{"href":"https:\/\/www.eltrabajo.cl\/2017\/wp-json\/wp\/v2\/posts\/86053","targetHints":{"allow":["GET"]}}],"collection":[{"href":"https:\/\/www.eltrabajo.cl\/2017\/wp-json\/wp\/v2\/posts"}],"about":[{"href":"https:\/\/www.eltrabajo.cl\/2017\/wp-json\/wp\/v2\/types\/post"}],"author":[{"embeddable":true,"href":"https:\/\/www.eltrabajo.cl\/2017\/wp-json\/wp\/v2\/users\/1"}],"replies":[{"embeddable":true,"href":"https:\/\/www.eltrabajo.cl\/2017\/wp-json\/wp\/v2\/comments?post=86053"}],"version-history":[{"count":1,"href":"https:\/\/www.eltrabajo.cl\/2017\/wp-json\/wp\/v2\/posts\/86053\/revisions"}],"predecessor-version":[{"id":86056,"href":"https:\/\/www.eltrabajo.cl\/2017\/wp-json\/wp\/v2\/posts\/86053\/revisions\/86056"}],"wp:featuredmedia":[{"embeddable":true,"href":"https:\/\/www.eltrabajo.cl\/2017\/wp-json\/wp\/v2\/media\/86054"}],"wp:attachment":[{"href":"https:\/\/www.eltrabajo.cl\/2017\/wp-json\/wp\/v2\/media?parent=86053"}],"wp:term":[{"taxonomy":"category","embeddable":true,"href":"https:\/\/www.eltrabajo.cl\/2017\/wp-json\/wp\/v2\/categories?post=86053"},{"taxonomy":"post_tag","embeddable":true,"href":"https:\/\/www.eltrabajo.cl\/2017\/wp-json\/wp\/v2\/tags?post=86053"}],"curies":[{"name":"wp","href":"https:\/\/api.w.org\/{rel}","templated":true}]}}