{"id":86059,"date":"2018-04-29T09:36:31","date_gmt":"2018-04-29T13:36:31","guid":{"rendered":"http:\/\/www.eltrabajo.cl\/2017\/?p=86059"},"modified":"2018-04-29T09:52:14","modified_gmt":"2018-04-29T13:52:14","slug":"consternacion-provoca-violacion-y-muerte-de-bebe-de-1-ano-7-meses","status":"publish","type":"post","link":"https:\/\/www.eltrabajo.cl\/2017\/consternacion-provoca-violacion-y-muerte-de-bebe-de-1-ano-7-meses\/","title":{"rendered":"Consternaci\u00f3n provoca violaci\u00f3n y muerte de beb\u00e9 de 1 a\u00f1o 7 meses"},"content":{"rendered":"<figure id=\"attachment_86062\" aria-describedby=\"caption-attachment-86062\" style=\"width: 800px\" class=\"wp-caption alignnone\"><img data-recalc-dims=\"1\" loading=\"lazy\" decoding=\"async\" class=\"size-full wp-image-86062\" src=\"https:\/\/i0.wp.com\/www.eltrabajo.cl\/2017\/wp-content\/uploads\/2018\/04\/WaterMark_2018-04-29-11-21-37.jpg?resize=800%2C450\" alt=\"El Tribunal instruy\u00f3 no divulgar el nombre del detenido, ya que a\u00fan no se encuentra formalizado y conforme a la ley, rige la presunci\u00f3n de inocencia.\" width=\"800\" height=\"450\" srcset=\"https:\/\/i0.wp.com\/www.eltrabajo.cl\/2017\/wp-content\/uploads\/2018\/04\/WaterMark_2018-04-29-11-21-37.jpg?w=800&amp;ssl=1 800w, https:\/\/i0.wp.com\/www.eltrabajo.cl\/2017\/wp-content\/uploads\/2018\/04\/WaterMark_2018-04-29-11-21-37.jpg?resize=600%2C338&amp;ssl=1 600w, https:\/\/i0.wp.com\/www.eltrabajo.cl\/2017\/wp-content\/uploads\/2018\/04\/WaterMark_2018-04-29-11-21-37.jpg?resize=300%2C169&amp;ssl=1 300w, https:\/\/i0.wp.com\/www.eltrabajo.cl\/2017\/wp-content\/uploads\/2018\/04\/WaterMark_2018-04-29-11-21-37.jpg?resize=768%2C432&amp;ssl=1 768w, https:\/\/i0.wp.com\/www.eltrabajo.cl\/2017\/wp-content\/uploads\/2018\/04\/WaterMark_2018-04-29-11-21-37.jpg?resize=150%2C84&amp;ssl=1 150w\" sizes=\"auto, (max-width: 800px) 100vw, 800px\" \/><figcaption id=\"caption-attachment-86062\" class=\"wp-caption-text\">El Tribunal instruy\u00f3 no divulgar el nombre del detenido, ya que a\u00fan no se encuentra formalizado y conforme a la ley, rige la presunci\u00f3n de inocencia.<\/figcaption><\/figure>\n<p>&nbsp;<\/p>\n<p>RINCONADA.- Profundo impacto y consternaci\u00f3n ha provocado en el Valle de Aconcagua la muerte de una beb\u00e9 de solo 1 a\u00f1o 7 meses de dad, quien fuera violada y golpeada por un chofer y ex candidado a concejal por la comuna de Rinconada .<br \/>\nEl acusado fue identificado como M.A.E.A., de 30 a\u00f1os de edad, pareja de una t\u00eda del a menor que estaba al cuidado dela ni\u00f1a por orden del tribunal de familia.<br \/>\nEl sujeto fue detenido por efectivos de la Polic\u00eda de Investigaciones luego que la menor de iniciales A.L.P. ingresara alrededor de las 2 de la madrugada del s\u00e1bado pasado hasta el Servicio de Urgencias del Hospital San Juan de Dios de Los Andes, presentando m\u00faltiples lesiones en su cuerpo que inmediatamente despertaron sospechas sobre una golpiza.<br \/>\nConsultada la pareja que llev\u00f3 a la ni\u00f1a al hospital, se\u00f1alaron que la menor se hab\u00eda ca\u00eddo de la cama, situaci\u00f3n que no correspond\u00eda con los hematomas que presentaba la peque\u00f1a, por lo que se procedi\u00f3 a realizar un examen m\u00e1s exhaustivo, constatando que presentaba lesiones y desgarros compatibles con una violaci\u00f3n.<br \/>\nDebido a la gravedad de sus lesiones la peque\u00f1a fue trasladada hasta el Hospital San Camilo de San Felipe, donde pese a todos los esfuerzos no fue posible salvarle la vida.<br \/>\nTras el deceso se inform\u00f3 del hecho al fiscal Ricardo Reinoso, quien dispuso las investigaciones a cargo de la Brigada de Delitos Sexualesde la PDI que detuvo al excandidato a concejal por el monstruoso crimen.<br \/>\nEl sujeto fue puesto a disposici\u00f3n del Tribunal de Garant\u00eda de Los Andes por el delito de violaci\u00f3n.<br \/>\nEn la audiencia de control de detenci\u00f3n efectuada la tarde del s\u00e1bado, el persecutor dio cuenta que la ni\u00f1a estaba bajo la tuici\u00f3n legal de su t\u00eda, quien es pareja del imputado, por un dictamen del Tribunal de Familia.<br \/>\nJustamente en horas de la tarde del viernes cuando la menor qued\u00f3 sola al cuidado del sujeto en un inmueble de la comuna de Rinconada, \u00e9ste habr\u00eda procedido a golpearla y violarla.<br \/>\nPara recabar mayores antecedentes del hecho la detenci\u00f3n del imputado se ampli\u00f3 en 48 horas, siendo enviado a la c\u00e1rcel de Quillota.<br \/>\nNoticia en Desarrollo\u2026<\/p>\n","protected":false},"excerpt":{"rendered":"<div class=\"mh-excerpt\"><p>&nbsp; RINCONADA.- Profundo impacto y consternaci\u00f3n ha provocado en el Valle de Aconcagua la muerte de una beb\u00e9 de solo 1 a\u00f1o 7 meses de <a class=\"mh-excerpt-more\" href=\"https:\/\/www.eltrabajo.cl\/2017\/consternacion-provoca-violacion-y-muerte-de-bebe-de-1-ano-7-meses\/\" title=\"Consternaci\u00f3n provoca violaci\u00f3n y muerte de beb\u00e9 de 1 a\u00f1o 7 meses\">[&#8230;]<\/a><\/p>\n<\/div>","protected":false},"author":1,"featured_media":86062,"comment_status":"open","ping_status":"open","sticky":false,"template":"","format":"standard","meta":{"_jetpack_newsletter_access":"","_jetpack_dont_email_post_to_subs":false,"_jetpack_newsletter_tier_id":0,"_jetpack_memberships_contains_paywalled_content":false,"_jetpack_memberships_contains_paid_content":false,"footnotes":""},"categories":[2],"tags":[],"class_list":["post-86059","post","type-post","status-publish","format-standard","has-post-thumbnail","hentry","category-policial"],"nelio_content":{"autoShareEndMode":"never","automationSources":{"useCustomSentences":false,"customSentences":[]},"efiAlt":"","efiUrl":"","followers":[],"highlights":[],"isAutoShareEnabled":true,"networkImageIds":[],"permalinkQueryArgs":[],"series":[],"suggestedReferences":[]},"jetpack_featured_media_url":"https:\/\/i0.wp.com\/www.eltrabajo.cl\/2017\/wp-content\/uploads\/2018\/04\/WaterMark_2018-04-29-11-21-37.jpg?fit=800%2C450&ssl=1","jetpack_sharing_enabled":true,"_links":{"self":[{"href":"https:\/\/www.eltrabajo.cl\/2017\/wp-json\/wp\/v2\/posts\/86059","targetHints":{"allow":["GET"]}}],"collection":[{"href":"https:\/\/www.eltrabajo.cl\/2017\/wp-json\/wp\/v2\/posts"}],"about":[{"href":"https:\/\/www.eltrabajo.cl\/2017\/wp-json\/wp\/v2\/types\/post"}],"author":[{"embeddable":true,"href":"https:\/\/www.eltrabajo.cl\/2017\/wp-json\/wp\/v2\/users\/1"}],"replies":[{"embeddable":true,"href":"https:\/\/www.eltrabajo.cl\/2017\/wp-json\/wp\/v2\/comments?post=86059"}],"version-history":[{"count":3,"href":"https:\/\/www.eltrabajo.cl\/2017\/wp-json\/wp\/v2\/posts\/86059\/revisions"}],"predecessor-version":[{"id":86064,"href":"https:\/\/www.eltrabajo.cl\/2017\/wp-json\/wp\/v2\/posts\/86059\/revisions\/86064"}],"wp:featuredmedia":[{"embeddable":true,"href":"https:\/\/www.eltrabajo.cl\/2017\/wp-json\/wp\/v2\/media\/86062"}],"wp:attachment":[{"href":"https:\/\/www.eltrabajo.cl\/2017\/wp-json\/wp\/v2\/media?parent=86059"}],"wp:term":[{"taxonomy":"category","embeddable":true,"href":"https:\/\/www.eltrabajo.cl\/2017\/wp-json\/wp\/v2\/categories?post=86059"},{"taxonomy":"post_tag","embeddable":true,"href":"https:\/\/www.eltrabajo.cl\/2017\/wp-json\/wp\/v2\/tags?post=86059"}],"curies":[{"name":"wp","href":"https:\/\/api.w.org\/{rel}","templated":true}]}}