{"id":86075,"date":"2018-05-02T05:02:45","date_gmt":"2018-05-02T09:02:45","guid":{"rendered":"http:\/\/www.eltrabajo.cl\/2017\/?p=86075"},"modified":"2018-05-01T21:36:08","modified_gmt":"2018-05-02T01:36:08","slug":"dos-detenidos-por-porte-de-armas-de-fuego-municiones-y-droga","status":"publish","type":"post","link":"https:\/\/www.eltrabajo.cl\/2017\/dos-detenidos-por-porte-de-armas-de-fuego-municiones-y-droga\/","title":{"rendered":"Dos detenidos por porte de armas de fuego, municiones y droga"},"content":{"rendered":"<figure id=\"attachment_86077\" aria-describedby=\"caption-attachment-86077\" style=\"width: 578px\" class=\"wp-caption alignnone\"><img data-recalc-dims=\"1\" loading=\"lazy\" decoding=\"async\" class=\"size-full wp-image-86077\" src=\"https:\/\/i0.wp.com\/www.eltrabajo.cl\/2017\/wp-content\/uploads\/2018\/05\/detenidos.jpg?resize=578%2C386\" alt=\"Los detenidos fueron derivados hasta el Juzgado de Garant\u00eda de San Felipe para ser formalizados por la Fiscal\u00eda.\" width=\"578\" height=\"386\" srcset=\"https:\/\/i0.wp.com\/www.eltrabajo.cl\/2017\/wp-content\/uploads\/2018\/05\/detenidos.jpg?w=578&amp;ssl=1 578w, https:\/\/i0.wp.com\/www.eltrabajo.cl\/2017\/wp-content\/uploads\/2018\/05\/detenidos.jpg?resize=300%2C200&amp;ssl=1 300w, https:\/\/i0.wp.com\/www.eltrabajo.cl\/2017\/wp-content\/uploads\/2018\/05\/detenidos.jpg?resize=150%2C100&amp;ssl=1 150w\" sizes=\"auto, (max-width: 578px) 100vw, 578px\" \/><figcaption id=\"caption-attachment-86077\" class=\"wp-caption-text\">Los detenidos fueron derivados hasta el Juzgado de Garant\u00eda de San Felipe para ser formalizados por la Fiscal\u00eda.<\/figcaption><\/figure>\n<ul>\n<li><strong><span style=\"color: #ff0000;\">Uno de ellos qued\u00f3 en prisi\u00f3n preventiva:<\/span>\u00a0Tras amplio operativo de Carabineros la noche de este s\u00e1bado, los sujetos fueron arrestados al circular movilizados con armamento de fuego. Adem\u00e1s, uno de los veh\u00edculos fiscalizados por los uniformados, hab\u00eda sido robado desde Calle Navarro momentos antes.<\/strong><\/li>\n<\/ul>\n<p>Un amplio operativo policial se despleg\u00f3 durante la noche de este s\u00e1bado luego de la denuncia de vecinos que informaron a Carabineros la ocurrencia de disparos en las inmediaciones de Villa Industrial de San Felipe, por desconocidos que se movilizaban en diferentes veh\u00edculos por dicho sector.<br \/>\nDe acuerdo a las diligencias policiales dos veh\u00edculos de color verde y otros de color gris, escaparon a gran velocidad al advertir la presencia de Carabineros desde Calle Duc\u00f3 esquina Dardignac en San Felipe, alrededor de las 21:55 horas del s\u00e1bado.<br \/>\nTras un seguimiento a los sospechosos, el conductor de uno de los m\u00f3viles fue interceptado en Poblaci\u00f3n Juli\u00e1n Gumiel, mismo que fue reducido por Carabineros luego de comprobarse que manten\u00eda adosado a su cuerpo un bolso en cuyo interior manten\u00eda dos armas de fuego y municiones calibre 9 mm.<br \/>\nEn paralelo, Carabineros persigui\u00f3 al segundo veh\u00edculo sospechoso, logrando ser interceptado en Calle Las Heras de San Felipe, cuyo conductor fue detenido tras comprobarse que mantendr\u00eda en su poder una pistola a fogueo sin munici\u00f3n, adem\u00e1s de un arma cortante y droga dentro del m\u00f3vil.<br \/>\nCarabineros inform\u00f3 que uno de los autom\u00f3viles fiscalizados hab\u00eda sido sustra\u00eddo momentos antes por uno de los detenidos desde Calle Navarro, cuyo propietario se encontraba efectuando la denuncia en la guardia de la Segunda Comisar\u00eda de Carabineros.<br \/>\nEl resultado de este operativo culmin\u00f3 con la incautaci\u00f3n de tres armamentos de fuego, una pistola a fogueo, municiones y droga, informando de los hechos al Fiscal de Turno, el que dispuso que los imputados fueran derivados al Juzgado de Garant\u00eda de San Felipe para su formalizaci\u00f3n.<br \/>\nEl imputado de iniciales J.H.C. tras su control de detenci\u00f3n qued\u00f3 sujeto a la cautelar de Prisi\u00f3n Preventiva, fij\u00e1ndose un plazo de 120 d\u00edas para la investigaci\u00f3n del caso.<br \/>\nEn tanto, el segundo detenido de iniciales C.S.O., fue dejado en libertad bajo las cautelares de Firma Mensual en Carabineros y Prohibici\u00f3n de salir del pa\u00eds mientras dure la investigaci\u00f3n a cargo de la Fiscal\u00eda de San Felipe.<br \/>\n<strong>Pablo Salinas Sald\u00edas<\/strong><\/p>\n<figure id=\"attachment_86076\" aria-describedby=\"caption-attachment-86076\" style=\"width: 578px\" class=\"wp-caption alignnone\"><img data-recalc-dims=\"1\" loading=\"lazy\" decoding=\"async\" class=\"size-full wp-image-86076\" src=\"https:\/\/i0.wp.com\/www.eltrabajo.cl\/2017\/wp-content\/uploads\/2018\/05\/armas-municiones.jpg?resize=578%2C402\" alt=\"Carabineros incaut\u00f3 las armas de fuego, a fogueo, municiones y droga. \" width=\"578\" height=\"402\" srcset=\"https:\/\/i0.wp.com\/www.eltrabajo.cl\/2017\/wp-content\/uploads\/2018\/05\/armas-municiones.jpg?w=578&amp;ssl=1 578w, https:\/\/i0.wp.com\/www.eltrabajo.cl\/2017\/wp-content\/uploads\/2018\/05\/armas-municiones.jpg?resize=300%2C209&amp;ssl=1 300w, https:\/\/i0.wp.com\/www.eltrabajo.cl\/2017\/wp-content\/uploads\/2018\/05\/armas-municiones.jpg?resize=150%2C104&amp;ssl=1 150w\" sizes=\"auto, (max-width: 578px) 100vw, 578px\" \/><figcaption id=\"caption-attachment-86076\" class=\"wp-caption-text\">Carabineros incaut\u00f3 las armas de fuego, a fogueo, municiones y droga.<\/figcaption><\/figure>\n","protected":false},"excerpt":{"rendered":"<div class=\"mh-excerpt\"><p>Uno de ellos qued\u00f3 en prisi\u00f3n preventiva:\u00a0Tras amplio operativo de Carabineros la noche de este s\u00e1bado, los sujetos fueron arrestados al circular movilizados con armamento <a class=\"mh-excerpt-more\" href=\"https:\/\/www.eltrabajo.cl\/2017\/dos-detenidos-por-porte-de-armas-de-fuego-municiones-y-droga\/\" title=\"Dos detenidos por porte de armas de fuego, municiones y droga\">[&#8230;]<\/a><\/p>\n<\/div>","protected":false},"author":1,"featured_media":86077,"comment_status":"open","ping_status":"open","sticky":false,"template":"","format":"standard","meta":{"_jetpack_newsletter_access":"","_jetpack_dont_email_post_to_subs":false,"_jetpack_newsletter_tier_id":0,"_jetpack_memberships_contains_paywalled_content":false,"_jetpack_memberships_contains_paid_content":false,"footnotes":""},"categories":[2],"tags":[],"class_list":["post-86075","post","type-post","status-publish","format-standard","has-post-thumbnail","hentry","category-policial"],"nelio_content":{"autoShareEndMode":"never","automationSources":{"useCustomSentences":false,"customSentences":[]},"efiAlt":"","efiUrl":"","followers":[],"highlights":[],"isAutoShareEnabled":true,"networkImageIds":[],"permalinkQueryArgs":[],"series":[],"suggestedReferences":[]},"jetpack_featured_media_url":"https:\/\/i0.wp.com\/www.eltrabajo.cl\/2017\/wp-content\/uploads\/2018\/05\/detenidos.jpg?fit=578%2C386&ssl=1","jetpack_sharing_enabled":true,"_links":{"self":[{"href":"https:\/\/www.eltrabajo.cl\/2017\/wp-json\/wp\/v2\/posts\/86075","targetHints":{"allow":["GET"]}}],"collection":[{"href":"https:\/\/www.eltrabajo.cl\/2017\/wp-json\/wp\/v2\/posts"}],"about":[{"href":"https:\/\/www.eltrabajo.cl\/2017\/wp-json\/wp\/v2\/types\/post"}],"author":[{"embeddable":true,"href":"https:\/\/www.eltrabajo.cl\/2017\/wp-json\/wp\/v2\/users\/1"}],"replies":[{"embeddable":true,"href":"https:\/\/www.eltrabajo.cl\/2017\/wp-json\/wp\/v2\/comments?post=86075"}],"version-history":[{"count":1,"href":"https:\/\/www.eltrabajo.cl\/2017\/wp-json\/wp\/v2\/posts\/86075\/revisions"}],"predecessor-version":[{"id":86078,"href":"https:\/\/www.eltrabajo.cl\/2017\/wp-json\/wp\/v2\/posts\/86075\/revisions\/86078"}],"wp:featuredmedia":[{"embeddable":true,"href":"https:\/\/www.eltrabajo.cl\/2017\/wp-json\/wp\/v2\/media\/86077"}],"wp:attachment":[{"href":"https:\/\/www.eltrabajo.cl\/2017\/wp-json\/wp\/v2\/media?parent=86075"}],"wp:term":[{"taxonomy":"category","embeddable":true,"href":"https:\/\/www.eltrabajo.cl\/2017\/wp-json\/wp\/v2\/categories?post=86075"},{"taxonomy":"post_tag","embeddable":true,"href":"https:\/\/www.eltrabajo.cl\/2017\/wp-json\/wp\/v2\/tags?post=86075"}],"curies":[{"name":"wp","href":"https:\/\/api.w.org\/{rel}","templated":true}]}}