{"id":86079,"date":"2018-05-02T05:05:13","date_gmt":"2018-05-02T09:05:13","guid":{"rendered":"http:\/\/www.eltrabajo.cl\/2017\/?p=86079"},"modified":"2018-05-01T21:41:30","modified_gmt":"2018-05-02T01:41:30","slug":"piden-pena-de-muerte-para-sospechoso-de-matar-a-la-pequena-ambar","status":"publish","type":"post","link":"https:\/\/www.eltrabajo.cl\/2017\/piden-pena-de-muerte-para-sospechoso-de-matar-a-la-pequena-ambar\/","title":{"rendered":"Piden Pena de Muerte para sospechoso de matar a la peque\u00f1a \u00c1mbar"},"content":{"rendered":"<figure id=\"attachment_86081\" aria-describedby=\"caption-attachment-86081\" style=\"width: 578px\" class=\"wp-caption alignnone\"><img data-recalc-dims=\"1\" loading=\"lazy\" decoding=\"async\" class=\"size-full wp-image-86081\" src=\"https:\/\/i0.wp.com\/www.eltrabajo.cl\/2017\/wp-content\/uploads\/2018\/05\/Ambar_Miguel-Andres-Espinoza-Aravena.jpg?resize=578%2C386\" alt=\"TRISTEMENTE C\u00c9LEBRE.- La formalizaci\u00f3n de Miguel Andr\u00e9s Espinoza Aravena estuvo a cargo del Fiscal Jefe del Ministerio P\u00fablico de Los Andes, Ricardo Reinoso Varas. FOTO:FRANCISCO FLORES SEGUEL \/ AGENCIAUNO\" width=\"578\" height=\"386\" srcset=\"https:\/\/i0.wp.com\/www.eltrabajo.cl\/2017\/wp-content\/uploads\/2018\/05\/Ambar_Miguel-Andres-Espinoza-Aravena.jpg?w=578&amp;ssl=1 578w, https:\/\/i0.wp.com\/www.eltrabajo.cl\/2017\/wp-content\/uploads\/2018\/05\/Ambar_Miguel-Andres-Espinoza-Aravena.jpg?resize=300%2C200&amp;ssl=1 300w, https:\/\/i0.wp.com\/www.eltrabajo.cl\/2017\/wp-content\/uploads\/2018\/05\/Ambar_Miguel-Andres-Espinoza-Aravena.jpg?resize=150%2C100&amp;ssl=1 150w\" sizes=\"auto, (max-width: 578px) 100vw, 578px\" \/><figcaption id=\"caption-attachment-86081\" class=\"wp-caption-text\">TRISTEMENTE C\u00c9LEBRE.- La formalizaci\u00f3n de Miguel Andr\u00e9s Espinoza Aravena estuvo a cargo del Fiscal Jefe del Ministerio P\u00fablico de Los Andes, Ricardo Reinoso Varas. FOTO:FRANCISCO FLORES SEGUEL \/ AGENCIAUNO<\/figcaption><\/figure>\n<ul>\n<li><span style=\"color: #ff0000;\"><strong>Miguel Andr\u00e9s Espinoza Aravena continuar\u00e1 en la c\u00e1rcel de Quillota:<\/strong><\/span><\/li>\n<\/ul>\n<p><strong>RINCONADA.-<\/strong> Luego que fuera de p\u00fablico conocimiento la espeluznante noticia en relaci\u00f3n a la violaci\u00f3n y asesinato de la indefensa e inocente \u00c1mbar Lazcano P\u00e1ez, ni\u00f1a de un a\u00f1o y ocho meses de edad que era vecina de Villa Colunqu\u00e9n de Rinconada. Por estos macabros delitos es objeto de investigaci\u00f3n el chofer y excandidato a concejal, Miguel Andr\u00e9s Espinoza Aravena (30), quien ya se encuentra formalizado por el delito de Violaci\u00f3n con homicidio y guardando prisi\u00f3n preventiva en la c\u00e1rcel de Quillota.<\/p>\n<p><span style=\"color: #ff0000;\"><strong>OBRA DE UN CHACAL<\/strong><\/span><br \/>\nLa formalizaci\u00f3n estuvo a cargo del Fiscal Jefe del Ministerio P\u00fablico de Los Andes, Ricardo Reinoso Varas, quien en su relato de los hechos dijo que el d\u00eda viernes a eso de las 21:00 horas, el ahora imputado le pidi\u00f3 a sus hijos que se fueran a la casa de su abuela, \u00aby una vez que \u00e9ste qued\u00f3 a solas con la menor en la casa que reside en Villa Colunqu\u00e9n de Rinconada, aprovech\u00f3 para violarla analmente\u00bb.<br \/>\nEl persecutor dijo que a ra\u00edz de la gravedad de las lesiones sufridas, sobre todo los desgarros que le provoc\u00f3 el ultraje, la peque\u00f1a \u00c1mbar falleci\u00f3 cerca del mediod\u00eda del s\u00e1bado a ra\u00edz de una falla sist\u00e9mica multiorg\u00e1nica.<br \/>\nEl persecutor dijo que conforme al relato que entreg\u00f3 el mismo imputado, las lesiones de \u00c1mbar eran atribuibles a que se hab\u00eda ca\u00eddo de la cama, \u00abpero esa cama tiene no m\u00e1s de 50 cent\u00edmetros de altura y a nuestro entender las lesiones que presentaba la ni\u00f1a no son compatibles con una ca\u00edda\u00bb.<br \/>\nAgreg\u00f3 que el sujeto estuvo solo al cuidado de la ni\u00f1a entre las 20:00 horas del viernes y una de la madrugada del s\u00e1bado, \u00abque es el momento en que llega la c\u00f3nyuge de esta persona y es en ese rango de tiempo en que \u00e9l est\u00e1 solo se le ocasionan las lesiones\u00bb.<\/p>\n<p><span style=\"color: #ff0000;\"><strong>PENA DE MUERTE<\/strong><\/span><br \/>\nNo s\u00f3lo los enardecidos manifestantes en las afueras de los Tribunales de Los Andes clamaban con ira por la reinstauraci\u00f3n de la Pena Capital para hacer frente a estos cr\u00edmenes, tambi\u00e9n sobre este lamentable hecho la diputada Camila Flores plante\u00f3 la necesidad de debatir sobre la reposici\u00f3n de la Pena de Muerte, \u00abestoy consternada con este crimen; como cristiana, me queda pedir a Dios que guarde a este angelito y como parlamentaria voy a insistir con la necesidad de hacer las modificaciones legales que correspondan para endurecer las penas frente a cr\u00edmenes tan terribles como \u00e9ste\u00bb, manifest\u00f3.<br \/>\nRespecto de esposa del imputado, Cintya P\u00e1ez, quien era la cuidadora de la ni\u00f1a, el fiscal precis\u00f3 que cuando ella lleg\u00f3 a eso de la una de la madrugada, entonces supo lo que hab\u00eda ocurrido y por eso ser\u00e1n investigadas todas aristas del caso.<\/p>\n<p><span style=\"color: #ff0000;\"><strong>UN SERIO PELIGRO<\/strong><\/span><br \/>\nEn caso de ser encontrado culpable, Espinoza arriesga una pena que parte en Presidio Perpetuo Simple. En virtud de los antecedentes expuestos, la magistrada Griselda Valenzuela consider\u00f3 que la libertad del imputado representa un peligro para la seguridad de la sociedad, decretando su ingreso a Prisi\u00f3n Preventiva por los seis meses que durar\u00e1 la investigaci\u00f3n.<\/p>\n<p><span style=\"color: #ff0000;\"><strong>LAS REACCIONES<\/strong><\/span><br \/>\nEl imputado cumplir\u00e1 la reclusi\u00f3n en la c\u00e1rcel de Petorca, donde existe un m\u00f3dulo especial para imputados por delitos sexuales. Durante el desarrollo de la audiencia, decenas de personas se apostaron en las afueras del Tribunal de Garant\u00eda para exigir justicia por este horrendo crimen. En un momento los enardecidos manifestantes comenzaron a lanzar piedras contra el edificio, rompiendo algunos ventanales.<\/p>\n<p><span style=\"color: #ff0000;\"><strong>T\u00edo de \u00c1mbar denunci\u00f3 discriminaci\u00f3n por ser homosexual y dijo que de haber estado a su cargo, hoy la menor estar\u00eda viva<\/strong><\/span><br \/>\n<strong>Rafael P\u00e1ez<\/strong>, t\u00edo paterno de \u00c1mbar, responsabiliz\u00f3 al Tribunal de Familia el no haber entregado la custodia de la peque\u00f1a por el hecho de ser homosexual. Visiblemente afectado Rafael lleg\u00f3 hasta el Tribunal de Garant\u00eda para exigir justicia para su sobrina, al igual que cientos de andinos que se sintieron impactados por su muerte.<br \/>\nRecord\u00f3 que hace ocho meses solicit\u00f3 la tuici\u00f3n de \u00c1mbar, pero no se la entregaron bajo argumentos que no ten\u00eda recursos econ\u00f3micos, ni lazos con la ni\u00f1a y que era homosexual. \u00abYo soy su t\u00edo y no importan mis preferencias sexuales, he venido a luchar por mi sobrina, ya que fui discriminado y ahora todos saben lo que ocurri\u00f3\u00bb, afirm\u00f3.<br \/>\nManifest\u00f3 que el acusado del crimen, Andr\u00e9s Espinoza Aravena, es un tipo violento, \u00absal\u00eda a carretear todos los fines de semana, tomaba y despu\u00e9s que le dieron la custodia a ellos, se tomaron una foto a las 3 de la ma\u00f1ana carreteando, \u00bfentonces de qu\u00e9 estamos hablando?\u00bb.<br \/>\nRafael insisti\u00f3 que luchar\u00e1 porque la justicia le entregue la tuici\u00f3n de la hermana mayor de \u00c1mbar, \u00abporque yo le voy a dar el amor que siempre le he dado y no que un Tribunal de Familia me venga a decir que no tengo lazos con mi sobrina porque no es as\u00ed\u00bb.<br \/>\nAcus\u00f3 que su hermana y madre biol\u00f3gica de \u00c1mbar ha sido c\u00f3mplice de todo esto, ya que ella sab\u00eda que hab\u00eda violencia en el hogar del Andr\u00e9s Espinoza, \u00abpues \u00e9l es un tipo violento y encuentro que es muy \u2018Cara de Raja\u2019 que ellos la hayan ido a dejar al hospital, sabiendo que la maltrat\u00f3 y la viol\u00f3, diciendo adem\u00e1s que se cay\u00f3 de la escalera\u00bb.<br \/>\nRafael dijo que a su hermana el Juzgado de Familia le quit\u00f3 el cuidado de sus hijas porque ten\u00eda problema de drogas y alcohol, \u00abpero es mentira, ya que el tema es que no ten\u00eda sus sentimientos equilibrados\u00bb.<\/p>\n<figure id=\"attachment_86080\" aria-describedby=\"caption-attachment-86080\" style=\"width: 579px\" class=\"wp-caption alignnone\"><img data-recalc-dims=\"1\" loading=\"lazy\" decoding=\"async\" class=\"size-full wp-image-86080\" src=\"https:\/\/i0.wp.com\/www.eltrabajo.cl\/2017\/wp-content\/uploads\/2018\/05\/Ambar_Ambar-Lazcano-Paez.jpg?resize=579%2C662\" alt=\"POR TI CLAMA CHILE.- \u00c1mbar Lazcano P\u00e1ez, inocente v\u00edctima. A\u00fan no cumpl\u00eda sus dos a\u00f1os de edad.\" width=\"579\" height=\"662\" srcset=\"https:\/\/i0.wp.com\/www.eltrabajo.cl\/2017\/wp-content\/uploads\/2018\/05\/Ambar_Ambar-Lazcano-Paez.jpg?w=579&amp;ssl=1 579w, https:\/\/i0.wp.com\/www.eltrabajo.cl\/2017\/wp-content\/uploads\/2018\/05\/Ambar_Ambar-Lazcano-Paez.jpg?resize=262%2C300&amp;ssl=1 262w, https:\/\/i0.wp.com\/www.eltrabajo.cl\/2017\/wp-content\/uploads\/2018\/05\/Ambar_Ambar-Lazcano-Paez.jpg?resize=131%2C150&amp;ssl=1 131w\" sizes=\"auto, (max-width: 579px) 100vw, 579px\" \/><figcaption id=\"caption-attachment-86080\" class=\"wp-caption-text\">POR TI CLAMA CHILE.- \u00c1mbar Lazcano P\u00e1ez, inocente v\u00edctima. A\u00fan no cumpl\u00eda sus dos a\u00f1os de edad.<\/figcaption><\/figure>\n<figure id=\"attachment_86082\" aria-describedby=\"caption-attachment-86082\" style=\"width: 578px\" class=\"wp-caption alignnone\"><img data-recalc-dims=\"1\" loading=\"lazy\" decoding=\"async\" class=\"size-full wp-image-86082\" src=\"https:\/\/i0.wp.com\/www.eltrabajo.cl\/2017\/wp-content\/uploads\/2018\/05\/Ambar1.jpg?resize=578%2C386\" alt=\"IRA Y CONSTERNACI\u00d3N.- En un momento los enardecidos manifestantes comenzaron a lanzar piedras contra el edificio, rompiendo algunos ventanales.\" width=\"578\" height=\"386\" srcset=\"https:\/\/i0.wp.com\/www.eltrabajo.cl\/2017\/wp-content\/uploads\/2018\/05\/Ambar1.jpg?w=578&amp;ssl=1 578w, https:\/\/i0.wp.com\/www.eltrabajo.cl\/2017\/wp-content\/uploads\/2018\/05\/Ambar1.jpg?resize=300%2C200&amp;ssl=1 300w, https:\/\/i0.wp.com\/www.eltrabajo.cl\/2017\/wp-content\/uploads\/2018\/05\/Ambar1.jpg?resize=150%2C100&amp;ssl=1 150w\" sizes=\"auto, (max-width: 578px) 100vw, 578px\" \/><figcaption id=\"caption-attachment-86082\" class=\"wp-caption-text\">IRA Y CONSTERNACI\u00d3N.- En un momento los enardecidos manifestantes comenzaron a lanzar piedras contra el edificio, rompiendo algunos ventanales.<\/figcaption><\/figure>\n<figure id=\"attachment_86083\" aria-describedby=\"caption-attachment-86083\" style=\"width: 579px\" class=\"wp-caption alignnone\"><img data-recalc-dims=\"1\" loading=\"lazy\" decoding=\"async\" class=\"size-full wp-image-86083\" src=\"https:\/\/i0.wp.com\/www.eltrabajo.cl\/2017\/wp-content\/uploads\/2018\/05\/Tio_Rafael-Paez.jpg?resize=579%2C486\" alt=\"Rafael P\u00e1ez, t\u00edo de la ni\u00f1a asesinada.\" width=\"579\" height=\"486\" srcset=\"https:\/\/i0.wp.com\/www.eltrabajo.cl\/2017\/wp-content\/uploads\/2018\/05\/Tio_Rafael-Paez.jpg?w=579&amp;ssl=1 579w, https:\/\/i0.wp.com\/www.eltrabajo.cl\/2017\/wp-content\/uploads\/2018\/05\/Tio_Rafael-Paez.jpg?resize=300%2C252&amp;ssl=1 300w, https:\/\/i0.wp.com\/www.eltrabajo.cl\/2017\/wp-content\/uploads\/2018\/05\/Tio_Rafael-Paez.jpg?resize=150%2C126&amp;ssl=1 150w\" sizes=\"auto, (max-width: 579px) 100vw, 579px\" \/><figcaption id=\"caption-attachment-86083\" class=\"wp-caption-text\">Rafael P\u00e1ez, t\u00edo de la ni\u00f1a asesinada.<\/figcaption><\/figure>\n","protected":false},"excerpt":{"rendered":"<div class=\"mh-excerpt\"><p>Miguel Andr\u00e9s Espinoza Aravena continuar\u00e1 en la c\u00e1rcel de Quillota: RINCONADA.- Luego que fuera de p\u00fablico conocimiento la espeluznante noticia en relaci\u00f3n a la violaci\u00f3n <a class=\"mh-excerpt-more\" href=\"https:\/\/www.eltrabajo.cl\/2017\/piden-pena-de-muerte-para-sospechoso-de-matar-a-la-pequena-ambar\/\" title=\"Piden Pena de Muerte para sospechoso de matar a la peque\u00f1a \u00c1mbar\">[&#8230;]<\/a><\/p>\n<\/div>","protected":false},"author":1,"featured_media":86081,"comment_status":"open","ping_status":"open","sticky":false,"template":"","format":"standard","meta":{"_jetpack_newsletter_access":"","_jetpack_dont_email_post_to_subs":false,"_jetpack_newsletter_tier_id":0,"_jetpack_memberships_contains_paywalled_content":false,"_jetpack_memberships_contains_paid_content":false,"footnotes":""},"categories":[2],"tags":[],"class_list":["post-86079","post","type-post","status-publish","format-standard","has-post-thumbnail","hentry","category-policial"],"nelio_content":{"autoShareEndMode":"never","automationSources":{"useCustomSentences":false,"customSentences":[]},"efiAlt":"","efiUrl":"","followers":[],"highlights":[],"isAutoShareEnabled":true,"networkImageIds":[],"permalinkQueryArgs":[],"series":[],"suggestedReferences":[]},"jetpack_featured_media_url":"https:\/\/i0.wp.com\/www.eltrabajo.cl\/2017\/wp-content\/uploads\/2018\/05\/Ambar_Miguel-Andres-Espinoza-Aravena.jpg?fit=578%2C386&ssl=1","jetpack_sharing_enabled":true,"_links":{"self":[{"href":"https:\/\/www.eltrabajo.cl\/2017\/wp-json\/wp\/v2\/posts\/86079","targetHints":{"allow":["GET"]}}],"collection":[{"href":"https:\/\/www.eltrabajo.cl\/2017\/wp-json\/wp\/v2\/posts"}],"about":[{"href":"https:\/\/www.eltrabajo.cl\/2017\/wp-json\/wp\/v2\/types\/post"}],"author":[{"embeddable":true,"href":"https:\/\/www.eltrabajo.cl\/2017\/wp-json\/wp\/v2\/users\/1"}],"replies":[{"embeddable":true,"href":"https:\/\/www.eltrabajo.cl\/2017\/wp-json\/wp\/v2\/comments?post=86079"}],"version-history":[{"count":1,"href":"https:\/\/www.eltrabajo.cl\/2017\/wp-json\/wp\/v2\/posts\/86079\/revisions"}],"predecessor-version":[{"id":86084,"href":"https:\/\/www.eltrabajo.cl\/2017\/wp-json\/wp\/v2\/posts\/86079\/revisions\/86084"}],"wp:featuredmedia":[{"embeddable":true,"href":"https:\/\/www.eltrabajo.cl\/2017\/wp-json\/wp\/v2\/media\/86081"}],"wp:attachment":[{"href":"https:\/\/www.eltrabajo.cl\/2017\/wp-json\/wp\/v2\/media?parent=86079"}],"wp:term":[{"taxonomy":"category","embeddable":true,"href":"https:\/\/www.eltrabajo.cl\/2017\/wp-json\/wp\/v2\/categories?post=86079"},{"taxonomy":"post_tag","embeddable":true,"href":"https:\/\/www.eltrabajo.cl\/2017\/wp-json\/wp\/v2\/tags?post=86079"}],"curies":[{"name":"wp","href":"https:\/\/api.w.org\/{rel}","templated":true}]}}