{"id":86085,"date":"2018-05-02T05:04:41","date_gmt":"2018-05-02T09:04:41","guid":{"rendered":"http:\/\/www.eltrabajo.cl\/2017\/?p=86085"},"modified":"2018-05-01T21:43:09","modified_gmt":"2018-05-02T01:43:09","slug":"dos-familias-afectadas-tras-violento-asalto-simultaneo-en-los-molles","status":"publish","type":"post","link":"https:\/\/www.eltrabajo.cl\/2017\/dos-familias-afectadas-tras-violento-asalto-simultaneo-en-los-molles\/","title":{"rendered":"Dos familias afectadas tras violento asalto simult\u00e1neo en Los Molles"},"content":{"rendered":"<ul>\n<li><strong><span style=\"color: #ff0000;\">Cinco sujetos maniataron y golpearon a v\u00edctimas:\u00a0<\/span>Antisociales huyeron en veh\u00edculo, llev\u00e1ndose consigo una cantidad indeterminada de tecnolog\u00eda y joyas. La PDI investiga el hecho ocurrido la ma\u00f1ana del pasado viernes en San Felipe.<\/strong><\/li>\n<\/ul>\n<p>De manera simult\u00e1nea dos asaltos se ejecutaron la ma\u00f1ana de este viernes, luego que cinco sujetos a rostro descubierto irrumpir\u00e1n en dos viviendas colindantes en el sector Los Molles de San Felipe, intimidando a sus propietarios con armas de fuego, logrando apoderarse de un suculento bot\u00edn en art\u00edculos de tecnolog\u00eda, joyas y otras especies, para fugarse luego sin que se haya logrado hasta el momento su captura por parte de las autoridades.<br \/>\nA ra\u00edz de ambas denuncias efectuadas a Carabineros por Robo con violencia e Intimidaci\u00f3n, la Fiscal\u00eda orden\u00f3 las diligencias de la Brigada de Robos de la PDI de Los Andes.<br \/>\nEl Jefe de esta secci\u00f3n de la Polic\u00eda Civil, comisario Germ\u00e1n L\u00f3pez, inform\u00f3 a Diario El Trabajo que la banda delictual irrumpi\u00f3 en la primera vivienda premunidos con armamentos e intimidando a la due\u00f1a de casa, quien se encontraba junto a su hijo menor de edad, ambos fueron maniatados para luego sustraer diversos art\u00edculos de alto valor comercial como pantallas LED, joyas y computadores entre otras especies.<br \/>\nEn paralelo los antisociales aprovecharon la instancia escalando el muro de cierre perimetral para ingresar a la vivienda vecina, encontr\u00e1ndose en el interior con un matrimonio de adultos mayores, siendo uno de ellos agredido en distintas partes de su cuerpo tras intentar repelar el robo de sus especies, sin embargo ante el numeroso grupo de delincuentes, de igual forma lograron robar diversos electrodom\u00e9sticos y tecnolog\u00eda de valor a\u00fan no determinados.<br \/>\nEl oficial policial precis\u00f3 que dentro de las diligencias policiales para lograr establecer la identidad de los integrantes de esta banda, el personal especializado efectu\u00f3 levantamiento de huellas dactilares, \u201cse est\u00e1n haciendo todas las diligencias para establecer la identidad de los autores de este hecho que es materia de investigaci\u00f3n\u201d a\u00f1adi\u00f3.<\/p>\n<p><span style=\"color: #ff0000;\"><strong>A\u00daN EN FUGA<\/strong><\/span><br \/>\nLos delincuentes habr\u00edan escapado con las especies a bordo de una camioneta en direcci\u00f3n desconocida, sin que hasta el momento se haya concretado su captura. La Polic\u00eda civil se encuentra periciando las im\u00e1genes obtenidas de c\u00e1maras de vigilancia para lograr establecer la individualizaci\u00f3n de estos sujetos quienes habr\u00edan actuado a rostro descubierto.<br \/>\n\u201cNosotros estamos haciendo las diligencias para el reconocimiento fotogr\u00e1fico. Estas diligencias debieron esperar en atenci\u00f3n a que las v\u00edctimas se encontraban bastantes choqueadas tras la repentina acci\u00f3n delictual de estos sujetos\u201d se\u00f1al\u00f3 el Comisario L\u00f3pez.<br \/>\nLa Polic\u00eda Civil investigar\u00e1 adem\u00e1s, si estos delincuentes integran una banda delictual conformada con anterioridad o fue una junta casual para perpetrar los delitos denunciados, debi\u00e9ndose establecer si registran domicilio en San Felipe o provienen de la regi\u00f3n metropolitana.<br \/>\n\u201cSe trabaj\u00f3 con tres equipos investigativos, dos de la Brigada de Robo m\u00e1s un tercero encargado de levantamiento de huellas, tratando de levantar la mayor cantidad de evidencias desde el lugar para su an\u00e1lisis y establecer quienes son los autores\u201d concluy\u00f3 el oficial policial.<br \/>\n<strong>Pablo Salinas Sald\u00edas<\/strong><\/p>\n<figure id=\"attachment_86086\" aria-describedby=\"caption-attachment-86086\" style=\"width: 580px\" class=\"wp-caption alignnone\"><img data-recalc-dims=\"1\" loading=\"lazy\" decoding=\"async\" class=\"size-full wp-image-86086\" src=\"https:\/\/i0.wp.com\/www.eltrabajo.cl\/2017\/wp-content\/uploads\/2018\/05\/OPERATIVO-LOS-MOLLES.jpg?resize=580%2C435\" alt=\"Personal de Carabineros concurri\u00f3 al sitio del suceso la ma\u00f1ana de este viernes en el sector Los Molles de San Felipe.\" width=\"580\" height=\"435\" srcset=\"https:\/\/i0.wp.com\/www.eltrabajo.cl\/2017\/wp-content\/uploads\/2018\/05\/OPERATIVO-LOS-MOLLES.jpg?w=580&amp;ssl=1 580w, https:\/\/i0.wp.com\/www.eltrabajo.cl\/2017\/wp-content\/uploads\/2018\/05\/OPERATIVO-LOS-MOLLES.jpg?resize=300%2C225&amp;ssl=1 300w, https:\/\/i0.wp.com\/www.eltrabajo.cl\/2017\/wp-content\/uploads\/2018\/05\/OPERATIVO-LOS-MOLLES.jpg?resize=150%2C113&amp;ssl=1 150w\" sizes=\"auto, (max-width: 580px) 100vw, 580px\" \/><figcaption id=\"caption-attachment-86086\" class=\"wp-caption-text\">Personal de Carabineros concurri\u00f3 al sitio del suceso la ma\u00f1ana de este viernes en el sector Los Molles de San Felipe.<\/figcaption><\/figure>\n","protected":false},"excerpt":{"rendered":"<div class=\"mh-excerpt\"><p>Cinco sujetos maniataron y golpearon a v\u00edctimas:\u00a0Antisociales huyeron en veh\u00edculo, llev\u00e1ndose consigo una cantidad indeterminada de tecnolog\u00eda y joyas. La PDI investiga el hecho ocurrido <a class=\"mh-excerpt-more\" href=\"https:\/\/www.eltrabajo.cl\/2017\/dos-familias-afectadas-tras-violento-asalto-simultaneo-en-los-molles\/\" title=\"Dos familias afectadas tras violento asalto simult\u00e1neo en Los Molles\">[&#8230;]<\/a><\/p>\n<\/div>","protected":false},"author":1,"featured_media":86086,"comment_status":"open","ping_status":"open","sticky":false,"template":"","format":"standard","meta":{"_jetpack_newsletter_access":"","_jetpack_dont_email_post_to_subs":false,"_jetpack_newsletter_tier_id":0,"_jetpack_memberships_contains_paywalled_content":false,"_jetpack_memberships_contains_paid_content":false,"footnotes":""},"categories":[2],"tags":[],"class_list":["post-86085","post","type-post","status-publish","format-standard","has-post-thumbnail","hentry","category-policial"],"nelio_content":{"autoShareEndMode":"never","automationSources":{"useCustomSentences":false,"customSentences":[]},"efiAlt":"","efiUrl":"","followers":[],"highlights":[],"isAutoShareEnabled":true,"networkImageIds":[],"permalinkQueryArgs":[],"series":[],"suggestedReferences":[]},"jetpack_featured_media_url":"https:\/\/i0.wp.com\/www.eltrabajo.cl\/2017\/wp-content\/uploads\/2018\/05\/OPERATIVO-LOS-MOLLES.jpg?fit=580%2C435&ssl=1","jetpack_sharing_enabled":true,"_links":{"self":[{"href":"https:\/\/www.eltrabajo.cl\/2017\/wp-json\/wp\/v2\/posts\/86085","targetHints":{"allow":["GET"]}}],"collection":[{"href":"https:\/\/www.eltrabajo.cl\/2017\/wp-json\/wp\/v2\/posts"}],"about":[{"href":"https:\/\/www.eltrabajo.cl\/2017\/wp-json\/wp\/v2\/types\/post"}],"author":[{"embeddable":true,"href":"https:\/\/www.eltrabajo.cl\/2017\/wp-json\/wp\/v2\/users\/1"}],"replies":[{"embeddable":true,"href":"https:\/\/www.eltrabajo.cl\/2017\/wp-json\/wp\/v2\/comments?post=86085"}],"version-history":[{"count":1,"href":"https:\/\/www.eltrabajo.cl\/2017\/wp-json\/wp\/v2\/posts\/86085\/revisions"}],"predecessor-version":[{"id":86087,"href":"https:\/\/www.eltrabajo.cl\/2017\/wp-json\/wp\/v2\/posts\/86085\/revisions\/86087"}],"wp:featuredmedia":[{"embeddable":true,"href":"https:\/\/www.eltrabajo.cl\/2017\/wp-json\/wp\/v2\/media\/86086"}],"wp:attachment":[{"href":"https:\/\/www.eltrabajo.cl\/2017\/wp-json\/wp\/v2\/media?parent=86085"}],"wp:term":[{"taxonomy":"category","embeddable":true,"href":"https:\/\/www.eltrabajo.cl\/2017\/wp-json\/wp\/v2\/categories?post=86085"},{"taxonomy":"post_tag","embeddable":true,"href":"https:\/\/www.eltrabajo.cl\/2017\/wp-json\/wp\/v2\/tags?post=86085"}],"curies":[{"name":"wp","href":"https:\/\/api.w.org\/{rel}","templated":true}]}}