{"id":86093,"date":"2018-05-03T05:01:54","date_gmt":"2018-05-03T09:01:54","guid":{"rendered":"http:\/\/www.eltrabajo.cl\/2017\/?p=86093"},"modified":"2018-05-02T19:58:55","modified_gmt":"2018-05-02T23:58:55","slug":"seis-personas-lesionadas-dejo-violenta-colision-frontal-entre-vehiculos","status":"publish","type":"post","link":"https:\/\/www.eltrabajo.cl\/2017\/seis-personas-lesionadas-dejo-violenta-colision-frontal-entre-vehiculos\/","title":{"rendered":"Seis personas lesionadas dej\u00f3 violenta colisi\u00f3n frontal entre veh\u00edculos"},"content":{"rendered":"<figure id=\"attachment_86095\" aria-describedby=\"caption-attachment-86095\" style=\"width: 578px\" class=\"wp-caption alignnone\"><img data-recalc-dims=\"1\" loading=\"lazy\" decoding=\"async\" class=\"size-full wp-image-86095\" src=\"https:\/\/i0.wp.com\/www.eltrabajo.cl\/2017\/wp-content\/uploads\/2018\/05\/ACCIDENTE-SANTA-MARIA-2.jpg?resize=578%2C335\" alt=\"Al accidente concurri\u00f3 personal del Samu, Bomberos y Carabineros de la Tenencia de Santa Mar\u00eda. (Fotograf\u00eda: @ItaloValdivia).\" width=\"578\" height=\"335\" srcset=\"https:\/\/i0.wp.com\/www.eltrabajo.cl\/2017\/wp-content\/uploads\/2018\/05\/ACCIDENTE-SANTA-MARIA-2.jpg?w=578&amp;ssl=1 578w, https:\/\/i0.wp.com\/www.eltrabajo.cl\/2017\/wp-content\/uploads\/2018\/05\/ACCIDENTE-SANTA-MARIA-2.jpg?resize=300%2C174&amp;ssl=1 300w, https:\/\/i0.wp.com\/www.eltrabajo.cl\/2017\/wp-content\/uploads\/2018\/05\/ACCIDENTE-SANTA-MARIA-2.jpg?resize=150%2C87&amp;ssl=1 150w\" sizes=\"auto, (max-width: 578px) 100vw, 578px\" \/><figcaption id=\"caption-attachment-86095\" class=\"wp-caption-text\">Al accidente concurri\u00f3 personal del Samu, Bomberos y Carabineros de la Tenencia de Santa Mar\u00eda. (Fotograf\u00eda: @ItaloValdivia).<\/figcaption><\/figure>\n<ul>\n<li><span style=\"color: #ff0000;\"><strong>En ruta de Santa Mar\u00eda:\u00a0El accidente ocurri\u00f3 el pasado domingo y por causas que se investigan, uno de los m\u00f3viles habr\u00eda traspasado el eje central de calzada originando la violenta colisi\u00f3n.<\/strong><\/span><\/li>\n<\/ul>\n<p>Cinco personas adultas y una menor de edad lesionadas, fue el saldo de una violenta colisi\u00f3n frontal entre dos veh\u00edculos particulares que se origin\u00f3 este domingo en la ruta ubicada a un costado del Cerro Bar\u00f3n en la comuna de Santa Mar\u00eda.<br \/>\nPor causas que se investigan, uno de los veh\u00edculos involucrados habr\u00eda traspasado el eje central de la calzada, originando el accidente de tr\u00e1nsito.<br \/>\nA la emergencia debi\u00f3 concurrir personal de Bomberos, Carabineros y el Samu, quienes asistieron a los tripulantes que resultaron con lesiones de car\u00e1cter leve.<br \/>\nEn tanto debido al fuerte impacto entre los m\u00f3viles, se originaron da\u00f1os de consideraci\u00f3n en ambas carrocer\u00edas.<br \/>\nCarabineros inform\u00f3 que entre los conductores no existi\u00f3 la presencia de alcohol, derivando los antecedentes al Juzgado de Polic\u00eda Local de Santa Mar\u00eda.<br \/>\n<strong>Pablo Salinas Sald\u00edas<\/strong><\/p>\n<figure id=\"attachment_86094\" aria-describedby=\"caption-attachment-86094\" style=\"width: 579px\" class=\"wp-caption alignnone\"><img data-recalc-dims=\"1\" loading=\"lazy\" decoding=\"async\" class=\"size-full wp-image-86094\" src=\"https:\/\/i0.wp.com\/www.eltrabajo.cl\/2017\/wp-content\/uploads\/2018\/05\/ACCIDENTE-SANTA-MARIA-1.jpg?resize=579%2C399\" alt=\"La colisi\u00f3n frontal entre los dos veh\u00edculos ocurri\u00f3 el pasado domingo en Santa Mar\u00eda, dejando seis personas lesionadas. (Fotograf\u00eda: @ItaloValdivia).\" width=\"579\" height=\"399\" srcset=\"https:\/\/i0.wp.com\/www.eltrabajo.cl\/2017\/wp-content\/uploads\/2018\/05\/ACCIDENTE-SANTA-MARIA-1.jpg?w=579&amp;ssl=1 579w, https:\/\/i0.wp.com\/www.eltrabajo.cl\/2017\/wp-content\/uploads\/2018\/05\/ACCIDENTE-SANTA-MARIA-1.jpg?resize=300%2C207&amp;ssl=1 300w, https:\/\/i0.wp.com\/www.eltrabajo.cl\/2017\/wp-content\/uploads\/2018\/05\/ACCIDENTE-SANTA-MARIA-1.jpg?resize=150%2C103&amp;ssl=1 150w\" sizes=\"auto, (max-width: 579px) 100vw, 579px\" \/><figcaption id=\"caption-attachment-86094\" class=\"wp-caption-text\">La colisi\u00f3n frontal entre los dos veh\u00edculos ocurri\u00f3 el pasado domingo en Santa Mar\u00eda, dejando seis personas lesionadas. (Fotograf\u00eda: @ItaloValdivia).<\/figcaption><\/figure>\n","protected":false},"excerpt":{"rendered":"<div class=\"mh-excerpt\"><p>En ruta de Santa Mar\u00eda:\u00a0El accidente ocurri\u00f3 el pasado domingo y por causas que se investigan, uno de los m\u00f3viles habr\u00eda traspasado el eje central <a class=\"mh-excerpt-more\" href=\"https:\/\/www.eltrabajo.cl\/2017\/seis-personas-lesionadas-dejo-violenta-colision-frontal-entre-vehiculos\/\" title=\"Seis personas lesionadas dej\u00f3 violenta colisi\u00f3n frontal entre veh\u00edculos\">[&#8230;]<\/a><\/p>\n<\/div>","protected":false},"author":1,"featured_media":86094,"comment_status":"open","ping_status":"open","sticky":false,"template":"","format":"standard","meta":{"_jetpack_newsletter_access":"","_jetpack_dont_email_post_to_subs":false,"_jetpack_newsletter_tier_id":0,"_jetpack_memberships_contains_paywalled_content":false,"_jetpack_memberships_contains_paid_content":false,"footnotes":""},"categories":[2],"tags":[],"class_list":["post-86093","post","type-post","status-publish","format-standard","has-post-thumbnail","hentry","category-policial"],"nelio_content":{"autoShareEndMode":"never","automationSources":{"useCustomSentences":false,"customSentences":[]},"efiAlt":"","efiUrl":"","followers":[],"highlights":[],"isAutoShareEnabled":true,"networkImageIds":[],"permalinkQueryArgs":[],"series":[],"suggestedReferences":[]},"jetpack_featured_media_url":"https:\/\/i0.wp.com\/www.eltrabajo.cl\/2017\/wp-content\/uploads\/2018\/05\/ACCIDENTE-SANTA-MARIA-1.jpg?fit=579%2C399&ssl=1","jetpack_sharing_enabled":true,"_links":{"self":[{"href":"https:\/\/www.eltrabajo.cl\/2017\/wp-json\/wp\/v2\/posts\/86093","targetHints":{"allow":["GET"]}}],"collection":[{"href":"https:\/\/www.eltrabajo.cl\/2017\/wp-json\/wp\/v2\/posts"}],"about":[{"href":"https:\/\/www.eltrabajo.cl\/2017\/wp-json\/wp\/v2\/types\/post"}],"author":[{"embeddable":true,"href":"https:\/\/www.eltrabajo.cl\/2017\/wp-json\/wp\/v2\/users\/1"}],"replies":[{"embeddable":true,"href":"https:\/\/www.eltrabajo.cl\/2017\/wp-json\/wp\/v2\/comments?post=86093"}],"version-history":[{"count":1,"href":"https:\/\/www.eltrabajo.cl\/2017\/wp-json\/wp\/v2\/posts\/86093\/revisions"}],"predecessor-version":[{"id":86096,"href":"https:\/\/www.eltrabajo.cl\/2017\/wp-json\/wp\/v2\/posts\/86093\/revisions\/86096"}],"wp:featuredmedia":[{"embeddable":true,"href":"https:\/\/www.eltrabajo.cl\/2017\/wp-json\/wp\/v2\/media\/86094"}],"wp:attachment":[{"href":"https:\/\/www.eltrabajo.cl\/2017\/wp-json\/wp\/v2\/media?parent=86093"}],"wp:term":[{"taxonomy":"category","embeddable":true,"href":"https:\/\/www.eltrabajo.cl\/2017\/wp-json\/wp\/v2\/categories?post=86093"},{"taxonomy":"post_tag","embeddable":true,"href":"https:\/\/www.eltrabajo.cl\/2017\/wp-json\/wp\/v2\/tags?post=86093"}],"curies":[{"name":"wp","href":"https:\/\/api.w.org\/{rel}","templated":true}]}}