{"id":86102,"date":"2018-05-03T05:03:36","date_gmt":"2018-05-03T09:03:36","guid":{"rendered":"http:\/\/www.eltrabajo.cl\/2017\/?p=86102"},"modified":"2018-05-08T08:56:41","modified_gmt":"2018-05-08T12:56:41","slug":"muerte-de-joven-de-27-anos-atropellado-por-camion-habria-sido-suicidio","status":"publish","type":"post","link":"https:\/\/www.eltrabajo.cl\/2017\/muerte-de-joven-de-27-anos-atropellado-por-camion-habria-sido-suicidio\/","title":{"rendered":"Muerte de joven de 27 a\u00f1os atropellado por cami\u00f3n habr\u00eda sido suicidio"},"content":{"rendered":"<figure id=\"attachment_86104\" aria-describedby=\"caption-attachment-86104\" style=\"width: 579px\" class=\"wp-caption alignnone\"><img data-recalc-dims=\"1\" loading=\"lazy\" decoding=\"async\" class=\"size-full wp-image-86104\" src=\"https:\/\/i0.wp.com\/www.eltrabajo.cl\/2017\/wp-content\/uploads\/2018\/05\/OLIVER-ARANCIBIA-BELTRAN.jpg?resize=579%2C588\" alt=\"Oliver Arancibia Beltr\u00e1n ten\u00eda 27 a\u00f1os de edad.\" width=\"579\" height=\"588\" srcset=\"https:\/\/i0.wp.com\/www.eltrabajo.cl\/2017\/wp-content\/uploads\/2018\/05\/OLIVER-ARANCIBIA-BELTRAN.jpg?w=579&amp;ssl=1 579w, https:\/\/i0.wp.com\/www.eltrabajo.cl\/2017\/wp-content\/uploads\/2018\/05\/OLIVER-ARANCIBIA-BELTRAN.jpg?resize=295%2C300&amp;ssl=1 295w, https:\/\/i0.wp.com\/www.eltrabajo.cl\/2017\/wp-content\/uploads\/2018\/05\/OLIVER-ARANCIBIA-BELTRAN.jpg?resize=148%2C150&amp;ssl=1 148w\" sizes=\"auto, (max-width: 579px) 100vw, 579px\" \/><figcaption id=\"caption-attachment-86104\" class=\"wp-caption-text\">Oliver Arancibia Beltr\u00e1n ten\u00eda 27 a\u00f1os de edad.<\/figcaption><\/figure>\n<ul>\n<li><strong><span style=\"color: #ff0000;\">Seg\u00fan declaraci\u00f3n de familiares y testigos del hecho ocurrido en Llay Llay:<\/span>\u00a0La Brigada de Homicidios abri\u00f3 una investigaci\u00f3n que apuntar\u00eda a que el joven identificado como Oliver Arancibia Beltr\u00e1n habr\u00eda cruzado la ruta tras sostener una discusi\u00f3n con su pareja por ingesta alcoh\u00f3lica.<\/strong><\/li>\n<\/ul>\n<p>La Brigada de Homicidios de la PDI de Los Andes abri\u00f3 una investigaci\u00f3n respecto al fallecimiento de un joven de 27 a\u00f1os de edad identificado como Oliver Arancibia Beltr\u00e1n, quien habr\u00eda cruzado la calzada de la ruta 5 Norte en el kil\u00f3metro 90 de la comuna de Llay Llay, siendo atropellado por un cami\u00f3n, cuyo deceso fue catalogado por la Polic\u00eda en primera instancia como un suicidio.<br \/>\nEl fatal desenlace se origin\u00f3 en horas de la tarde de este lunes, seg\u00fan la declaraci\u00f3n de los familiares del actual fallecido, quienes indicaron que en esos momentos el joven se encontraba en la vivienda ubicada en un costado de dicha ruta, ingiriendo bebidas alcoh\u00f3licas, origin\u00e1ndose una discusi\u00f3n con su pareja debido a la alta ingesta de este producto.<br \/>\nLos testigos refieren a que Oliver habr\u00eda querido abandonar el inmueble abordando su motocicleta, cuya acci\u00f3n fue impedida por sus familiares, sin embargo seg\u00fan revela la polic\u00eda, el joven habr\u00eda decidido cruzar la carretera de alto flujo vehicular, siendo atropellado por un cami\u00f3n placa patente DW XL \u2013 81.<br \/>\nA ra\u00edz el violento impacto, Oliver Arancibia Beltr\u00e1n falleci\u00f3 en el lugar, debiendo concurrir personal del Samu quienes constataron el deceso del joven. Asimismo concurri\u00f3 personal policial de la Subcomisar\u00eda Investigadora de Accidentes de Tr\u00e1nsito, Siat, de Carabineros de San Felipe para iniciar las primeras diligencias del caso, informando del suceso al Fiscal de turno que dispuso la concurrencia de la Brigada de Homicidios de la PDI de Los Andes.<br \/>\nEl Comisario Gino Guti\u00e9rrez inform\u00f3 a Diario El Trabajo que de acuerdo a la declaraci\u00f3n de los familiares y del conductor del cami\u00f3n, el caso se declar\u00f3 como suicidio: \u201cConcurre la Brigada de Homicidios en atenci\u00f3n a la tem\u00e1tica que se establece que hubo un suicidio y no un accidente de tr\u00e1nsito, si bien el cami\u00f3n era el m\u00f3vil para que la persona falleciera, el hecho es un acto propio en este caso, que deriv\u00f3 en un suicidio, fallece a ra\u00edz de un traumatismo que le genera el veh\u00edculo pesado\u201d.<br \/>\nNo obstante el cuerpo del malogrado joven fue remitido al Servicio M\u00e9dico Legal para la autopsia de rigor.<br \/>\nAsimismo el conductor del cami\u00f3n involucrado en este lamentable hecho, quien circulaba por la ruta en normal estado de temperancia y con su documentaci\u00f3n al d\u00eda, fue dejado en libertad por parte de la polic\u00eda.<br \/>\nOliver Arancibia era conocido en las comunas de Llay Llay y Catemu como trabajador en una estaci\u00f3n de combustible de la \u00faltima localidad nombrada.<br \/>\nSus restos fueron despedidos el d\u00eda de ayer mi\u00e9rcoles tras realizarse una misa en la comuna de Llay Llay.<br \/>\n<strong>Pablo Salinas Sald\u00edas<\/strong><\/p>\n<figure id=\"attachment_86103\" aria-describedby=\"caption-attachment-86103\" style=\"width: 580px\" class=\"wp-caption alignnone\"><img data-recalc-dims=\"1\" loading=\"lazy\" decoding=\"async\" class=\"size-full wp-image-86103\" src=\"https:\/\/i0.wp.com\/www.eltrabajo.cl\/2017\/wp-content\/uploads\/2018\/05\/gino_gutierrez-a.jpg?resize=580%2C457\" alt=\"Comisario Gino Guti\u00e9rrez C\u00e1ceres, Jefe de la Brigada de Homicidios de la PDI.\" width=\"580\" height=\"457\" srcset=\"https:\/\/i0.wp.com\/www.eltrabajo.cl\/2017\/wp-content\/uploads\/2018\/05\/gino_gutierrez-a.jpg?w=580&amp;ssl=1 580w, https:\/\/i0.wp.com\/www.eltrabajo.cl\/2017\/wp-content\/uploads\/2018\/05\/gino_gutierrez-a.jpg?resize=300%2C236&amp;ssl=1 300w, https:\/\/i0.wp.com\/www.eltrabajo.cl\/2017\/wp-content\/uploads\/2018\/05\/gino_gutierrez-a.jpg?resize=150%2C118&amp;ssl=1 150w\" sizes=\"auto, (max-width: 580px) 100vw, 580px\" \/><figcaption id=\"caption-attachment-86103\" class=\"wp-caption-text\">Comisario Gino Guti\u00e9rrez C\u00e1ceres, Jefe de la Brigada de Homicidios de la PDI.<\/figcaption><\/figure>\n","protected":false},"excerpt":{"rendered":"<div class=\"mh-excerpt\"><p>Seg\u00fan declaraci\u00f3n de familiares y testigos del hecho ocurrido en Llay Llay:\u00a0La Brigada de Homicidios abri\u00f3 una investigaci\u00f3n que apuntar\u00eda a que el joven identificado <a class=\"mh-excerpt-more\" href=\"https:\/\/www.eltrabajo.cl\/2017\/muerte-de-joven-de-27-anos-atropellado-por-camion-habria-sido-suicidio\/\" title=\"Muerte de joven de 27 a\u00f1os atropellado por cami\u00f3n habr\u00eda sido suicidio\">[&#8230;]<\/a><\/p>\n<\/div>","protected":false},"author":1,"featured_media":86104,"comment_status":"open","ping_status":"open","sticky":false,"template":"","format":"standard","meta":{"_jetpack_newsletter_access":"","_jetpack_dont_email_post_to_subs":false,"_jetpack_newsletter_tier_id":0,"_jetpack_memberships_contains_paywalled_content":false,"_jetpack_memberships_contains_paid_content":false,"footnotes":""},"categories":[2],"tags":[],"class_list":["post-86102","post","type-post","status-publish","format-standard","has-post-thumbnail","hentry","category-policial"],"nelio_content":{"autoShareEndMode":"never","automationSources":{"useCustomSentences":false,"customSentences":[]},"efiAlt":"","efiUrl":"","followers":[],"highlights":[],"isAutoShareEnabled":true,"networkImageIds":[],"permalinkQueryArgs":[],"series":[],"suggestedReferences":[]},"jetpack_featured_media_url":"https:\/\/i0.wp.com\/www.eltrabajo.cl\/2017\/wp-content\/uploads\/2018\/05\/OLIVER-ARANCIBIA-BELTRAN.jpg?fit=579%2C588&ssl=1","jetpack_sharing_enabled":true,"_links":{"self":[{"href":"https:\/\/www.eltrabajo.cl\/2017\/wp-json\/wp\/v2\/posts\/86102","targetHints":{"allow":["GET"]}}],"collection":[{"href":"https:\/\/www.eltrabajo.cl\/2017\/wp-json\/wp\/v2\/posts"}],"about":[{"href":"https:\/\/www.eltrabajo.cl\/2017\/wp-json\/wp\/v2\/types\/post"}],"author":[{"embeddable":true,"href":"https:\/\/www.eltrabajo.cl\/2017\/wp-json\/wp\/v2\/users\/1"}],"replies":[{"embeddable":true,"href":"https:\/\/www.eltrabajo.cl\/2017\/wp-json\/wp\/v2\/comments?post=86102"}],"version-history":[{"count":3,"href":"https:\/\/www.eltrabajo.cl\/2017\/wp-json\/wp\/v2\/posts\/86102\/revisions"}],"predecessor-version":[{"id":86195,"href":"https:\/\/www.eltrabajo.cl\/2017\/wp-json\/wp\/v2\/posts\/86102\/revisions\/86195"}],"wp:featuredmedia":[{"embeddable":true,"href":"https:\/\/www.eltrabajo.cl\/2017\/wp-json\/wp\/v2\/media\/86104"}],"wp:attachment":[{"href":"https:\/\/www.eltrabajo.cl\/2017\/wp-json\/wp\/v2\/media?parent=86102"}],"wp:term":[{"taxonomy":"category","embeddable":true,"href":"https:\/\/www.eltrabajo.cl\/2017\/wp-json\/wp\/v2\/categories?post=86102"},{"taxonomy":"post_tag","embeddable":true,"href":"https:\/\/www.eltrabajo.cl\/2017\/wp-json\/wp\/v2\/tags?post=86102"}],"curies":[{"name":"wp","href":"https:\/\/api.w.org\/{rel}","templated":true}]}}