{"id":86151,"date":"2018-05-07T05:04:06","date_gmt":"2018-05-07T09:04:06","guid":{"rendered":"http:\/\/www.eltrabajo.cl\/2017\/?p=86151"},"modified":"2018-05-06T20:16:31","modified_gmt":"2018-05-07T00:16:31","slug":"lo-golpean-y-apunalan-en-brutal-asalto-protagonizado-por-dos-hombres-y-una-adolescente","status":"publish","type":"post","link":"https:\/\/www.eltrabajo.cl\/2017\/lo-golpean-y-apunalan-en-brutal-asalto-protagonizado-por-dos-hombres-y-una-adolescente\/","title":{"rendered":"Lo golpean y apu\u00f1alan en brutal asalto protagonizado por dos hombres y una adolescente"},"content":{"rendered":"<figure id=\"attachment_86152\" aria-describedby=\"caption-attachment-86152\" style=\"width: 578px\" class=\"wp-caption alignnone\"><img data-recalc-dims=\"1\" loading=\"lazy\" decoding=\"async\" class=\"size-full wp-image-86152\" src=\"https:\/\/i0.wp.com\/www.eltrabajo.cl\/2017\/wp-content\/uploads\/2018\/05\/DETENIDOS-SANTA-MARIA-TRIBUNAL.jpg?resize=578%2C378\" alt=\"Los imputados fueron conducidos por Carabineros hasta las dependencias del Juzgado de Garant\u00eda de San Felipe para ser formalizados por Robo con violencia.\" width=\"578\" height=\"378\" srcset=\"https:\/\/i0.wp.com\/www.eltrabajo.cl\/2017\/wp-content\/uploads\/2018\/05\/DETENIDOS-SANTA-MARIA-TRIBUNAL.jpg?w=578&amp;ssl=1 578w, https:\/\/i0.wp.com\/www.eltrabajo.cl\/2017\/wp-content\/uploads\/2018\/05\/DETENIDOS-SANTA-MARIA-TRIBUNAL.jpg?resize=300%2C196&amp;ssl=1 300w, https:\/\/i0.wp.com\/www.eltrabajo.cl\/2017\/wp-content\/uploads\/2018\/05\/DETENIDOS-SANTA-MARIA-TRIBUNAL.jpg?resize=150%2C98&amp;ssl=1 150w\" sizes=\"auto, (max-width: 578px) 100vw, 578px\" \/><figcaption id=\"caption-attachment-86152\" class=\"wp-caption-text\">Los imputados fueron conducidos por Carabineros hasta las dependencias del Juzgado de Garant\u00eda de San Felipe para ser formalizados por Robo con violencia.<\/figcaption><\/figure>\n<ul>\n<li><strong><span style=\"color: #ff0000;\">Dos de ellos detenidos por Carabineros de Santa Mar\u00eda:\u00a0<\/span>V\u00edctima sufri\u00f3 el robo de dinero en efectivo y la bicicleta en la que se movilizaba en Poblaci\u00f3n Los Robles de Santa Mar\u00eda. Los imputados fueron formalizados por la Fiscal\u00eda por Robo con violencia, debiendo cumplir cautelar de Arresto Domiciliario Total.<\/strong><\/li>\n<\/ul>\n<p>Con lesiones menos graves result\u00f3 un hombre v\u00edctima de un violento asalto ocurrido pasada la medianoche de este s\u00e1bado en la comuna de Santa Mar\u00eda, luego que dos sujetos y una adolescente de 17 a\u00f1os lo golpearan con un fierro para arrebatarle $25.000 en efectivo m\u00e1s la bicicleta en que se movilizaba. El afectado result\u00f3 con una herida en su pierna luego de recibir una estocada con un cuchillo en una de sus piernas.<br \/>\nDe acuerdo al relato de la v\u00edctima, los hechos habr\u00edan ocurrido luego que los tres sujetos sorpresivamente lo abordaran mientras el afectado circulaba por Calle El Canelo de Poblaci\u00f3n Los Robles de esa localidad, transitando en su veh\u00edculo de dos ruedas.<br \/>\nEl testimonio refiere a que los acusados lograron retenerlo amenaz\u00e1ndolo con una cuchilla, mientras recib\u00eda golpes con un fierro en partes de su cuerpo. Los antisociales lograron sustraerle el dinero en efectivo que manten\u00eda en un bolsillo de su chaqueta, el que fue arrebatado por los sujetos mientras la v\u00edctima intentaba defenderse de las agresiones.<br \/>\nPese a que al tr\u00edo delictual consigui\u00f3 obtener el bot\u00edn en efectivo y el m\u00f3vil de la v\u00edctima que se manten\u00eda en el suelo, uno de estos antisociales le propin\u00f3 una estocada con el arma blanca en el muslo izquierdo mientras el otro sujeto remat\u00f3 las agresiones golpe\u00e1ndolo en la cabeza.<br \/>\nPosteriormente los sujetos huyen con las especies en direcci\u00f3n desconocida mientras la v\u00edctima solicit\u00f3 ayuda a Carabineros de la Tenencia de Santa Mar\u00eda, quienes en diversos recorridos por la comuna en compa\u00f1\u00eda del agredido lograron observar a uno de los sujetos agresores en compa\u00f1\u00eda de la adolescente involucrada en el delito.<br \/>\nCarabineros inform\u00f3 que tras el reconocimiento de la v\u00edctima a dos de los imputados, se procedi\u00f3 a la detenci\u00f3n en calle Amancay en la Poblaci\u00f3n Los Robles de Santa Mar\u00eda, individualizando a los detenidos con las iniciales J.T.M. de 20 a\u00f1os de edad y D.A.J. de 17 a\u00f1os de edad, sin lograr la recuperaci\u00f3n de las especies sustra\u00eddas.<br \/>\nAsimismo el paciente lesionado fue derivado hasta el servicio de urgencia del Hospital San Camilo para ser atendido por el m\u00e9dico de turno, quien diagnostic\u00f3 las lesiones de car\u00e1cter menos graves.<br \/>\nLos imputados fueron conducidos la ma\u00f1ana del s\u00e1bado hasta el Juzgado de Garant\u00eda de San Felipe para ser formalizados por la Fiscal\u00eda por el delito de robo con violencia. Tras su intachable conducta anterior, los acusados fueron dejados en libertad por orden de este tribunal, bajo las cautelares de arresto domiciliario total y la prohibici\u00f3n de acercarse a la v\u00edctima mientras el Ministerio P\u00fablico investiga el caso.<br \/>\n<strong>Pablo Salinas Sald\u00edas<\/strong><\/p>\n","protected":false},"excerpt":{"rendered":"<div class=\"mh-excerpt\"><p>Dos de ellos detenidos por Carabineros de Santa Mar\u00eda:\u00a0V\u00edctima sufri\u00f3 el robo de dinero en efectivo y la bicicleta en la que se movilizaba en <a class=\"mh-excerpt-more\" href=\"https:\/\/www.eltrabajo.cl\/2017\/lo-golpean-y-apunalan-en-brutal-asalto-protagonizado-por-dos-hombres-y-una-adolescente\/\" title=\"Lo golpean y apu\u00f1alan en brutal asalto protagonizado por dos hombres y una adolescente\">[&#8230;]<\/a><\/p>\n<\/div>","protected":false},"author":1,"featured_media":86152,"comment_status":"open","ping_status":"open","sticky":false,"template":"","format":"standard","meta":{"_jetpack_newsletter_access":"","_jetpack_dont_email_post_to_subs":false,"_jetpack_newsletter_tier_id":0,"_jetpack_memberships_contains_paywalled_content":false,"_jetpack_memberships_contains_paid_content":false,"footnotes":""},"categories":[2],"tags":[],"class_list":["post-86151","post","type-post","status-publish","format-standard","has-post-thumbnail","hentry","category-policial"],"nelio_content":{"autoShareEndMode":"never","automationSources":{"useCustomSentences":false,"customSentences":[]},"efiAlt":"","efiUrl":"","followers":[],"highlights":[],"isAutoShareEnabled":true,"networkImageIds":[],"permalinkQueryArgs":[],"series":[],"suggestedReferences":[]},"jetpack_featured_media_url":"https:\/\/i0.wp.com\/www.eltrabajo.cl\/2017\/wp-content\/uploads\/2018\/05\/DETENIDOS-SANTA-MARIA-TRIBUNAL.jpg?fit=578%2C378&ssl=1","jetpack_sharing_enabled":true,"_links":{"self":[{"href":"https:\/\/www.eltrabajo.cl\/2017\/wp-json\/wp\/v2\/posts\/86151","targetHints":{"allow":["GET"]}}],"collection":[{"href":"https:\/\/www.eltrabajo.cl\/2017\/wp-json\/wp\/v2\/posts"}],"about":[{"href":"https:\/\/www.eltrabajo.cl\/2017\/wp-json\/wp\/v2\/types\/post"}],"author":[{"embeddable":true,"href":"https:\/\/www.eltrabajo.cl\/2017\/wp-json\/wp\/v2\/users\/1"}],"replies":[{"embeddable":true,"href":"https:\/\/www.eltrabajo.cl\/2017\/wp-json\/wp\/v2\/comments?post=86151"}],"version-history":[{"count":1,"href":"https:\/\/www.eltrabajo.cl\/2017\/wp-json\/wp\/v2\/posts\/86151\/revisions"}],"predecessor-version":[{"id":86153,"href":"https:\/\/www.eltrabajo.cl\/2017\/wp-json\/wp\/v2\/posts\/86151\/revisions\/86153"}],"wp:featuredmedia":[{"embeddable":true,"href":"https:\/\/www.eltrabajo.cl\/2017\/wp-json\/wp\/v2\/media\/86152"}],"wp:attachment":[{"href":"https:\/\/www.eltrabajo.cl\/2017\/wp-json\/wp\/v2\/media?parent=86151"}],"wp:term":[{"taxonomy":"category","embeddable":true,"href":"https:\/\/www.eltrabajo.cl\/2017\/wp-json\/wp\/v2\/categories?post=86151"},{"taxonomy":"post_tag","embeddable":true,"href":"https:\/\/www.eltrabajo.cl\/2017\/wp-json\/wp\/v2\/tags?post=86151"}],"curies":[{"name":"wp","href":"https:\/\/api.w.org\/{rel}","templated":true}]}}