{"id":86170,"date":"2018-05-08T05:02:24","date_gmt":"2018-05-08T09:02:24","guid":{"rendered":"http:\/\/www.eltrabajo.cl\/2017\/?p=86170"},"modified":"2018-05-07T19:41:52","modified_gmt":"2018-05-07T23:41:52","slug":"a-la-carcel-el-calule-tras-asaltar-y-agredir-a-taxista-adulto-mayor","status":"publish","type":"post","link":"https:\/\/www.eltrabajo.cl\/2017\/a-la-carcel-el-calule-tras-asaltar-y-agredir-a-taxista-adulto-mayor\/","title":{"rendered":"A la c\u00e1rcel \u2018El Calule\u2019 tras asaltar y agredir a taxista adulto mayor"},"content":{"rendered":"<figure id=\"attachment_86171\" aria-describedby=\"caption-attachment-86171\" style=\"width: 579px\" class=\"wp-caption alignnone\"><img data-recalc-dims=\"1\" loading=\"lazy\" decoding=\"async\" class=\"size-full wp-image-86171\" src=\"https:\/\/i0.wp.com\/www.eltrabajo.cl\/2017\/wp-content\/uploads\/2018\/05\/DETENIDO2.jpg?resize=579%2C382\" alt=\"El  detenido fue derivado este s\u00e1bado hasta el Tribunales para ser formalizado por la Fiscal\u00eda por robo con violencia. (Foto Archivo).\" width=\"579\" height=\"382\" srcset=\"https:\/\/i0.wp.com\/www.eltrabajo.cl\/2017\/wp-content\/uploads\/2018\/05\/DETENIDO2.jpg?w=579&amp;ssl=1 579w, https:\/\/i0.wp.com\/www.eltrabajo.cl\/2017\/wp-content\/uploads\/2018\/05\/DETENIDO2.jpg?resize=300%2C198&amp;ssl=1 300w, https:\/\/i0.wp.com\/www.eltrabajo.cl\/2017\/wp-content\/uploads\/2018\/05\/DETENIDO2.jpg?resize=150%2C99&amp;ssl=1 150w\" sizes=\"auto, (max-width: 579px) 100vw, 579px\" \/><figcaption id=\"caption-attachment-86171\" class=\"wp-caption-text\">El detenido fue derivado este s\u00e1bado hasta el Tribunales para ser formalizado por la Fiscal\u00eda por robo con violencia. (Foto Archivo).<\/figcaption><\/figure>\n<ul>\n<li><strong><span style=\"color: #ff0000;\">A pleno d\u00eda en la ciudad de San Felipe:\u00a0<\/span>Carabineros logr\u00f3 capturar al antisocial que posee un amplio prontuario delictual, quien fue entregado a la justicia que determin\u00f3 que su libertad es un peligro para la sociedad.<\/strong><\/li>\n<\/ul>\n<p>Imponer la cautelar de prisi\u00f3n preventiva fue la resoluci\u00f3n que dict\u00f3 el Juzgado de Garant\u00eda de San Felipe en contra del detenido Cristopher Silva Arancibia, apodado \u2018El Calule\u2019, quien enfrenta cargos por haber asaltado a un taxista adulto mayor que fue agredido a golpes luego que este sujeto intentara robarle dinero durante una carrera en la comuna de San Felipe.<br \/>\nEl hecho habr\u00eda ocurrido en horas de la tarde de este viernes, alrededor de las 15:00 horas, en circunstancias que el conductor del taxi colectivo circulaba por calle Balmaceda esquina Chorrillos, siendo detenido por un pasajero para requerir el servicio de traslado.<br \/>\nDe acuerdo a la informaci\u00f3n policial, el afectado reconoci\u00f3 al pasajero por su apodo de \u2018El Calule\u2019, quien abord\u00f3 el m\u00f3vil con agresividad, intentando robarle las monedas que manten\u00eda el taxista dentro de la cajuela.<br \/>\nEl chofer, al intentar repeler el robo de su dinero, inici\u00f3 un forcejeo con el delincuente. El relato contin\u00faa detallando que el sujeto, al desistir del robo del dinero, se apoder\u00f3 de las llaves de contacto del veh\u00edculo, escapando a gran velocidad.<br \/>\nLa v\u00edctima de inmediato tom\u00f3 su tel\u00e9fono celular para pedir el auxilio de Carabineros, quienes a los pocos minutos concurrieron al lugar de los hechos, detallando las caracter\u00edsticas f\u00edsicas y de vestimentas del antisocial.<br \/>\nLa polic\u00eda uniformada en breves instantes logr\u00f3 capturar al sujeto, quien circulaba por la v\u00eda p\u00fablica, siendo reconocido por la v\u00edctima como el autor del hecho denunciado de robo con violencia, recuperando de esta forma las llaves del autom\u00f3vil.<br \/>\nSilva Arancibia, de 30 a\u00f1os de edad, conocido antisocial y por su desempe\u00f1o como limpiador de vidrios, fue derivado hasta Tribunales para ser formalizado por la Fiscal\u00eda por este delito; debido a su prontuario delictivo y por seguridad de la v\u00edctima, el Ministerio P\u00fablico requiri\u00f3 la cautelar de prisi\u00f3n preventiva por representar un peligro para la sociedad.<br \/>\nEste tribunal orden\u00f3 el env\u00edo del imputado hasta la c\u00e1rcel mientras la Fiscal\u00eda investiga el caso.<br \/>\n<strong>Pablo Salinas Sald\u00edas<\/strong><\/p>\n","protected":false},"excerpt":{"rendered":"<div class=\"mh-excerpt\"><p>A pleno d\u00eda en la ciudad de San Felipe:\u00a0Carabineros logr\u00f3 capturar al antisocial que posee un amplio prontuario delictual, quien fue entregado a la justicia <a class=\"mh-excerpt-more\" href=\"https:\/\/www.eltrabajo.cl\/2017\/a-la-carcel-el-calule-tras-asaltar-y-agredir-a-taxista-adulto-mayor\/\" title=\"A la c\u00e1rcel \u2018El Calule\u2019 tras asaltar y agredir a taxista adulto mayor\">[&#8230;]<\/a><\/p>\n<\/div>","protected":false},"author":1,"featured_media":86171,"comment_status":"open","ping_status":"open","sticky":false,"template":"","format":"standard","meta":{"_jetpack_newsletter_access":"","_jetpack_dont_email_post_to_subs":false,"_jetpack_newsletter_tier_id":0,"_jetpack_memberships_contains_paywalled_content":false,"_jetpack_memberships_contains_paid_content":false,"footnotes":""},"categories":[2],"tags":[],"class_list":["post-86170","post","type-post","status-publish","format-standard","has-post-thumbnail","hentry","category-policial"],"nelio_content":{"autoShareEndMode":"never","automationSources":{"useCustomSentences":false,"customSentences":[]},"efiAlt":"","efiUrl":"","followers":[],"highlights":[],"isAutoShareEnabled":true,"networkImageIds":[],"permalinkQueryArgs":[],"series":[],"suggestedReferences":[]},"jetpack_featured_media_url":"https:\/\/i0.wp.com\/www.eltrabajo.cl\/2017\/wp-content\/uploads\/2018\/05\/DETENIDO2.jpg?fit=579%2C382&ssl=1","jetpack_sharing_enabled":true,"_links":{"self":[{"href":"https:\/\/www.eltrabajo.cl\/2017\/wp-json\/wp\/v2\/posts\/86170","targetHints":{"allow":["GET"]}}],"collection":[{"href":"https:\/\/www.eltrabajo.cl\/2017\/wp-json\/wp\/v2\/posts"}],"about":[{"href":"https:\/\/www.eltrabajo.cl\/2017\/wp-json\/wp\/v2\/types\/post"}],"author":[{"embeddable":true,"href":"https:\/\/www.eltrabajo.cl\/2017\/wp-json\/wp\/v2\/users\/1"}],"replies":[{"embeddable":true,"href":"https:\/\/www.eltrabajo.cl\/2017\/wp-json\/wp\/v2\/comments?post=86170"}],"version-history":[{"count":1,"href":"https:\/\/www.eltrabajo.cl\/2017\/wp-json\/wp\/v2\/posts\/86170\/revisions"}],"predecessor-version":[{"id":86172,"href":"https:\/\/www.eltrabajo.cl\/2017\/wp-json\/wp\/v2\/posts\/86170\/revisions\/86172"}],"wp:featuredmedia":[{"embeddable":true,"href":"https:\/\/www.eltrabajo.cl\/2017\/wp-json\/wp\/v2\/media\/86171"}],"wp:attachment":[{"href":"https:\/\/www.eltrabajo.cl\/2017\/wp-json\/wp\/v2\/media?parent=86170"}],"wp:term":[{"taxonomy":"category","embeddable":true,"href":"https:\/\/www.eltrabajo.cl\/2017\/wp-json\/wp\/v2\/categories?post=86170"},{"taxonomy":"post_tag","embeddable":true,"href":"https:\/\/www.eltrabajo.cl\/2017\/wp-json\/wp\/v2\/tags?post=86170"}],"curies":[{"name":"wp","href":"https:\/\/api.w.org\/{rel}","templated":true}]}}