{"id":86173,"date":"2018-05-08T05:03:55","date_gmt":"2018-05-08T09:03:55","guid":{"rendered":"http:\/\/www.eltrabajo.cl\/2017\/?p=86173"},"modified":"2018-05-07T19:43:33","modified_gmt":"2018-05-07T23:43:33","slug":"desalmados-destruyen-imagen-de-la-virgen-en-capilla-de-curimon","status":"publish","type":"post","link":"https:\/\/www.eltrabajo.cl\/2017\/desalmados-destruyen-imagen-de-la-virgen-en-capilla-de-curimon\/","title":{"rendered":"Desalmados destruyen imagen de la Virgen en Capilla de Curim\u00f3n"},"content":{"rendered":"<figure id=\"attachment_86175\" aria-describedby=\"caption-attachment-86175\" style=\"width: 578px\" class=\"wp-caption alignnone\"><img data-recalc-dims=\"1\" loading=\"lazy\" decoding=\"async\" class=\"size-full wp-image-86175\" src=\"https:\/\/i0.wp.com\/www.eltrabajo.cl\/2017\/wp-content\/uploads\/2018\/05\/virgen-2.jpg?resize=578%2C390\" alt=\"Carabineros inici\u00f3 las diligencias en b\u00fasqueda de testigos del hecho sin lograr hasta el momento la identidad de los autores de este hecho.\" width=\"578\" height=\"390\" srcset=\"https:\/\/i0.wp.com\/www.eltrabajo.cl\/2017\/wp-content\/uploads\/2018\/05\/virgen-2.jpg?w=578&amp;ssl=1 578w, https:\/\/i0.wp.com\/www.eltrabajo.cl\/2017\/wp-content\/uploads\/2018\/05\/virgen-2.jpg?resize=300%2C202&amp;ssl=1 300w, https:\/\/i0.wp.com\/www.eltrabajo.cl\/2017\/wp-content\/uploads\/2018\/05\/virgen-2.jpg?resize=150%2C101&amp;ssl=1 150w\" sizes=\"auto, (max-width: 578px) 100vw, 578px\" \/><figcaption id=\"caption-attachment-86175\" class=\"wp-caption-text\">Carabineros inici\u00f3 las diligencias en b\u00fasqueda de testigos del hecho sin lograr hasta el momento la identidad de los autores de este hecho.<\/figcaption><\/figure>\n<ul>\n<li><strong><span style=\"color: #ff0000;\">Carabineros investiga el caso denunciado este domingo:\u00a0<\/span>Desconocidos habr\u00edan ocasionado el da\u00f1o a la escultura durante la madrugada, sin que hasta el momento se determine la identidad de el o los autores del hecho.<\/strong><\/li>\n<\/ul>\n<p>Bastante indignaci\u00f3n por parte de vecinos de la Villa Curim\u00f3n gener\u00f3 la destrucci\u00f3n de una imagen de la Virgen Mar\u00eda instalada en el frontis de la Capilla San Antonio de Padua, la que fue destruida por desconocidos durante la madrugada de este domingo.<br \/>\nCarabineros confirm\u00f3 que en horas de la ma\u00f1ana se recepcion\u00f3 una denuncia describiendo que los v\u00e1ndalos irrumpieron en el antejard\u00edn del espacio de oraci\u00f3n, escalando una reja de cierre perimetral.<br \/>\n\u201cPor causas que se investigan, estos desconocidos tomaron la estatua de la Virgen Mar\u00eda, la sacaron de su base y la botaron al suelo. Al ser de material de yeso, lamentablemente esta imagen se rompi\u00f3 en varios trozos, quedando inutilizable. Luego de esto los individuos se retiraron\u201d, inform\u00f3 a Diario El Trabajo, el Teniente de Carabineros C\u00e9sar Bustamante.<br \/>\nEl oficial a\u00f1adi\u00f3 que tras el da\u00f1o ocasionado a la imagen no se registr\u00f3 robo de especies en el lugar, y tras las diligencias efectuadas por la polic\u00eda uniformada durante la ma\u00f1ana del domingo, empadronando a vecinos y la b\u00fasqueda de posibles testigos del hecho, tampoco hubo detenidos.<br \/>\nCarabineros deriv\u00f3 los antecedentes del caso a la Fiscal\u00eda de San Felipe. Como se recordar\u00e1 la Capilla San Antonio de Padua de la Villa Curim\u00f3n fue inaugurada hace pocos meses en esta localidad.<br \/>\n<strong>Pablo Salinas Sald\u00edas<\/strong><\/p>\n<figure id=\"attachment_86174\" aria-describedby=\"caption-attachment-86174\" style=\"width: 579px\" class=\"wp-caption alignnone\"><img data-recalc-dims=\"1\" loading=\"lazy\" decoding=\"async\" class=\"size-full wp-image-86174\" src=\"https:\/\/i0.wp.com\/www.eltrabajo.cl\/2017\/wp-content\/uploads\/2018\/05\/virgen-1.jpg?resize=579%2C806\" alt=\"La imagen de la Virgen Mar\u00eda fue destruida por desalmados durante la madrugada de este domingo en la Capilla de la Villa Curim\u00f3n.\" width=\"579\" height=\"806\" srcset=\"https:\/\/i0.wp.com\/www.eltrabajo.cl\/2017\/wp-content\/uploads\/2018\/05\/virgen-1.jpg?w=579&amp;ssl=1 579w, https:\/\/i0.wp.com\/www.eltrabajo.cl\/2017\/wp-content\/uploads\/2018\/05\/virgen-1.jpg?resize=216%2C300&amp;ssl=1 216w, https:\/\/i0.wp.com\/www.eltrabajo.cl\/2017\/wp-content\/uploads\/2018\/05\/virgen-1.jpg?resize=108%2C150&amp;ssl=1 108w\" sizes=\"auto, (max-width: 579px) 100vw, 579px\" \/><figcaption id=\"caption-attachment-86174\" class=\"wp-caption-text\">La imagen de la Virgen Mar\u00eda fue destruida por desalmados durante la madrugada de este domingo en la Capilla de la Villa Curim\u00f3n.<\/figcaption><\/figure>\n","protected":false},"excerpt":{"rendered":"<div class=\"mh-excerpt\"><p>Carabineros investiga el caso denunciado este domingo:\u00a0Desconocidos habr\u00edan ocasionado el da\u00f1o a la escultura durante la madrugada, sin que hasta el momento se determine la <a class=\"mh-excerpt-more\" href=\"https:\/\/www.eltrabajo.cl\/2017\/desalmados-destruyen-imagen-de-la-virgen-en-capilla-de-curimon\/\" title=\"Desalmados destruyen imagen de la Virgen en Capilla de Curim\u00f3n\">[&#8230;]<\/a><\/p>\n<\/div>","protected":false},"author":1,"featured_media":86175,"comment_status":"open","ping_status":"open","sticky":false,"template":"","format":"standard","meta":{"_jetpack_newsletter_access":"","_jetpack_dont_email_post_to_subs":false,"_jetpack_newsletter_tier_id":0,"_jetpack_memberships_contains_paywalled_content":false,"_jetpack_memberships_contains_paid_content":false,"footnotes":""},"categories":[2],"tags":[],"class_list":["post-86173","post","type-post","status-publish","format-standard","has-post-thumbnail","hentry","category-policial"],"nelio_content":{"autoShareEndMode":"never","automationSources":{"useCustomSentences":false,"customSentences":[]},"efiAlt":"","efiUrl":"","followers":[],"highlights":[],"isAutoShareEnabled":true,"networkImageIds":[],"permalinkQueryArgs":[],"series":[],"suggestedReferences":[]},"jetpack_featured_media_url":"https:\/\/i0.wp.com\/www.eltrabajo.cl\/2017\/wp-content\/uploads\/2018\/05\/virgen-2.jpg?fit=578%2C390&ssl=1","jetpack_sharing_enabled":true,"_links":{"self":[{"href":"https:\/\/www.eltrabajo.cl\/2017\/wp-json\/wp\/v2\/posts\/86173","targetHints":{"allow":["GET"]}}],"collection":[{"href":"https:\/\/www.eltrabajo.cl\/2017\/wp-json\/wp\/v2\/posts"}],"about":[{"href":"https:\/\/www.eltrabajo.cl\/2017\/wp-json\/wp\/v2\/types\/post"}],"author":[{"embeddable":true,"href":"https:\/\/www.eltrabajo.cl\/2017\/wp-json\/wp\/v2\/users\/1"}],"replies":[{"embeddable":true,"href":"https:\/\/www.eltrabajo.cl\/2017\/wp-json\/wp\/v2\/comments?post=86173"}],"version-history":[{"count":1,"href":"https:\/\/www.eltrabajo.cl\/2017\/wp-json\/wp\/v2\/posts\/86173\/revisions"}],"predecessor-version":[{"id":86176,"href":"https:\/\/www.eltrabajo.cl\/2017\/wp-json\/wp\/v2\/posts\/86173\/revisions\/86176"}],"wp:featuredmedia":[{"embeddable":true,"href":"https:\/\/www.eltrabajo.cl\/2017\/wp-json\/wp\/v2\/media\/86175"}],"wp:attachment":[{"href":"https:\/\/www.eltrabajo.cl\/2017\/wp-json\/wp\/v2\/media?parent=86173"}],"wp:term":[{"taxonomy":"category","embeddable":true,"href":"https:\/\/www.eltrabajo.cl\/2017\/wp-json\/wp\/v2\/categories?post=86173"},{"taxonomy":"post_tag","embeddable":true,"href":"https:\/\/www.eltrabajo.cl\/2017\/wp-json\/wp\/v2\/tags?post=86173"}],"curies":[{"name":"wp","href":"https:\/\/api.w.org\/{rel}","templated":true}]}}