{"id":86186,"date":"2018-05-08T05:06:05","date_gmt":"2018-05-08T09:06:05","guid":{"rendered":"http:\/\/www.eltrabajo.cl\/2017\/?p=86186"},"modified":"2018-05-07T19:52:51","modified_gmt":"2018-05-07T23:52:51","slug":"bandas-rivales-se-enfrentan-a-balazos-y-queman-auto-y-un-departamento","status":"publish","type":"post","link":"https:\/\/www.eltrabajo.cl\/2017\/bandas-rivales-se-enfrentan-a-balazos-y-queman-auto-y-un-departamento\/","title":{"rendered":"Bandas rivales se enfrentan a balazos y queman auto y un departamento"},"content":{"rendered":"<figure id=\"attachment_86188\" aria-describedby=\"caption-attachment-86188\" style=\"width: 579px\" class=\"wp-caption alignnone\"><img data-recalc-dims=\"1\" loading=\"lazy\" decoding=\"async\" class=\"size-full wp-image-86188\" src=\"https:\/\/i0.wp.com\/www.eltrabajo.cl\/2017\/wp-content\/uploads\/2018\/05\/armas-villa-alto-aconcagua-2.jpg?resize=579%2C381\" alt=\"El alto poder de fuego que poseen los traficantes de drogas est\u00e1 causando serios problemas en la Villa Alto Aconcagua.\" width=\"579\" height=\"381\" srcset=\"https:\/\/i0.wp.com\/www.eltrabajo.cl\/2017\/wp-content\/uploads\/2018\/05\/armas-villa-alto-aconcagua-2.jpg?w=579&amp;ssl=1 579w, https:\/\/i0.wp.com\/www.eltrabajo.cl\/2017\/wp-content\/uploads\/2018\/05\/armas-villa-alto-aconcagua-2.jpg?resize=300%2C197&amp;ssl=1 300w, https:\/\/i0.wp.com\/www.eltrabajo.cl\/2017\/wp-content\/uploads\/2018\/05\/armas-villa-alto-aconcagua-2.jpg?resize=150%2C99&amp;ssl=1 150w\" sizes=\"auto, (max-width: 579px) 100vw, 579px\" \/><figcaption id=\"caption-attachment-86188\" class=\"wp-caption-text\">El alto poder de fuego que poseen los traficantes de drogas est\u00e1 causando serios problemas en la Villa Alto Aconcagua.<\/figcaption><\/figure>\n<ul>\n<li><strong><span style=\"color: #ff0000;\">Violenta jornada de terror en la villa Alto Aconcagua:\u00a0<\/span>Un sujeto result\u00f3 herido a bala en tanto otro tres fueron detenidos por tenencia de abundantes armas y municiones.<\/strong><\/li>\n<\/ul>\n<p><strong>LOS ANDES.-<\/strong> Dejando en evidencia la compleja situaci\u00f3n que se vive debido al tr\u00e1fico de drogas en la villa Alto Aconcagua, una verdadera jornada de terror se vivi\u00f3 el fin de semana en dicho sector poblacional, donde dos bandas rivales se enfrentaron en un violento ajuste de cuentas, enfrent\u00e1ndose a balazos en los pasajes de la tristemente c\u00e9lebre poblaci\u00f3n.<br \/>\nLos incidentes se iniciaron la noche del s\u00e1bado, alrededor de las 23 horas, dejando como saldo a un sujeto herido a bala, tres detenidos por tenencia de armas de fuego y un departamento y un autom\u00f3vil incendiados.<br \/>\nSeg\u00fan los antecedentes recabados, debido al enfrentamiento a disparos result\u00f3 herido a bala un sujeto identificado con las iniciales K.H.S., luego de lo cual y en aparente represalia, una turba procedi\u00f3 a incendiar un autom\u00f3vil.<br \/>\nLas escaramuzas se habr\u00edan prolongado durante toda la noche y madrugada del domingo, hasta que en horas de la ma\u00f1ana un grupo de sujetos prendi\u00f3 fuego al departamento del presunto autor de los disparos en contra de K.H.S.<br \/>\nPese a que la jornada de violencia parec\u00eda llegar a su fin, en horas de la tarde Carabineros recibi\u00f3 la denuncia de que en un departamento ubicado en el block N\u00ba 1511 del pasaje Marcos Araya, se encontraban parapetados dos antisociales efectuando disparos.<br \/>\nDebido a lo anterior Carabineros mont\u00f3 un operativo especial, logrando llegar hasta el inmueble donde se encontraban dos sujetos identificados como M.T.P., de 20 a\u00f1os y F.A.F.P., de la misma edad, quienes manten\u00edan en su poder una escopeta sin marca calibre 16, con 14 cartuchos calibre 16 sin percutir; un rev\u00f3lver Colt calibre 38 con seis cartuchos en su rec\u00e1mara sin percutir; una pistola marca Bersa calibre 9 mil\u00edmetros con su n\u00famero de serie borrado, 13 cartuchos de la misma munici\u00f3n; un rev\u00f3lver marca Taurus calibre 38 con tres cartuchos sin percutir, adem\u00e1s de 21 municiones calibre 9 mil\u00edmetros ya percutidas.<br \/>\nEn el intertanto y mientras Carabineros desarrollaba este procedimiento, se recibi\u00f3 un llamado de que en un local cercano al departamento hab\u00eda ingresado un sujeto armado, dirigi\u00e9ndose hasta ese lugar un grupo de Carabineros quienes al hacer ingreso al recinto, previa autorizaci\u00f3n de su due\u00f1a, detuvieron al hijo de la mujer identificado como el menor K.A.M.L., de 16 a\u00f1os, quien manten\u00eda en su poder una pistola a fogueo marca Gap calibre 9 mil\u00edmetros y una caja con 19 cartuchos de escopeta calibre 22.<br \/>\nLos dos adultos y el menor quedaron detenidos a la espera de ser puestos a disposici\u00f3n del Tribunal de Garant\u00eda de Los Andes por los delitos de tenencia ilegal de armas de fuego y municiones.<br \/>\nEste hecho deja en evidencia la cr\u00edtica situaci\u00f3n de violencia ligada al tr\u00e1fico de drogas que se vive en la villa Alto Aconcagua, donde hace algunos d\u00edas fue detenido un sujeto por mantener un verdadero arsenal de armas y municiones de guerra en su departamento.<br \/>\nLos grupos de traficantes que operan en el lugar cuentan con un amplio poder de fuego, lo que incluso est\u00e1 inhibiendo el accionar de las polic\u00edas, toda vez que existe temor de los mismos vecinos en denunciar estas bandas.<\/p>\n<figure id=\"attachment_86187\" aria-describedby=\"caption-attachment-86187\" style=\"width: 579px\" class=\"wp-caption alignnone\"><img data-recalc-dims=\"1\" loading=\"lazy\" decoding=\"async\" class=\"size-full wp-image-86187\" src=\"https:\/\/i0.wp.com\/www.eltrabajo.cl\/2017\/wp-content\/uploads\/2018\/05\/armas-villa-alto-aconcagua-1.jpg?resize=579%2C392\" alt=\"El alto poder de fuego que poseen los traficantes de drogas est\u00e1 causando serios problemas en la Villa Alto Aconcagua.\" width=\"579\" height=\"392\" srcset=\"https:\/\/i0.wp.com\/www.eltrabajo.cl\/2017\/wp-content\/uploads\/2018\/05\/armas-villa-alto-aconcagua-1.jpg?w=579&amp;ssl=1 579w, https:\/\/i0.wp.com\/www.eltrabajo.cl\/2017\/wp-content\/uploads\/2018\/05\/armas-villa-alto-aconcagua-1.jpg?resize=300%2C203&amp;ssl=1 300w, https:\/\/i0.wp.com\/www.eltrabajo.cl\/2017\/wp-content\/uploads\/2018\/05\/armas-villa-alto-aconcagua-1.jpg?resize=150%2C102&amp;ssl=1 150w\" sizes=\"auto, (max-width: 579px) 100vw, 579px\" \/><figcaption id=\"caption-attachment-86187\" class=\"wp-caption-text\">El alto poder de fuego que poseen los traficantes de drogas est\u00e1 causando serios problemas en la Villa Alto Aconcagua.<\/figcaption><\/figure>\n<figure id=\"attachment_86189\" aria-describedby=\"caption-attachment-86189\" style=\"width: 579px\" class=\"wp-caption alignnone\"><img data-recalc-dims=\"1\" loading=\"lazy\" decoding=\"async\" class=\"size-full wp-image-86189\" src=\"https:\/\/i0.wp.com\/www.eltrabajo.cl\/2017\/wp-content\/uploads\/2018\/05\/armas-villa-alto-aconcagua-3.jpg?resize=579%2C765\" alt=\"El alto poder de fuego que poseen los traficantes de drogas est\u00e1 causando serios problemas en la Villa Alto Aconcagua.\" width=\"579\" height=\"765\" srcset=\"https:\/\/i0.wp.com\/www.eltrabajo.cl\/2017\/wp-content\/uploads\/2018\/05\/armas-villa-alto-aconcagua-3.jpg?w=579&amp;ssl=1 579w, https:\/\/i0.wp.com\/www.eltrabajo.cl\/2017\/wp-content\/uploads\/2018\/05\/armas-villa-alto-aconcagua-3.jpg?resize=227%2C300&amp;ssl=1 227w, https:\/\/i0.wp.com\/www.eltrabajo.cl\/2017\/wp-content\/uploads\/2018\/05\/armas-villa-alto-aconcagua-3.jpg?resize=114%2C150&amp;ssl=1 114w\" sizes=\"auto, (max-width: 579px) 100vw, 579px\" \/><figcaption id=\"caption-attachment-86189\" class=\"wp-caption-text\">El alto poder de fuego que poseen los traficantes de drogas est\u00e1 causando serios problemas en la Villa Alto Aconcagua.<\/figcaption><\/figure>\n<figure id=\"attachment_86190\" aria-describedby=\"caption-attachment-86190\" style=\"width: 577px\" class=\"wp-caption alignnone\"><img data-recalc-dims=\"1\" loading=\"lazy\" decoding=\"async\" class=\"size-full wp-image-86190\" src=\"https:\/\/i0.wp.com\/www.eltrabajo.cl\/2017\/wp-content\/uploads\/2018\/05\/armas-villa-alto-aconcagua-4.jpg?resize=577%2C202\" alt=\"El alto poder de fuego que poseen los traficantes de drogas est\u00e1 causando serios problemas en la Villa Alto Aconcagua.\" width=\"577\" height=\"202\" srcset=\"https:\/\/i0.wp.com\/www.eltrabajo.cl\/2017\/wp-content\/uploads\/2018\/05\/armas-villa-alto-aconcagua-4.jpg?w=577&amp;ssl=1 577w, https:\/\/i0.wp.com\/www.eltrabajo.cl\/2017\/wp-content\/uploads\/2018\/05\/armas-villa-alto-aconcagua-4.jpg?resize=300%2C105&amp;ssl=1 300w, https:\/\/i0.wp.com\/www.eltrabajo.cl\/2017\/wp-content\/uploads\/2018\/05\/armas-villa-alto-aconcagua-4.jpg?resize=150%2C53&amp;ssl=1 150w\" sizes=\"auto, (max-width: 577px) 100vw, 577px\" \/><figcaption id=\"caption-attachment-86190\" class=\"wp-caption-text\">El alto poder de fuego que poseen los traficantes de drogas est\u00e1 causando serios problemas en la Villa Alto Aconcagua.<\/figcaption><\/figure>\n<figure id=\"attachment_86191\" aria-describedby=\"caption-attachment-86191\" style=\"width: 579px\" class=\"wp-caption alignnone\"><img data-recalc-dims=\"1\" loading=\"lazy\" decoding=\"async\" class=\"size-full wp-image-86191\" src=\"https:\/\/i0.wp.com\/www.eltrabajo.cl\/2017\/wp-content\/uploads\/2018\/05\/armas-villa-alto-aconcagua-5.jpg?resize=579%2C628\" alt=\"El alto poder de fuego que poseen los traficantes de drogas est\u00e1 causando serios problemas en la Villa Alto Aconcagua.\" width=\"579\" height=\"628\" srcset=\"https:\/\/i0.wp.com\/www.eltrabajo.cl\/2017\/wp-content\/uploads\/2018\/05\/armas-villa-alto-aconcagua-5.jpg?w=579&amp;ssl=1 579w, https:\/\/i0.wp.com\/www.eltrabajo.cl\/2017\/wp-content\/uploads\/2018\/05\/armas-villa-alto-aconcagua-5.jpg?resize=277%2C300&amp;ssl=1 277w, https:\/\/i0.wp.com\/www.eltrabajo.cl\/2017\/wp-content\/uploads\/2018\/05\/armas-villa-alto-aconcagua-5.jpg?resize=138%2C150&amp;ssl=1 138w\" sizes=\"auto, (max-width: 579px) 100vw, 579px\" \/><figcaption id=\"caption-attachment-86191\" class=\"wp-caption-text\">El alto poder de fuego que poseen los traficantes de drogas est\u00e1 causando serios problemas en la Villa Alto Aconcagua.<\/figcaption><\/figure>\n","protected":false},"excerpt":{"rendered":"<div class=\"mh-excerpt\"><p>Violenta jornada de terror en la villa Alto Aconcagua:\u00a0Un sujeto result\u00f3 herido a bala en tanto otro tres fueron detenidos por tenencia de abundantes armas <a class=\"mh-excerpt-more\" href=\"https:\/\/www.eltrabajo.cl\/2017\/bandas-rivales-se-enfrentan-a-balazos-y-queman-auto-y-un-departamento\/\" title=\"Bandas rivales se enfrentan a balazos y queman auto y un departamento\">[&#8230;]<\/a><\/p>\n<\/div>","protected":false},"author":1,"featured_media":86193,"comment_status":"open","ping_status":"open","sticky":false,"template":"","format":"standard","meta":{"_jetpack_newsletter_access":"","_jetpack_dont_email_post_to_subs":false,"_jetpack_newsletter_tier_id":0,"_jetpack_memberships_contains_paywalled_content":false,"_jetpack_memberships_contains_paid_content":false,"footnotes":""},"categories":[2],"tags":[],"class_list":["post-86186","post","type-post","status-publish","format-standard","has-post-thumbnail","hentry","category-policial"],"nelio_content":{"autoShareEndMode":"never","automationSources":{"useCustomSentences":false,"customSentences":[]},"efiAlt":"","efiUrl":"","followers":[],"highlights":[],"isAutoShareEnabled":true,"networkImageIds":[],"permalinkQueryArgs":[],"series":[],"suggestedReferences":[]},"jetpack_featured_media_url":"https:\/\/i0.wp.com\/www.eltrabajo.cl\/2017\/wp-content\/uploads\/2018\/05\/armas-villa-alto-aconcagua.jpg?fit=580%2C399&ssl=1","jetpack_sharing_enabled":true,"_links":{"self":[{"href":"https:\/\/www.eltrabajo.cl\/2017\/wp-json\/wp\/v2\/posts\/86186","targetHints":{"allow":["GET"]}}],"collection":[{"href":"https:\/\/www.eltrabajo.cl\/2017\/wp-json\/wp\/v2\/posts"}],"about":[{"href":"https:\/\/www.eltrabajo.cl\/2017\/wp-json\/wp\/v2\/types\/post"}],"author":[{"embeddable":true,"href":"https:\/\/www.eltrabajo.cl\/2017\/wp-json\/wp\/v2\/users\/1"}],"replies":[{"embeddable":true,"href":"https:\/\/www.eltrabajo.cl\/2017\/wp-json\/wp\/v2\/comments?post=86186"}],"version-history":[{"count":1,"href":"https:\/\/www.eltrabajo.cl\/2017\/wp-json\/wp\/v2\/posts\/86186\/revisions"}],"predecessor-version":[{"id":86192,"href":"https:\/\/www.eltrabajo.cl\/2017\/wp-json\/wp\/v2\/posts\/86186\/revisions\/86192"}],"wp:featuredmedia":[{"embeddable":true,"href":"https:\/\/www.eltrabajo.cl\/2017\/wp-json\/wp\/v2\/media\/86193"}],"wp:attachment":[{"href":"https:\/\/www.eltrabajo.cl\/2017\/wp-json\/wp\/v2\/media?parent=86186"}],"wp:term":[{"taxonomy":"category","embeddable":true,"href":"https:\/\/www.eltrabajo.cl\/2017\/wp-json\/wp\/v2\/categories?post=86186"},{"taxonomy":"post_tag","embeddable":true,"href":"https:\/\/www.eltrabajo.cl\/2017\/wp-json\/wp\/v2\/tags?post=86186"}],"curies":[{"name":"wp","href":"https:\/\/api.w.org\/{rel}","templated":true}]}}