{"id":86251,"date":"2018-05-11T05:00:08","date_gmt":"2018-05-11T09:00:08","guid":{"rendered":"http:\/\/www.eltrabajo.cl\/2017\/?p=86251"},"modified":"2018-05-10T19:41:31","modified_gmt":"2018-05-10T23:41:31","slug":"capturan-a-delincuente-encaramado-arriba-de-un-arbol-robando-paltas","status":"publish","type":"post","link":"https:\/\/www.eltrabajo.cl\/2017\/capturan-a-delincuente-encaramado-arriba-de-un-arbol-robando-paltas\/","title":{"rendered":"Capturan a delincuente encaramado arriba de un \u00e1rbol robando paltas"},"content":{"rendered":"<figure id=\"attachment_86253\" aria-describedby=\"caption-attachment-86253\" style=\"width: 579px\" class=\"wp-caption alignnone\"><img data-recalc-dims=\"1\" loading=\"lazy\" decoding=\"async\" class=\"size-full wp-image-86253\" src=\"https:\/\/i0.wp.com\/www.eltrabajo.cl\/2017\/wp-content\/uploads\/2018\/05\/vivienda-santa-maria.jpg?resize=579%2C326\" alt=\"El sujeto habr\u00eda ingresado hasta el interior de este inmueble siendo detenido por Carabineros de Santa Mar\u00eda.\" width=\"579\" height=\"326\" srcset=\"https:\/\/i0.wp.com\/www.eltrabajo.cl\/2017\/wp-content\/uploads\/2018\/05\/vivienda-santa-maria.jpg?w=579&amp;ssl=1 579w, https:\/\/i0.wp.com\/www.eltrabajo.cl\/2017\/wp-content\/uploads\/2018\/05\/vivienda-santa-maria.jpg?resize=300%2C169&amp;ssl=1 300w, https:\/\/i0.wp.com\/www.eltrabajo.cl\/2017\/wp-content\/uploads\/2018\/05\/vivienda-santa-maria.jpg?resize=150%2C84&amp;ssl=1 150w\" sizes=\"auto, (max-width: 579px) 100vw, 579px\" \/><figcaption id=\"caption-attachment-86253\" class=\"wp-caption-text\">El sujeto habr\u00eda ingresado hasta el interior de este inmueble siendo detenido por Carabineros de Santa Mar\u00eda.<\/figcaption><\/figure>\n<ul>\n<li><strong><span style=\"color: #ff0000;\">Tras patrullaje preventivo de Carabineros de Santa Mar\u00eda:<\/span>\u00a0Delito qued\u00f3 al descubierto al mediod\u00eda de ayer jueves en un inmueble de dicha comuna. La propietaria del domicilio fue informada del hecho tras encontrarse en su lugar de trabajo.<\/strong><\/li>\n<\/ul>\n<p>Tras un patrullaje preventivo efectuado por Carabineros de la Tenencia de Santa Mar\u00eda, permiti\u00f3 frustrar el robo de 10 kilos de paltas presuntamente efectuado por un sujeto que fue capturado en plena acci\u00f3n desde el interior de un domicilio ubicado en calle El Frutillar de Santa Mar\u00eda.<br \/>\nCarabineros inform\u00f3 que un individuo fue observado dentro del inmueble sobre un palto sustrayendo los frutos, hecho que despert\u00f3 la atenci\u00f3n de los polic\u00edas a eso del mediod\u00eda de ayer jueves.<br \/>\nDe acuerdo a las diligencias policiales, se descubri\u00f3 que el sujeto habr\u00eda escalado el cierre perimetral de la propiedad de alambres de p\u00faas, accediendo al patio del inmueble aprovechando que el domicilio se encontraba sin moradores.<br \/>\nEn el lugar los funcionarios policiales hallaron una mochila de color negro la que conten\u00eda un total de 10 kilos de paltas de diferentes tama\u00f1os y colores. Tras el relato de transe\u00fantes y vecinos del sector, quienes se\u00f1alaron que la due\u00f1a de casa no se encontraba en el inmueble tras dirigirse a su lugar de trabajo durante la ma\u00f1ana, Carabineros procedi\u00f3 a detener al sujeto por robo.<br \/>\nEl imputado fue individualizado con las iniciales P.A.S.P. de 46 a\u00f1os de edad, domiciliado en la comuna de Santa Mar\u00eda, siendo conducido hasta la Tenencia de Carabineros de esa comuna para continuar con el procedimiento.<br \/>\nEl Fiscal de turno dispuso que el detenido sea trasladado durante la ma\u00f1ana de hoy viernes hasta el Juzgado de Garant\u00eda de San Felipe para ser sometido a audiencia de control de detenci\u00f3n por este delito e iniciar las investigaciones para este hecho.<br \/>\n<strong>Pablo Salinas Sald\u00edas<\/strong><\/p>\n<figure id=\"attachment_86252\" aria-describedby=\"caption-attachment-86252\" style=\"width: 579px\" class=\"wp-caption alignnone\"><img data-recalc-dims=\"1\" loading=\"lazy\" decoding=\"async\" class=\"size-full wp-image-86252\" src=\"https:\/\/i0.wp.com\/www.eltrabajo.cl\/2017\/wp-content\/uploads\/2018\/05\/detenido-robo-paltas.jpg?resize=579%2C421\" alt=\"El imputado fue capturado en flagrancia por Carabineros de la comuna de Santa Mar\u00eda al mediod\u00eda de ayer jueves.\" width=\"579\" height=\"421\" srcset=\"https:\/\/i0.wp.com\/www.eltrabajo.cl\/2017\/wp-content\/uploads\/2018\/05\/detenido-robo-paltas.jpg?w=579&amp;ssl=1 579w, https:\/\/i0.wp.com\/www.eltrabajo.cl\/2017\/wp-content\/uploads\/2018\/05\/detenido-robo-paltas.jpg?resize=300%2C218&amp;ssl=1 300w, https:\/\/i0.wp.com\/www.eltrabajo.cl\/2017\/wp-content\/uploads\/2018\/05\/detenido-robo-paltas.jpg?resize=150%2C109&amp;ssl=1 150w\" sizes=\"auto, (max-width: 579px) 100vw, 579px\" \/><figcaption id=\"caption-attachment-86252\" class=\"wp-caption-text\">El imputado fue capturado en flagrancia por Carabineros de la comuna de Santa Mar\u00eda al mediod\u00eda de ayer jueves.<\/figcaption><\/figure>\n","protected":false},"excerpt":{"rendered":"<div class=\"mh-excerpt\"><p>Tras patrullaje preventivo de Carabineros de Santa Mar\u00eda:\u00a0Delito qued\u00f3 al descubierto al mediod\u00eda de ayer jueves en un inmueble de dicha comuna. La propietaria del <a class=\"mh-excerpt-more\" href=\"https:\/\/www.eltrabajo.cl\/2017\/capturan-a-delincuente-encaramado-arriba-de-un-arbol-robando-paltas\/\" title=\"Capturan a delincuente encaramado arriba de un \u00e1rbol robando paltas\">[&#8230;]<\/a><\/p>\n<\/div>","protected":false},"author":1,"featured_media":86252,"comment_status":"open","ping_status":"open","sticky":false,"template":"","format":"standard","meta":{"_jetpack_newsletter_access":"","_jetpack_dont_email_post_to_subs":false,"_jetpack_newsletter_tier_id":0,"_jetpack_memberships_contains_paywalled_content":false,"_jetpack_memberships_contains_paid_content":false,"footnotes":""},"categories":[2],"tags":[],"class_list":["post-86251","post","type-post","status-publish","format-standard","has-post-thumbnail","hentry","category-policial"],"nelio_content":{"autoShareEndMode":"never","automationSources":{"useCustomSentences":false,"customSentences":[]},"efiAlt":"","efiUrl":"","followers":[],"highlights":[],"isAutoShareEnabled":true,"networkImageIds":[],"permalinkQueryArgs":[],"series":[],"suggestedReferences":[]},"jetpack_featured_media_url":"https:\/\/i0.wp.com\/www.eltrabajo.cl\/2017\/wp-content\/uploads\/2018\/05\/detenido-robo-paltas.jpg?fit=579%2C421&ssl=1","jetpack_sharing_enabled":true,"_links":{"self":[{"href":"https:\/\/www.eltrabajo.cl\/2017\/wp-json\/wp\/v2\/posts\/86251","targetHints":{"allow":["GET"]}}],"collection":[{"href":"https:\/\/www.eltrabajo.cl\/2017\/wp-json\/wp\/v2\/posts"}],"about":[{"href":"https:\/\/www.eltrabajo.cl\/2017\/wp-json\/wp\/v2\/types\/post"}],"author":[{"embeddable":true,"href":"https:\/\/www.eltrabajo.cl\/2017\/wp-json\/wp\/v2\/users\/1"}],"replies":[{"embeddable":true,"href":"https:\/\/www.eltrabajo.cl\/2017\/wp-json\/wp\/v2\/comments?post=86251"}],"version-history":[{"count":1,"href":"https:\/\/www.eltrabajo.cl\/2017\/wp-json\/wp\/v2\/posts\/86251\/revisions"}],"predecessor-version":[{"id":86254,"href":"https:\/\/www.eltrabajo.cl\/2017\/wp-json\/wp\/v2\/posts\/86251\/revisions\/86254"}],"wp:featuredmedia":[{"embeddable":true,"href":"https:\/\/www.eltrabajo.cl\/2017\/wp-json\/wp\/v2\/media\/86252"}],"wp:attachment":[{"href":"https:\/\/www.eltrabajo.cl\/2017\/wp-json\/wp\/v2\/media?parent=86251"}],"wp:term":[{"taxonomy":"category","embeddable":true,"href":"https:\/\/www.eltrabajo.cl\/2017\/wp-json\/wp\/v2\/categories?post=86251"},{"taxonomy":"post_tag","embeddable":true,"href":"https:\/\/www.eltrabajo.cl\/2017\/wp-json\/wp\/v2\/tags?post=86251"}],"curies":[{"name":"wp","href":"https:\/\/api.w.org\/{rel}","templated":true}]}}