{"id":86263,"date":"2018-05-14T05:00:01","date_gmt":"2018-05-14T09:00:01","guid":{"rendered":"http:\/\/www.eltrabajo.cl\/2017\/?p=86263"},"modified":"2018-05-13T21:07:37","modified_gmt":"2018-05-14T01:07:37","slug":"total-de-58-detenidos-arrojo-masiva-ronda-de-carabineros-este-viernes","status":"publish","type":"post","link":"https:\/\/www.eltrabajo.cl\/2017\/total-de-58-detenidos-arrojo-masiva-ronda-de-carabineros-este-viernes\/","title":{"rendered":"Total de 58 detenidos arroj\u00f3 masiva ronda de Carabineros este viernes"},"content":{"rendered":"<figure id=\"attachment_86264\" aria-describedby=\"caption-attachment-86264\" style=\"width: 580px\" class=\"wp-caption alignnone\"><img data-recalc-dims=\"1\" loading=\"lazy\" decoding=\"async\" class=\"size-full wp-image-86264\" src=\"https:\/\/i0.wp.com\/www.eltrabajo.cl\/2017\/wp-content\/uploads\/2018\/05\/RONDAS-PREVENTIVAS-1.jpg?resize=580%2C435\" alt=\"Los servicios extraordinarios por parte de Carabineros se iniciaron a primeras horas de ayer mi\u00e9rcoles para prevenir delitos y evitar accidentes de tr\u00e1nsito en principales rutas de Aconcagua.\" width=\"580\" height=\"435\" srcset=\"https:\/\/i0.wp.com\/www.eltrabajo.cl\/2017\/wp-content\/uploads\/2018\/05\/RONDAS-PREVENTIVAS-1.jpg?w=580&amp;ssl=1 580w, https:\/\/i0.wp.com\/www.eltrabajo.cl\/2017\/wp-content\/uploads\/2018\/05\/RONDAS-PREVENTIVAS-1.jpg?resize=300%2C225&amp;ssl=1 300w, https:\/\/i0.wp.com\/www.eltrabajo.cl\/2017\/wp-content\/uploads\/2018\/05\/RONDAS-PREVENTIVAS-1.jpg?resize=150%2C113&amp;ssl=1 150w\" sizes=\"auto, (max-width: 580px) 100vw, 580px\" \/><figcaption id=\"caption-attachment-86264\" class=\"wp-caption-text\">Los servicios extraordinarios por parte de Carabineros se iniciaron a primeras horas de ayer mi\u00e9rcoles para prevenir delitos y evitar accidentes de tr\u00e1nsito en principales rutas de Aconcagua.<\/figcaption><\/figure>\n<ul>\n<li><strong><span style=\"color: #ff0000;\">En provincias de San Felipe, Los Andes y Petorca:<\/span>\u00a0Labores extraordinarias por parte de la Polic\u00eda uniformada se replicaron a nivel nacional para la prevenci\u00f3n de delitos.<\/strong><\/li>\n<\/ul>\n<p>Durante la jornada de este viernes a nivel nacional y provincial, Carabineros inici\u00f3 patrullajes extraordinarios de prevenci\u00f3n de delitos con el objetivo de aumentar la sensaci\u00f3n de seguridad replicado en las comunas de San Felipe, Los Andes y Petorca, encabezada por el prefecto de Aconcagua, coronel Rolando Ilabaca Bustamante.<br \/>\nSeg\u00fan las estad\u00edsticas proporcionadas por Carabineros, un total de 36 personas fueron detenidas por delitos flagrantes, mientras que 22 sujetos fueron aprehendidos por orden de detenci\u00f3n pendiente. Asimismo, se efectuaron 2.090 controles de identidad y 4.048 fiscalizaciones vehiculares en las principales rutas de Aconcagua para prevenir accidentes de tr\u00e1nsito, curs\u00e1ndose 445 denuncias por infracci\u00f3n a la Ley de Tr\u00e1nsito y una por infracci\u00f3n a la Ley 20.000 de drogas.<br \/>\nUn total de 45 locales de venta de alcohol y 146 comerciales fueron fiscalizados por los uniformados adem\u00e1s de 25 entidades bancarias y tres en seguridad privada. Dentro de las incautaciones que arroj\u00f3 este operativo se incautaron dos armas blancas, una de fuego y 0.0092 gramos de marihuana elaborada.<br \/>\n<strong>Pablo Salinas Sald\u00edas<\/strong><\/p>\n","protected":false},"excerpt":{"rendered":"<div class=\"mh-excerpt\"><p>En provincias de San Felipe, Los Andes y Petorca:\u00a0Labores extraordinarias por parte de la Polic\u00eda uniformada se replicaron a nivel nacional para la prevenci\u00f3n de <a class=\"mh-excerpt-more\" href=\"https:\/\/www.eltrabajo.cl\/2017\/total-de-58-detenidos-arrojo-masiva-ronda-de-carabineros-este-viernes\/\" title=\"Total de 58 detenidos arroj\u00f3 masiva ronda de Carabineros este viernes\">[&#8230;]<\/a><\/p>\n<\/div>","protected":false},"author":1,"featured_media":86264,"comment_status":"open","ping_status":"open","sticky":false,"template":"","format":"standard","meta":{"_jetpack_newsletter_access":"","_jetpack_dont_email_post_to_subs":false,"_jetpack_newsletter_tier_id":0,"_jetpack_memberships_contains_paywalled_content":false,"_jetpack_memberships_contains_paid_content":false,"footnotes":""},"categories":[2],"tags":[],"class_list":["post-86263","post","type-post","status-publish","format-standard","has-post-thumbnail","hentry","category-policial"],"nelio_content":{"autoShareEndMode":"never","automationSources":{"useCustomSentences":false,"customSentences":[]},"efiAlt":"","efiUrl":"","followers":[],"highlights":[],"isAutoShareEnabled":true,"networkImageIds":[],"permalinkQueryArgs":[],"series":[],"suggestedReferences":[]},"jetpack_featured_media_url":"https:\/\/i0.wp.com\/www.eltrabajo.cl\/2017\/wp-content\/uploads\/2018\/05\/RONDAS-PREVENTIVAS-1.jpg?fit=580%2C435&ssl=1","jetpack_sharing_enabled":true,"_links":{"self":[{"href":"https:\/\/www.eltrabajo.cl\/2017\/wp-json\/wp\/v2\/posts\/86263","targetHints":{"allow":["GET"]}}],"collection":[{"href":"https:\/\/www.eltrabajo.cl\/2017\/wp-json\/wp\/v2\/posts"}],"about":[{"href":"https:\/\/www.eltrabajo.cl\/2017\/wp-json\/wp\/v2\/types\/post"}],"author":[{"embeddable":true,"href":"https:\/\/www.eltrabajo.cl\/2017\/wp-json\/wp\/v2\/users\/1"}],"replies":[{"embeddable":true,"href":"https:\/\/www.eltrabajo.cl\/2017\/wp-json\/wp\/v2\/comments?post=86263"}],"version-history":[{"count":1,"href":"https:\/\/www.eltrabajo.cl\/2017\/wp-json\/wp\/v2\/posts\/86263\/revisions"}],"predecessor-version":[{"id":86265,"href":"https:\/\/www.eltrabajo.cl\/2017\/wp-json\/wp\/v2\/posts\/86263\/revisions\/86265"}],"wp:featuredmedia":[{"embeddable":true,"href":"https:\/\/www.eltrabajo.cl\/2017\/wp-json\/wp\/v2\/media\/86264"}],"wp:attachment":[{"href":"https:\/\/www.eltrabajo.cl\/2017\/wp-json\/wp\/v2\/media?parent=86263"}],"wp:term":[{"taxonomy":"category","embeddable":true,"href":"https:\/\/www.eltrabajo.cl\/2017\/wp-json\/wp\/v2\/categories?post=86263"},{"taxonomy":"post_tag","embeddable":true,"href":"https:\/\/www.eltrabajo.cl\/2017\/wp-json\/wp\/v2\/tags?post=86263"}],"curies":[{"name":"wp","href":"https:\/\/api.w.org\/{rel}","templated":true}]}}