{"id":86275,"date":"2018-05-14T05:03:27","date_gmt":"2018-05-14T09:03:27","guid":{"rendered":"http:\/\/www.eltrabajo.cl\/2017\/?p=86275"},"modified":"2018-05-13T21:12:44","modified_gmt":"2018-05-14T01:12:44","slug":"traficante-a-prision-por-posesion-de-cocaina-pura-y-pasta-base","status":"publish","type":"post","link":"https:\/\/www.eltrabajo.cl\/2017\/traficante-a-prision-por-posesion-de-cocaina-pura-y-pasta-base\/","title":{"rendered":"Traficante a prisi\u00f3n por posesi\u00f3n de coca\u00edna pura y pasta base"},"content":{"rendered":"<figure id=\"attachment_86276\" aria-describedby=\"caption-attachment-86276\" style=\"width: 580px\" class=\"wp-caption alignnone\"><img data-recalc-dims=\"1\" loading=\"lazy\" decoding=\"async\" class=\"size-full wp-image-86276\" src=\"https:\/\/i0.wp.com\/www.eltrabajo.cl\/2017\/wp-content\/uploads\/2018\/05\/DROGAS-LLAY-LLAY.jpg?resize=580%2C435\" alt=\"Brigada Grupo Microtr\u00e1fico Cero de la PDI San Felipe incaut\u00f3 las drogas desde un domicilio en la comuna de Llay Llay.\" width=\"580\" height=\"435\" srcset=\"https:\/\/i0.wp.com\/www.eltrabajo.cl\/2017\/wp-content\/uploads\/2018\/05\/DROGAS-LLAY-LLAY.jpg?w=580&amp;ssl=1 580w, https:\/\/i0.wp.com\/www.eltrabajo.cl\/2017\/wp-content\/uploads\/2018\/05\/DROGAS-LLAY-LLAY.jpg?resize=300%2C225&amp;ssl=1 300w, https:\/\/i0.wp.com\/www.eltrabajo.cl\/2017\/wp-content\/uploads\/2018\/05\/DROGAS-LLAY-LLAY.jpg?resize=150%2C113&amp;ssl=1 150w\" sizes=\"auto, (max-width: 580px) 100vw, 580px\" \/><figcaption id=\"caption-attachment-86276\" class=\"wp-caption-text\">Brigada Grupo Microtr\u00e1fico Cero de la PDI San Felipe incaut\u00f3 las drogas desde un domicilio en la comuna de Llay Llay.<\/figcaption><\/figure>\n<ul>\n<li><strong><span style=\"color: #ff0000;\">Tras diligencias de la Bicrim de la PDI de San Felipe:<\/span>\u00a0La Polic\u00eda civil incaut\u00f3 las drogas durante la jornada de este jueves, siendo detenido el imputado quien fue formalizado por la Fiscal\u00eda por este delito. El Tribunal determin\u00f3 que su libertad en un peligro para la salud de la sociedad.<\/strong><\/li>\n<\/ul>\n<p>Durante la jornada de este jueves la Brigada del Crimen de la PDI de San Felipe captur\u00f3 a un sujeto de 45 a\u00f1os de edad tras la incautaci\u00f3n de coca\u00edna pura, pasta base y dinero en efectivo que se encontraban dentro de su domicilio en la comuna de Llay Llay.<br \/>\nLas diligencias policiales enmarcadas en el Plan Microtr\u00e1fico Cero movilizaron a la Polic\u00eda civil hasta dicha comuna tras una investigaci\u00f3n en su contra por posesi\u00f3n de drogas, incaut\u00e1ndose un total de 42 gramos de clorhidrato de coca\u00edna, 582 gramos de pasta base y la suma de $850.000 en efectivo.<br \/>\nAsimismo como medio de pruebas al il\u00edcito, la PDI incaut\u00f3 dos pesas digitales utilizadas para la dosificaci\u00f3n de las drogas, procediendo a la detenci\u00f3n de un sujeto identificado con las iniciales J.C.F.L. sin antecedentes penales.<br \/>\nDurante la jornada de este viernes, el imputado fue conducido hasta el Juzgado de Garant\u00eda de San Felipe para ser formalizado por la Fiscal\u00eda, la que requiri\u00f3 ante este tribunal la cautelar de Prisi\u00f3n Preventiva en contra del detenido por representar un peligro para la salud de la sociedad.<br \/>\nEl Tribunal accedi\u00f3 a la petici\u00f3n del Ministerio P\u00fablico, ordenando el ingreso del imputado hasta el Centro de Cumplimiento Penitenciario de San Felipe, mientras se investigan los hechos formalizados.<br \/>\n<strong>Pablo Salinas Sald\u00edas<\/strong><\/p>\n","protected":false},"excerpt":{"rendered":"<div class=\"mh-excerpt\"><p>Tras diligencias de la Bicrim de la PDI de San Felipe:\u00a0La Polic\u00eda civil incaut\u00f3 las drogas durante la jornada de este jueves, siendo detenido el <a class=\"mh-excerpt-more\" href=\"https:\/\/www.eltrabajo.cl\/2017\/traficante-a-prision-por-posesion-de-cocaina-pura-y-pasta-base\/\" title=\"Traficante a prisi\u00f3n por posesi\u00f3n de coca\u00edna pura y pasta base\">[&#8230;]<\/a><\/p>\n<\/div>","protected":false},"author":1,"featured_media":86276,"comment_status":"open","ping_status":"open","sticky":false,"template":"","format":"standard","meta":{"_jetpack_newsletter_access":"","_jetpack_dont_email_post_to_subs":false,"_jetpack_newsletter_tier_id":0,"_jetpack_memberships_contains_paywalled_content":false,"_jetpack_memberships_contains_paid_content":false,"footnotes":""},"categories":[2],"tags":[],"class_list":["post-86275","post","type-post","status-publish","format-standard","has-post-thumbnail","hentry","category-policial"],"nelio_content":{"autoShareEndMode":"never","automationSources":{"useCustomSentences":false,"customSentences":[]},"efiAlt":"","efiUrl":"","followers":[],"highlights":[],"isAutoShareEnabled":true,"networkImageIds":[],"permalinkQueryArgs":[],"series":[],"suggestedReferences":[]},"jetpack_featured_media_url":"https:\/\/i0.wp.com\/www.eltrabajo.cl\/2017\/wp-content\/uploads\/2018\/05\/DROGAS-LLAY-LLAY.jpg?fit=580%2C435&ssl=1","jetpack_sharing_enabled":true,"_links":{"self":[{"href":"https:\/\/www.eltrabajo.cl\/2017\/wp-json\/wp\/v2\/posts\/86275","targetHints":{"allow":["GET"]}}],"collection":[{"href":"https:\/\/www.eltrabajo.cl\/2017\/wp-json\/wp\/v2\/posts"}],"about":[{"href":"https:\/\/www.eltrabajo.cl\/2017\/wp-json\/wp\/v2\/types\/post"}],"author":[{"embeddable":true,"href":"https:\/\/www.eltrabajo.cl\/2017\/wp-json\/wp\/v2\/users\/1"}],"replies":[{"embeddable":true,"href":"https:\/\/www.eltrabajo.cl\/2017\/wp-json\/wp\/v2\/comments?post=86275"}],"version-history":[{"count":1,"href":"https:\/\/www.eltrabajo.cl\/2017\/wp-json\/wp\/v2\/posts\/86275\/revisions"}],"predecessor-version":[{"id":86277,"href":"https:\/\/www.eltrabajo.cl\/2017\/wp-json\/wp\/v2\/posts\/86275\/revisions\/86277"}],"wp:featuredmedia":[{"embeddable":true,"href":"https:\/\/www.eltrabajo.cl\/2017\/wp-json\/wp\/v2\/media\/86276"}],"wp:attachment":[{"href":"https:\/\/www.eltrabajo.cl\/2017\/wp-json\/wp\/v2\/media?parent=86275"}],"wp:term":[{"taxonomy":"category","embeddable":true,"href":"https:\/\/www.eltrabajo.cl\/2017\/wp-json\/wp\/v2\/categories?post=86275"},{"taxonomy":"post_tag","embeddable":true,"href":"https:\/\/www.eltrabajo.cl\/2017\/wp-json\/wp\/v2\/tags?post=86275"}],"curies":[{"name":"wp","href":"https:\/\/api.w.org\/{rel}","templated":true}]}}