{"id":86286,"date":"2018-05-14T05:06:13","date_gmt":"2018-05-14T09:06:13","guid":{"rendered":"http:\/\/www.eltrabajo.cl\/2017\/?p=86286"},"modified":"2018-05-14T09:09:09","modified_gmt":"2018-05-14T13:09:09","slug":"haitiano-alega-legitima-defensa-tras-asesinar-a-golpes-a-delincuente","status":"publish","type":"post","link":"https:\/\/www.eltrabajo.cl\/2017\/haitiano-alega-legitima-defensa-tras-asesinar-a-golpes-a-delincuente\/","title":{"rendered":"Haitiano alega Leg\u00edtima Defensa tras asesinar a golpes a delincuente"},"content":{"rendered":"<figure id=\"attachment_86288\" aria-describedby=\"caption-attachment-86288\" style=\"width: 579px\" class=\"wp-caption alignnone\"><img data-recalc-dims=\"1\" loading=\"lazy\" decoding=\"async\" class=\"size-full wp-image-86288\" src=\"https:\/\/i0.wp.com\/www.eltrabajo.cl\/2017\/wp-content\/uploads\/2018\/05\/LUIS-GUILLERMO-SUAZO-PAEZ.jpg?resize=579%2C435\" alt=\"Luis Guillermo Suazo Pa\u00e9z apodado \u2018El Tuerto Pate Lija\u2019, falleci\u00f3 este mi\u00e9rcoles a la edad de 37 a\u00f1os.\" width=\"579\" height=\"435\" srcset=\"https:\/\/i0.wp.com\/www.eltrabajo.cl\/2017\/wp-content\/uploads\/2018\/05\/LUIS-GUILLERMO-SUAZO-PAEZ.jpg?w=579&amp;ssl=1 579w, https:\/\/i0.wp.com\/www.eltrabajo.cl\/2017\/wp-content\/uploads\/2018\/05\/LUIS-GUILLERMO-SUAZO-PAEZ.jpg?resize=300%2C225&amp;ssl=1 300w, https:\/\/i0.wp.com\/www.eltrabajo.cl\/2017\/wp-content\/uploads\/2018\/05\/LUIS-GUILLERMO-SUAZO-PAEZ.jpg?resize=150%2C113&amp;ssl=1 150w\" sizes=\"auto, (max-width: 579px) 100vw, 579px\" \/><figcaption id=\"caption-attachment-86288\" class=\"wp-caption-text\">Luis Guillermo Suazo Pa\u00e9z apodado \u2018El Tuerto Pate Lija\u2019, falleci\u00f3 este mi\u00e9rcoles a la edad de 37 a\u00f1os.<\/figcaption><\/figure>\n<ul>\n<li><strong><span style=\"color: #ff0000;\">Tribunal concedi\u00f3 fianza de $500.000 para recuperar su libertad:\u00a0\u00a0<\/span>\u2018El Tuerto Pate Lija\u2019, de 37 a\u00f1os de edad, falleci\u00f3 de un traumatismo craneal el pasado mi\u00e9rcoles en el Hospital San Camilo de San Felipe. El imputado afirma que el enfrentamiento se origin\u00f3 tras un intento de asalto en Calle Edwards de Llay Llay la semana pasada.<\/strong><\/li>\n<\/ul>\n<p>Por Homicidio Simple fue formalizado un inmigrante haitiano de 23 a\u00f1os de edad, de iniciales V.L. acusado de haber dado muerte a golpes en aparente Leg\u00edtima Defensa a Luis Guillermo Suazo P\u00e1ez, apodado \u2018El Tuerto Pate Lija\u2019, quien falleci\u00f3 v\u00edctima de un traumatismo enc\u00e9falo craneal el pasado mi\u00e9rcoles en el Hospital San Camilo de San Felipe.<br \/>\nSeg\u00fan las primeras investigaciones policiales, el hecho habr\u00eda ocurrido pasadas las 20:00 horas de este lunes 7 de mayo y de acuerdo al relato del ciudadano extranjero, el delito sucedi\u00f3 en Calle Edwards de la comuna de Llay Llay, instantes en que Suazo P\u00e1ez habr\u00eda abordado al acusado aparentemente con la intenci\u00f3n de asaltarlo, origin\u00e1ndose un enfrentamiento entre ambos.<br \/>\nLa Fiscal\u00eda refiere a que el imputado habr\u00eda extra\u00eddo un destornillador para provocarle lesiones al presunto atacante hasta reducirlo y golpearlo violentamente en la cabeza y dejarlo inconsciente. El diagn\u00f3stico m\u00e9dico revel\u00f3 que el pasado mi\u00e9rcoles, la v\u00edctima falleci\u00f3 a consecuencia de un grave traumatismo enc\u00e9falo craneal.<\/p>\n<p><span style=\"color: #ff0000;\"><strong>ORDEN DE CAPTURA<\/strong><\/span><br \/>\nA ra\u00edz de este episodio, el Tribunal de Garant\u00eda despach\u00f3 una orden de detenci\u00f3n en contra del extranjero, logr\u00e1ndose su detenci\u00f3n la tarde de este jueves por los efectivos de la Brigada de Homicidios de la Polic\u00eda de Investigaciones de Los Andes, para dar curso a la investigaci\u00f3n.<br \/>\nNo obstante este viernes, el imputado confes\u00f3 haberse defendido del sujeto tras un intento de robo, cuyos argumentos fueron expuestos por la Defensa durante la Audiencia de Formalizaci\u00f3n en el Juzgado de Garant\u00eda de San Felipe.<br \/>\nCabe se\u00f1alar que la v\u00edctima Suazo P\u00e1ez de 37 a\u00f1os de edad, manten\u00eda un amplio prontuario delictivo por diversos delitos de robo y otros, siendo conocido en la comuna de Llay Llay como integrante del clan familiar delictual apodados \u2018Los Pate Lija\u2019.<br \/>\nLa Fiscal\u00eda por su parte acus\u00f3 los hechos como un Homicidio Simple, inici\u00e1ndose una investigaci\u00f3n dentro de los pr\u00f3ximos 120 d\u00edas para determinar la din\u00e1mica de los hechos, as\u00ed lo inform\u00f3 a Diario El Trabajo el Fiscal Jefe del Ministerio P\u00fablico de San Felipe, Eduardo Fajardo De La Cuba.<br \/>\n\u00abSe produce una pelea entre ambos, el imputado en circunstancias que se est\u00e1n investigando, aparentemente con un destornillador habr\u00eda atacado a la v\u00edctima, punzando este objeto en diferentes partes del cuerpo adem\u00e1s dando golpes de pu\u00f1o a la v\u00edctima cuando se encontraba en el suelo, provoc\u00e1ndole un traumatismo cr\u00e1neo encef\u00e1lico lo que le provoca la muerte\u00bb.<br \/>\nDurante la audiencia de control de detenci\u00f3n la Fiscal\u00eda requiri\u00f3 la cautelar de Prisi\u00f3n Preventiva en contra del imputado por el peligro para la seguridad de la sociedad, mientras la defensa aleg\u00f3 una Leg\u00edtima Defensa Incompleta.<br \/>\nFinalmente el Tribunal entendi\u00f3 que podr\u00eda haber existido Leg\u00edtima Defensa Incompleta y no dio la prisi\u00f3n preventiva por peligro para la seguridad de la sociedad, sino por peligro de fuga. El acusado podr\u00eda recuperar su libertad tras el pago de una cauci\u00f3n (fianza) fijada por el Tribunal de $500.000.<br \/>\n<strong>Pablo Salinas Sald\u00edas<\/strong><\/p>\n<figure id=\"attachment_86287\" aria-describedby=\"caption-attachment-86287\" style=\"width: 579px\" class=\"wp-caption alignnone\"><img data-recalc-dims=\"1\" loading=\"lazy\" decoding=\"async\" class=\"wp-image-86287 size-full\" src=\"https:\/\/i0.wp.com\/www.eltrabajo.cl\/2017\/wp-content\/uploads\/2018\/05\/HAITIANO-IMPUTADO.jpg?resize=579%2C396\" alt=\"El joven haitiano fue detenido por la PDI, quedando a disposici\u00f3n de la Fiscal\u00eda de San Felipe.\" width=\"579\" height=\"396\" srcset=\"https:\/\/i0.wp.com\/www.eltrabajo.cl\/2017\/wp-content\/uploads\/2018\/05\/HAITIANO-IMPUTADO.jpg?w=579&amp;ssl=1 579w, https:\/\/i0.wp.com\/www.eltrabajo.cl\/2017\/wp-content\/uploads\/2018\/05\/HAITIANO-IMPUTADO.jpg?resize=300%2C205&amp;ssl=1 300w, https:\/\/i0.wp.com\/www.eltrabajo.cl\/2017\/wp-content\/uploads\/2018\/05\/HAITIANO-IMPUTADO.jpg?resize=150%2C103&amp;ssl=1 150w\" sizes=\"auto, (max-width: 579px) 100vw, 579px\" \/><figcaption id=\"caption-attachment-86287\" class=\"wp-caption-text\">El joven haitiano fue detenido por la PDI, quedando a disposici\u00f3n de la Fiscal\u00eda de San Felipe.<\/figcaption><\/figure>\n","protected":false},"excerpt":{"rendered":"<div class=\"mh-excerpt\"><p>Tribunal concedi\u00f3 fianza de $500.000 para recuperar su libertad:\u00a0\u00a0\u2018El Tuerto Pate Lija\u2019, de 37 a\u00f1os de edad, falleci\u00f3 de un traumatismo craneal el pasado mi\u00e9rcoles <a class=\"mh-excerpt-more\" href=\"https:\/\/www.eltrabajo.cl\/2017\/haitiano-alega-legitima-defensa-tras-asesinar-a-golpes-a-delincuente\/\" title=\"Haitiano alega Leg\u00edtima Defensa tras asesinar a golpes a delincuente\">[&#8230;]<\/a><\/p>\n<\/div>","protected":false},"author":1,"featured_media":86287,"comment_status":"open","ping_status":"open","sticky":false,"template":"","format":"standard","meta":{"_jetpack_newsletter_access":"","_jetpack_dont_email_post_to_subs":false,"_jetpack_newsletter_tier_id":0,"_jetpack_memberships_contains_paywalled_content":false,"_jetpack_memberships_contains_paid_content":false,"footnotes":""},"categories":[2],"tags":[],"class_list":["post-86286","post","type-post","status-publish","format-standard","has-post-thumbnail","hentry","category-policial"],"nelio_content":{"autoShareEndMode":"never","automationSources":{"useCustomSentences":false,"customSentences":[]},"efiAlt":"","efiUrl":"","followers":[],"highlights":[],"isAutoShareEnabled":true,"networkImageIds":[],"permalinkQueryArgs":[],"series":[],"suggestedReferences":[]},"jetpack_featured_media_url":"https:\/\/i0.wp.com\/www.eltrabajo.cl\/2017\/wp-content\/uploads\/2018\/05\/HAITIANO-IMPUTADO.jpg?fit=579%2C396&ssl=1","jetpack_sharing_enabled":true,"_links":{"self":[{"href":"https:\/\/www.eltrabajo.cl\/2017\/wp-json\/wp\/v2\/posts\/86286","targetHints":{"allow":["GET"]}}],"collection":[{"href":"https:\/\/www.eltrabajo.cl\/2017\/wp-json\/wp\/v2\/posts"}],"about":[{"href":"https:\/\/www.eltrabajo.cl\/2017\/wp-json\/wp\/v2\/types\/post"}],"author":[{"embeddable":true,"href":"https:\/\/www.eltrabajo.cl\/2017\/wp-json\/wp\/v2\/users\/1"}],"replies":[{"embeddable":true,"href":"https:\/\/www.eltrabajo.cl\/2017\/wp-json\/wp\/v2\/comments?post=86286"}],"version-history":[{"count":2,"href":"https:\/\/www.eltrabajo.cl\/2017\/wp-json\/wp\/v2\/posts\/86286\/revisions"}],"predecessor-version":[{"id":86291,"href":"https:\/\/www.eltrabajo.cl\/2017\/wp-json\/wp\/v2\/posts\/86286\/revisions\/86291"}],"wp:featuredmedia":[{"embeddable":true,"href":"https:\/\/www.eltrabajo.cl\/2017\/wp-json\/wp\/v2\/media\/86287"}],"wp:attachment":[{"href":"https:\/\/www.eltrabajo.cl\/2017\/wp-json\/wp\/v2\/media?parent=86286"}],"wp:term":[{"taxonomy":"category","embeddable":true,"href":"https:\/\/www.eltrabajo.cl\/2017\/wp-json\/wp\/v2\/categories?post=86286"},{"taxonomy":"post_tag","embeddable":true,"href":"https:\/\/www.eltrabajo.cl\/2017\/wp-json\/wp\/v2\/tags?post=86286"}],"curies":[{"name":"wp","href":"https:\/\/api.w.org\/{rel}","templated":true}]}}