{"id":86318,"date":"2018-05-16T05:03:00","date_gmt":"2018-05-16T09:03:00","guid":{"rendered":"http:\/\/www.eltrabajo.cl\/2017\/?p=86318"},"modified":"2018-05-15T20:40:16","modified_gmt":"2018-05-16T00:40:16","slug":"a-ocho-anos-de-carcel-condenan-al-conejo-por-robo-a-casa-en-llay-llay","status":"publish","type":"post","link":"https:\/\/www.eltrabajo.cl\/2017\/a-ocho-anos-de-carcel-condenan-al-conejo-por-robo-a-casa-en-llay-llay\/","title":{"rendered":"A ocho a\u00f1os de c\u00e1rcel condenan al \u2018Conejo\u2019 por robo a casa en Llay Llay"},"content":{"rendered":"<figure id=\"attachment_86319\" aria-describedby=\"caption-attachment-86319\" style=\"width: 579px\" class=\"wp-caption alignnone\"><img data-recalc-dims=\"1\" loading=\"lazy\" decoding=\"async\" class=\"size-full wp-image-86319\" src=\"https:\/\/i0.wp.com\/www.eltrabajo.cl\/2017\/wp-content\/uploads\/2018\/05\/juan-manuel-rojas-contreras-1.jpg?resize=579%2C422\" alt=\"Juan Manuel Rojas Contreras, alias \u2018El Conejo\u2019, pasar\u00e1 los pr\u00f3ximos ocho sin causar da\u00f1o a la sociedad.\" width=\"579\" height=\"422\" srcset=\"https:\/\/i0.wp.com\/www.eltrabajo.cl\/2017\/wp-content\/uploads\/2018\/05\/juan-manuel-rojas-contreras-1.jpg?w=579&amp;ssl=1 579w, https:\/\/i0.wp.com\/www.eltrabajo.cl\/2017\/wp-content\/uploads\/2018\/05\/juan-manuel-rojas-contreras-1.jpg?resize=300%2C219&amp;ssl=1 300w, https:\/\/i0.wp.com\/www.eltrabajo.cl\/2017\/wp-content\/uploads\/2018\/05\/juan-manuel-rojas-contreras-1.jpg?resize=150%2C109&amp;ssl=1 150w\" sizes=\"auto, (max-width: 579px) 100vw, 579px\" \/><figcaption id=\"caption-attachment-86319\" class=\"wp-caption-text\">Juan Manuel Rojas Contreras, alias \u2018El Conejo\u2019, pasar\u00e1 los pr\u00f3ximos ocho sin causar da\u00f1o a la sociedad.<\/figcaption><\/figure>\n<ul>\n<li><strong><span style=\"color: #ff0000;\">Sentencia del Tribunal Oral de San Felipe:\u00a0<\/span>Delito investigado por la Fiscal\u00eda de San Felipe ocurri\u00f3 el 7 de agosto de 2016, en los momentos en que las v\u00edctimas se encontraban en el interior de su hogar, advirtiendo la presencia del delincuente que rob\u00f3 especies y dinero en efectivo.<\/strong><\/li>\n<\/ul>\n<p>A una pena de ocho a\u00f1os de c\u00e1rcel fue condenado por el Tribunal Oral en Lo Penal de San Felipe, un conocido delincuente identificado como Juan Manuel Rojas Contreras, alias \u2018El Conejo\u2019, quien fue declarado culpable del robo de especies desde una vivienda en la comuna de Llay Llay mientras sus moradores se encontraban en el interior.<br \/>\nDe acuerdo a la investigaci\u00f3n encabezada por el Fiscal Adjunto del Ministerio P\u00fablico de San Felipe, Rodrigo Zapata Cu\u00e9llar, el entonces imputado habr\u00eda escalado el inmueble ubicado en el pasaje Las Camelias de Llay Llay el 7 de agosto de 2016, alrededor de las 07:30 horas.<br \/>\nLos antecedentes revelan que el acusado habr\u00eda utilizado un cuchillo para cortar el nylon que cubr\u00eda una de las ventanas, lo que le permiti\u00f3 ingresar al inmueble para apoderarse de un reloj marca Seiko, un celular marca Samsung y $110.000 en efectivo.<br \/>\nEl antisocial huy\u00f3 de inmediato al ser descubierto por el due\u00f1o de casa, escalando la reja de cierre perimetral, cayendo la billetera de la v\u00edctima y el cuchillo utilizado por el delincuente, momentos que fueron observados adem\u00e1s por uno de los hijos del propietario afectado, quienes finalmente efectuaron la denuncia a la polic\u00eda.<br \/>\nRojas Contreras, quien cuenta con un amplio prontuario delictual, fue declarado culpable tras la realizaci\u00f3n de un juicio oral, siendo condenado por la terna de jueces a la pena de ocho a\u00f1os de presidio mayor en su grado m\u00ednimo. El fallo judicial obliga al sentenciado a cumplir la condena \u00edntegramente en la c\u00e1rcel, sin registrarse d\u00edas de abono en raz\u00f3n de esta causa.<br \/>\nEn tanto la Defensa posee un plazo de diez d\u00edas para elevar eventualmente un recurso de nulidad sobre este juicio ante la Corte de Apelaciones de Valpara\u00edso.<br \/>\n<strong>Pablo Salinas Sald\u00edas<\/strong><\/p>\n","protected":false},"excerpt":{"rendered":"<div class=\"mh-excerpt\"><p>Sentencia del Tribunal Oral de San Felipe:\u00a0Delito investigado por la Fiscal\u00eda de San Felipe ocurri\u00f3 el 7 de agosto de 2016, en los momentos en <a class=\"mh-excerpt-more\" href=\"https:\/\/www.eltrabajo.cl\/2017\/a-ocho-anos-de-carcel-condenan-al-conejo-por-robo-a-casa-en-llay-llay\/\" title=\"A ocho a\u00f1os de c\u00e1rcel condenan al \u2018Conejo\u2019 por robo a casa en Llay Llay\">[&#8230;]<\/a><\/p>\n<\/div>","protected":false},"author":1,"featured_media":86319,"comment_status":"open","ping_status":"open","sticky":false,"template":"","format":"standard","meta":{"_jetpack_newsletter_access":"","_jetpack_dont_email_post_to_subs":false,"_jetpack_newsletter_tier_id":0,"_jetpack_memberships_contains_paywalled_content":false,"_jetpack_memberships_contains_paid_content":false,"footnotes":""},"categories":[2],"tags":[],"class_list":["post-86318","post","type-post","status-publish","format-standard","has-post-thumbnail","hentry","category-policial"],"nelio_content":{"autoShareEndMode":"never","automationSources":{"useCustomSentences":false,"customSentences":[]},"efiAlt":"","efiUrl":"","followers":[],"highlights":[],"isAutoShareEnabled":true,"networkImageIds":[],"permalinkQueryArgs":[],"series":[],"suggestedReferences":[]},"jetpack_featured_media_url":"https:\/\/i0.wp.com\/www.eltrabajo.cl\/2017\/wp-content\/uploads\/2018\/05\/juan-manuel-rojas-contreras-1.jpg?fit=579%2C422&ssl=1","jetpack_sharing_enabled":true,"_links":{"self":[{"href":"https:\/\/www.eltrabajo.cl\/2017\/wp-json\/wp\/v2\/posts\/86318","targetHints":{"allow":["GET"]}}],"collection":[{"href":"https:\/\/www.eltrabajo.cl\/2017\/wp-json\/wp\/v2\/posts"}],"about":[{"href":"https:\/\/www.eltrabajo.cl\/2017\/wp-json\/wp\/v2\/types\/post"}],"author":[{"embeddable":true,"href":"https:\/\/www.eltrabajo.cl\/2017\/wp-json\/wp\/v2\/users\/1"}],"replies":[{"embeddable":true,"href":"https:\/\/www.eltrabajo.cl\/2017\/wp-json\/wp\/v2\/comments?post=86318"}],"version-history":[{"count":1,"href":"https:\/\/www.eltrabajo.cl\/2017\/wp-json\/wp\/v2\/posts\/86318\/revisions"}],"predecessor-version":[{"id":86320,"href":"https:\/\/www.eltrabajo.cl\/2017\/wp-json\/wp\/v2\/posts\/86318\/revisions\/86320"}],"wp:featuredmedia":[{"embeddable":true,"href":"https:\/\/www.eltrabajo.cl\/2017\/wp-json\/wp\/v2\/media\/86319"}],"wp:attachment":[{"href":"https:\/\/www.eltrabajo.cl\/2017\/wp-json\/wp\/v2\/media?parent=86318"}],"wp:term":[{"taxonomy":"category","embeddable":true,"href":"https:\/\/www.eltrabajo.cl\/2017\/wp-json\/wp\/v2\/categories?post=86318"},{"taxonomy":"post_tag","embeddable":true,"href":"https:\/\/www.eltrabajo.cl\/2017\/wp-json\/wp\/v2\/tags?post=86318"}],"curies":[{"name":"wp","href":"https:\/\/api.w.org\/{rel}","templated":true}]}}