{"id":86338,"date":"2018-05-17T05:01:54","date_gmt":"2018-05-17T09:01:54","guid":{"rendered":"http:\/\/www.eltrabajo.cl\/2017\/?p=86338"},"modified":"2018-05-16T20:59:01","modified_gmt":"2018-05-17T00:59:01","slug":"operativo-de-la-pdi-culmina-con-tres-detenidos-por-microtrafico-de-drogas","status":"publish","type":"post","link":"https:\/\/www.eltrabajo.cl\/2017\/operativo-de-la-pdi-culmina-con-tres-detenidos-por-microtrafico-de-drogas\/","title":{"rendered":"Operativo de la PDI culmina con tres detenidos por microtr\u00e1fico de drogas"},"content":{"rendered":"<figure id=\"attachment_86339\" aria-describedby=\"caption-attachment-86339\" style=\"width: 580px\" class=\"wp-caption alignnone\"><img data-recalc-dims=\"1\" loading=\"lazy\" decoding=\"async\" class=\"size-full wp-image-86339\" src=\"https:\/\/i0.wp.com\/www.eltrabajo.cl\/2017\/wp-content\/uploads\/2018\/05\/MARIHUANA.jpg?resize=580%2C399\" alt=\"Las incautaciones de marihuana a granel en calle Diego de Almagro fueron concretadas en operativos efectuados por la Polic\u00eda de Investigaciones de San Felipe y el Grupo Microtr\u00e1fico Cero.\" width=\"580\" height=\"399\" srcset=\"https:\/\/i0.wp.com\/www.eltrabajo.cl\/2017\/wp-content\/uploads\/2018\/05\/MARIHUANA.jpg?w=580&amp;ssl=1 580w, https:\/\/i0.wp.com\/www.eltrabajo.cl\/2017\/wp-content\/uploads\/2018\/05\/MARIHUANA.jpg?resize=300%2C206&amp;ssl=1 300w, https:\/\/i0.wp.com\/www.eltrabajo.cl\/2017\/wp-content\/uploads\/2018\/05\/MARIHUANA.jpg?resize=150%2C103&amp;ssl=1 150w\" sizes=\"auto, (max-width: 580px) 100vw, 580px\" \/><figcaption id=\"caption-attachment-86339\" class=\"wp-caption-text\">Las incautaciones de marihuana a granel en calle Diego de Almagro fueron concretadas en operativos efectuados por la Polic\u00eda de Investigaciones de San Felipe y el Grupo Microtr\u00e1fico Cero.<\/figcaption><\/figure>\n<ul>\n<li><strong><span style=\"color: #ff0000;\">Incautaciones de marihuana en calle Diego de Almagro:<\/span>\u00a0Dos de los imputados fueron procesados por la Fiscal\u00eda por este delito, mientras el tercero qued\u00f3 a la espera de citaci\u00f3n al Ministerio P\u00fablico de San Felipe.<\/strong><\/li>\n<\/ul>\n<p>En dos procedimientos simult\u00e1neos, personal de la Brigada del Crimen de la PDI en conjunto con el equipo Microtr\u00e1fico Cero incautaron desde dos puntos ubicados en calle Diego de Almagro de San Felipe, una cantidad considerable de marihuana a granel y dinero en efectivo, derivando en la detenci\u00f3n de tres sujetos, dos de ellos procesados por la Fiscal\u00eda.<br \/>\nDe acuerdo al reporte de la polic\u00eda civil, dos sujetos identificados con las iniciales M.A.R.C. de 24 a\u00f1os de edad y E.A.B.P. de 26 a\u00f1os de edad, ambos sin antecedentes penales, fueron detenidos por infringir la Ley 20.000 de drogas, luego de la incautaci\u00f3n de 18,1 gramos de cannabis sativa y la suma de $115.000 adem\u00e1s de una pesa digital.<br \/>\nLos funcionarios policiales descubrieron la droga oculta dentro de una motocicleta tipo scooter. Ambos j\u00f3venes fueron detenidos por la PDI en calle Diego de Almagro, siendo conducidos al cuartel policial para continuar con las diligencias, siendo posteriormente procesados por la Fiscal\u00eda en audiencia de control de detenci\u00f3n en el Juzgado de Garant\u00eda de San Felipe.<br \/>\nAl mismo tiempo la Bicrim y el Grupo Microtr\u00e1fico Cero efectuaron la detenci\u00f3n de un sujeto de iniciales L.F.A.E. de 26 a\u00f1os de edad, quien posee antecedentes penales por da\u00f1os simples e infracci\u00f3n a Ley 20.000 de drogas.<br \/>\nDurante esta diligencia, el imputado mantendr\u00eda un total de 41,73 gramos de marihuana a granel y una planta de cannabis sativa en el interior de su propiedad ubicada en calle Diego de Almagro de San Felipe.<br \/>\nTras su detenci\u00f3n por parte de la PDI, el Fiscal de turno dispuso que el imputado recuperara su libertad, quedando a la espera de ser citado a la Fiscal\u00eda para la investigaci\u00f3n del caso.<br \/>\n<strong>Pablo Salinas Sald\u00edas<\/strong><\/p>\n","protected":false},"excerpt":{"rendered":"<div class=\"mh-excerpt\"><p>Incautaciones de marihuana en calle Diego de Almagro:\u00a0Dos de los imputados fueron procesados por la Fiscal\u00eda por este delito, mientras el tercero qued\u00f3 a la <a class=\"mh-excerpt-more\" href=\"https:\/\/www.eltrabajo.cl\/2017\/operativo-de-la-pdi-culmina-con-tres-detenidos-por-microtrafico-de-drogas\/\" title=\"Operativo de la PDI culmina con tres detenidos por microtr\u00e1fico de drogas\">[&#8230;]<\/a><\/p>\n<\/div>","protected":false},"author":1,"featured_media":86339,"comment_status":"open","ping_status":"open","sticky":false,"template":"","format":"standard","meta":{"_jetpack_newsletter_access":"","_jetpack_dont_email_post_to_subs":false,"_jetpack_newsletter_tier_id":0,"_jetpack_memberships_contains_paywalled_content":false,"_jetpack_memberships_contains_paid_content":false,"footnotes":""},"categories":[2],"tags":[],"class_list":["post-86338","post","type-post","status-publish","format-standard","has-post-thumbnail","hentry","category-policial"],"nelio_content":{"autoShareEndMode":"never","automationSources":{"useCustomSentences":false,"customSentences":[]},"efiAlt":"","efiUrl":"","followers":[],"highlights":[],"isAutoShareEnabled":true,"networkImageIds":[],"permalinkQueryArgs":[],"series":[],"suggestedReferences":[]},"jetpack_featured_media_url":"https:\/\/i0.wp.com\/www.eltrabajo.cl\/2017\/wp-content\/uploads\/2018\/05\/MARIHUANA.jpg?fit=580%2C399&ssl=1","jetpack_sharing_enabled":true,"_links":{"self":[{"href":"https:\/\/www.eltrabajo.cl\/2017\/wp-json\/wp\/v2\/posts\/86338","targetHints":{"allow":["GET"]}}],"collection":[{"href":"https:\/\/www.eltrabajo.cl\/2017\/wp-json\/wp\/v2\/posts"}],"about":[{"href":"https:\/\/www.eltrabajo.cl\/2017\/wp-json\/wp\/v2\/types\/post"}],"author":[{"embeddable":true,"href":"https:\/\/www.eltrabajo.cl\/2017\/wp-json\/wp\/v2\/users\/1"}],"replies":[{"embeddable":true,"href":"https:\/\/www.eltrabajo.cl\/2017\/wp-json\/wp\/v2\/comments?post=86338"}],"version-history":[{"count":1,"href":"https:\/\/www.eltrabajo.cl\/2017\/wp-json\/wp\/v2\/posts\/86338\/revisions"}],"predecessor-version":[{"id":86340,"href":"https:\/\/www.eltrabajo.cl\/2017\/wp-json\/wp\/v2\/posts\/86338\/revisions\/86340"}],"wp:featuredmedia":[{"embeddable":true,"href":"https:\/\/www.eltrabajo.cl\/2017\/wp-json\/wp\/v2\/media\/86339"}],"wp:attachment":[{"href":"https:\/\/www.eltrabajo.cl\/2017\/wp-json\/wp\/v2\/media?parent=86338"}],"wp:term":[{"taxonomy":"category","embeddable":true,"href":"https:\/\/www.eltrabajo.cl\/2017\/wp-json\/wp\/v2\/categories?post=86338"},{"taxonomy":"post_tag","embeddable":true,"href":"https:\/\/www.eltrabajo.cl\/2017\/wp-json\/wp\/v2\/tags?post=86338"}],"curies":[{"name":"wp","href":"https:\/\/api.w.org\/{rel}","templated":true}]}}