{"id":86345,"date":"2018-05-17T05:03:43","date_gmt":"2018-05-17T09:03:43","guid":{"rendered":"http:\/\/www.eltrabajo.cl\/2017\/?p=86345"},"modified":"2018-05-16T21:04:24","modified_gmt":"2018-05-17T01:04:24","slug":"espectacular-volcamiento-frente-al-liceo-mixto-deja-a-conductor-herido","status":"publish","type":"post","link":"https:\/\/www.eltrabajo.cl\/2017\/espectacular-volcamiento-frente-al-liceo-mixto-deja-a-conductor-herido\/","title":{"rendered":"Espectacular volcamiento frente al Liceo Mixto deja a conductor herido"},"content":{"rendered":"<figure id=\"attachment_86349\" aria-describedby=\"caption-attachment-86349\" style=\"width: 580px\" class=\"wp-caption alignnone\"><img data-recalc-dims=\"1\" loading=\"lazy\" decoding=\"async\" class=\"size-full wp-image-86349\" src=\"https:\/\/i0.wp.com\/www.eltrabajo.cl\/2017\/wp-content\/uploads\/2018\/05\/volcamiento-mixto-3.jpg?resize=580%2C399\" alt=\"Desde este \u00e1ngulo se puede apreciar el lugar exacto donde termin\u00f3 volcado el Mitsubishi, a la entrada del camino a La Troya. \" width=\"580\" height=\"399\" srcset=\"https:\/\/i0.wp.com\/www.eltrabajo.cl\/2017\/wp-content\/uploads\/2018\/05\/volcamiento-mixto-3.jpg?w=580&amp;ssl=1 580w, https:\/\/i0.wp.com\/www.eltrabajo.cl\/2017\/wp-content\/uploads\/2018\/05\/volcamiento-mixto-3.jpg?resize=300%2C206&amp;ssl=1 300w, https:\/\/i0.wp.com\/www.eltrabajo.cl\/2017\/wp-content\/uploads\/2018\/05\/volcamiento-mixto-3.jpg?resize=150%2C103&amp;ssl=1 150w\" sizes=\"auto, (max-width: 580px) 100vw, 580px\" \/><figcaption id=\"caption-attachment-86349\" class=\"wp-caption-text\">Desde este \u00e1ngulo se puede apreciar el lugar exacto donde termin\u00f3 volcado el Mitsubishi, a la entrada del camino a La Troya.<\/figcaption><\/figure>\n<ul>\n<li><strong><span style=\"color: #ff0000;\">Joven de 34 a\u00f1os sufri\u00f3 fractura expuesta del pulgar:\u00a0<\/span>La Subcomisar\u00eda Investigadora de Accidentes de Tr\u00e1nsito (Siat) de Carabineros de San Felipe, inici\u00f3 una investigaci\u00f3n para determinar responsabilidades tras la colisi\u00f3n entre dos veh\u00edculos menores.<\/strong><\/li>\n<\/ul>\n<p>Una violenta colisi\u00f3n entre dos veh\u00edculos menores se registr\u00f3 pasadas las 13:00 horas de ayer mi\u00e9rcoles en la rotonda ubicada frente al Liceo Mixto de San Felipe, provocando el volcamiento de uno de los m\u00f3viles, dejando a su conductor de 34 a\u00f1os de edad con lesiones en una de sus manos, debiendo ser derivado hasta el Hospital San Camilo de San Felipe.<br \/>\nTras la ocurrencia de este accidente de tr\u00e1nsito, concurri\u00f3 personal de Bomberos, Carabineros y el Samu para asistir a los lesionados, registr\u00e1ndose a uno de los conductores de 34 a\u00f1os de edad con lesiones en su extremidad superior, espec\u00edficamente una fractura expuesta en uno de sus pulgares, mientras que la conductora del otro m\u00f3vil involucrado, una camioneta tipo furg\u00f3n marca Renault, de color blanco, result\u00f3 sin lesiones.<br \/>\nSeg\u00fanlo inform\u00f3 a Diario El Trabajo el Teniente de Carabineros, C\u00e9sar Bustamante, \u201cpor causas que se investigan, dos veh\u00edculos menores colisionaron entre s\u00ed, provocando que uno de ellos, debido al impacto, volcara hacia el costado derecho. Producto de lo anterior el conductor de dicho veh\u00edculo que iba solo, sufri\u00f3 una lesi\u00f3n en su mano debido a la fricci\u00f3n que provoc\u00f3 su cuerpo con el suelo, provoc\u00e1ndose lesiones en uno de sus dedos. El conductor del veh\u00edculo volcado fue trasladado al Hospital San Camilo luego de haber sido asistido por personal de rescate de Bomberos\u201d.<br \/>\nCarabineros inform\u00f3 del accidente de tr\u00e1nsito al Fiscal de Turno, quien dispuso la concurrencia de los peritos de la Subcomisar\u00eda Investigadora de Accidentes de Tr\u00e1nsito (Siat) de la instituci\u00f3n uniformada, quienes iniciaron las primeras diligencias en el sitio del suceso para determinar responsabilidades en el hecho, para posteriormente elaborar un informe que ser\u00e1 remitido al Ministerio P\u00fablico de San Felipe.<br \/>\nCabe destacar que de acuerdo a antecedentes extraoficiales proporcionados por personas que se encontraban en el lugar, el accidente se produjo en circunstancias que el veh\u00edculo volcado, un Mitsubishi Pajero se desplazaba por Miraflores hacia el oriente, tomando la rotonda para virar hacia el Liceo Mixto, circunstancia en la cual habr\u00eda sido impactado en el costado derecho de la parte posterior por el furg\u00f3n que se desplazaba supuestamente por Miraflores hacia el poniente, lo que le hizo perder el equilibrio para volcar de campana frente al establecimiento educacional, resultando el veh\u00edculo con da\u00f1os de consideraci\u00f3n.<br \/>\n<strong>Pablo Salinas Sald\u00edas<\/strong><\/p>\n<figure id=\"attachment_86346\" aria-describedby=\"caption-attachment-86346\" style=\"width: 580px\" class=\"wp-caption alignnone\"><img data-recalc-dims=\"1\" loading=\"lazy\" decoding=\"async\" class=\"size-full wp-image-86346\" src=\"https:\/\/i0.wp.com\/www.eltrabajo.cl\/2017\/wp-content\/uploads\/2018\/05\/PORTADA-volcamiento-mixto-1.jpg?resize=580%2C399\" alt=\"A ra\u00edz de la colisi\u00f3n el Mitsubishi Pajero termin\u00f3 volcado de campana en la rotonda frente al Liceo Mixto de San Felipe la tarde de ayer mi\u00e9rcoles.\" width=\"580\" height=\"399\" srcset=\"https:\/\/i0.wp.com\/www.eltrabajo.cl\/2017\/wp-content\/uploads\/2018\/05\/PORTADA-volcamiento-mixto-1.jpg?w=580&amp;ssl=1 580w, https:\/\/i0.wp.com\/www.eltrabajo.cl\/2017\/wp-content\/uploads\/2018\/05\/PORTADA-volcamiento-mixto-1.jpg?resize=300%2C206&amp;ssl=1 300w, https:\/\/i0.wp.com\/www.eltrabajo.cl\/2017\/wp-content\/uploads\/2018\/05\/PORTADA-volcamiento-mixto-1.jpg?resize=150%2C103&amp;ssl=1 150w\" sizes=\"auto, (max-width: 580px) 100vw, 580px\" \/><figcaption id=\"caption-attachment-86346\" class=\"wp-caption-text\">A ra\u00edz de la colisi\u00f3n el Mitsubishi Pajero termin\u00f3 volcado de campana en la rotonda frente al Liceo Mixto de San Felipe la tarde de ayer mi\u00e9rcoles.<\/figcaption><\/figure>\n<figure id=\"attachment_86348\" aria-describedby=\"caption-attachment-86348\" style=\"width: 580px\" class=\"wp-caption alignnone\"><img data-recalc-dims=\"1\" loading=\"lazy\" decoding=\"async\" class=\"size-full wp-image-86348\" src=\"https:\/\/i0.wp.com\/www.eltrabajo.cl\/2017\/wp-content\/uploads\/2018\/05\/volcamiento-mixto-2.jpg?resize=580%2C399\" alt=\"El furg\u00f3n Renault involucrado en el accidente result\u00f3 con da\u00f1os menores, en tanto sus conductora salv\u00f3 ilesa.\" width=\"580\" height=\"399\" srcset=\"https:\/\/i0.wp.com\/www.eltrabajo.cl\/2017\/wp-content\/uploads\/2018\/05\/volcamiento-mixto-2.jpg?w=580&amp;ssl=1 580w, https:\/\/i0.wp.com\/www.eltrabajo.cl\/2017\/wp-content\/uploads\/2018\/05\/volcamiento-mixto-2.jpg?resize=300%2C206&amp;ssl=1 300w, https:\/\/i0.wp.com\/www.eltrabajo.cl\/2017\/wp-content\/uploads\/2018\/05\/volcamiento-mixto-2.jpg?resize=150%2C103&amp;ssl=1 150w\" sizes=\"auto, (max-width: 580px) 100vw, 580px\" \/><figcaption id=\"caption-attachment-86348\" class=\"wp-caption-text\">El furg\u00f3n Renault involucrado en el accidente result\u00f3 con da\u00f1os menores, en tanto sus conductora salv\u00f3 ilesa.<\/figcaption><\/figure>\n","protected":false},"excerpt":{"rendered":"<div class=\"mh-excerpt\"><p>Joven de 34 a\u00f1os sufri\u00f3 fractura expuesta del pulgar:\u00a0La Subcomisar\u00eda Investigadora de Accidentes de Tr\u00e1nsito (Siat) de Carabineros de San Felipe, inici\u00f3 una investigaci\u00f3n para <a class=\"mh-excerpt-more\" href=\"https:\/\/www.eltrabajo.cl\/2017\/espectacular-volcamiento-frente-al-liceo-mixto-deja-a-conductor-herido\/\" title=\"Espectacular volcamiento frente al Liceo Mixto deja a conductor herido\">[&#8230;]<\/a><\/p>\n<\/div>","protected":false},"author":1,"featured_media":86347,"comment_status":"open","ping_status":"open","sticky":false,"template":"","format":"standard","meta":{"_jetpack_newsletter_access":"","_jetpack_dont_email_post_to_subs":false,"_jetpack_newsletter_tier_id":0,"_jetpack_memberships_contains_paywalled_content":false,"_jetpack_memberships_contains_paid_content":false,"footnotes":""},"categories":[2],"tags":[],"class_list":["post-86345","post","type-post","status-publish","format-standard","has-post-thumbnail","hentry","category-policial"],"nelio_content":{"autoShareEndMode":"never","automationSources":{"useCustomSentences":false,"customSentences":[]},"efiAlt":"","efiUrl":"","followers":[],"highlights":[],"isAutoShareEnabled":true,"networkImageIds":[],"permalinkQueryArgs":[],"series":[],"suggestedReferences":[]},"jetpack_featured_media_url":"https:\/\/i0.wp.com\/www.eltrabajo.cl\/2017\/wp-content\/uploads\/2018\/05\/volcamiento-mixto-1.jpg?fit=580%2C398&ssl=1","jetpack_sharing_enabled":true,"_links":{"self":[{"href":"https:\/\/www.eltrabajo.cl\/2017\/wp-json\/wp\/v2\/posts\/86345","targetHints":{"allow":["GET"]}}],"collection":[{"href":"https:\/\/www.eltrabajo.cl\/2017\/wp-json\/wp\/v2\/posts"}],"about":[{"href":"https:\/\/www.eltrabajo.cl\/2017\/wp-json\/wp\/v2\/types\/post"}],"author":[{"embeddable":true,"href":"https:\/\/www.eltrabajo.cl\/2017\/wp-json\/wp\/v2\/users\/1"}],"replies":[{"embeddable":true,"href":"https:\/\/www.eltrabajo.cl\/2017\/wp-json\/wp\/v2\/comments?post=86345"}],"version-history":[{"count":1,"href":"https:\/\/www.eltrabajo.cl\/2017\/wp-json\/wp\/v2\/posts\/86345\/revisions"}],"predecessor-version":[{"id":86350,"href":"https:\/\/www.eltrabajo.cl\/2017\/wp-json\/wp\/v2\/posts\/86345\/revisions\/86350"}],"wp:featuredmedia":[{"embeddable":true,"href":"https:\/\/www.eltrabajo.cl\/2017\/wp-json\/wp\/v2\/media\/86347"}],"wp:attachment":[{"href":"https:\/\/www.eltrabajo.cl\/2017\/wp-json\/wp\/v2\/media?parent=86345"}],"wp:term":[{"taxonomy":"category","embeddable":true,"href":"https:\/\/www.eltrabajo.cl\/2017\/wp-json\/wp\/v2\/categories?post=86345"},{"taxonomy":"post_tag","embeddable":true,"href":"https:\/\/www.eltrabajo.cl\/2017\/wp-json\/wp\/v2\/tags?post=86345"}],"curies":[{"name":"wp","href":"https:\/\/api.w.org\/{rel}","templated":true}]}}