{"id":86351,"date":"2018-05-18T05:00:28","date_gmt":"2018-05-18T09:00:28","guid":{"rendered":"http:\/\/www.eltrabajo.cl\/2017\/?p=86351"},"modified":"2018-05-17T20:51:10","modified_gmt":"2018-05-18T00:51:10","slug":"perro-guardian-delato-a-delincuente-que-robaba-paltas-en-vivienda","status":"publish","type":"post","link":"https:\/\/www.eltrabajo.cl\/2017\/perro-guardian-delato-a-delincuente-que-robaba-paltas-en-vivienda\/","title":{"rendered":"Perro guardi\u00e1n delat\u00f3 a delincuente que robaba paltas en vivienda"},"content":{"rendered":"<figure id=\"attachment_86352\" aria-describedby=\"caption-attachment-86352\" style=\"width: 580px\" class=\"wp-caption alignnone\"><img data-recalc-dims=\"1\" loading=\"lazy\" decoding=\"async\" class=\"size-full wp-image-86352\" src=\"https:\/\/i0.wp.com\/www.eltrabajo.cl\/2017\/wp-content\/uploads\/2018\/05\/paltas-recuperadas.jpg?resize=580%2C381\" alt=\"El adolescente pretend\u00eda robarse 10 kilos de paltas desde una propiedad, siendo detenidos por Carabineros de la Tenencia de Santa Mar\u00eda.\" width=\"580\" height=\"381\" srcset=\"https:\/\/i0.wp.com\/www.eltrabajo.cl\/2017\/wp-content\/uploads\/2018\/05\/paltas-recuperadas.jpg?w=580&amp;ssl=1 580w, https:\/\/i0.wp.com\/www.eltrabajo.cl\/2017\/wp-content\/uploads\/2018\/05\/paltas-recuperadas.jpg?resize=300%2C197&amp;ssl=1 300w, https:\/\/i0.wp.com\/www.eltrabajo.cl\/2017\/wp-content\/uploads\/2018\/05\/paltas-recuperadas.jpg?resize=150%2C99&amp;ssl=1 150w\" sizes=\"auto, (max-width: 580px) 100vw, 580px\" \/><figcaption id=\"caption-attachment-86352\" class=\"wp-caption-text\">El adolescente pretend\u00eda robarse 10 kilos de paltas desde una propiedad, siendo detenidos por Carabineros de la Tenencia de Santa Mar\u00eda.<\/figcaption><\/figure>\n<ul>\n<li><span style=\"color: #ff0000;\"><strong>Propietario se percat\u00f3 tras los persistentes ladridos de su mascota que alertaba la presencia de dos intrusos en el inmueble. Uno de ellos logr\u00f3 escapar mientras que el segundo, por temor a ser mordido por el animal, se qued\u00f3 sobre el \u00e1rbol.<\/strong><\/span><\/li>\n<\/ul>\n<p>Funcionarios de Carabineros de la Tenencia de Santa Mar\u00eda concretaron la detenci\u00f3n de un adolescente de 17 a\u00f1os de edad, quien se encontraba sobre un \u00e1rbol tras ser delatado por un perro guardi\u00e1n cuando robaba m\u00e1s de 10 kilos de paltas dentro de una vivienda ubicada en calle Manuel Rodr\u00edguez de esa comuna.<br \/>\nEl hecho qued\u00f3 al descubierto luego que el due\u00f1o del inmueble fuera alertado por los persistentes ladridos de su fiel mascota, quien se encontraba bajo un \u00e1rbol indicando que dos antisociales se encontraban entre las ramas robando los preciados frutos.<br \/>\nEl afectado de inmediato solicit\u00f3 v\u00eda telef\u00f3nica la presencia de Carabineros, indicando la presencia de los sujetos dentro de su propiedad, uno de los cuales logr\u00f3 escapar con parte de los frutos, mientras el segundo, por temor al animal, opt\u00f3 por quedarse sobre las ramas esperando la llegada de los funcionarios policiales que procedieron a detenerlo.<br \/>\nDe acuerdo a la informaci\u00f3n policial, el imputado de iniciales N.B.H. de 17 a\u00f1os de edad, manten\u00eda en su bolsillo dos papelillos de pasta base de coca\u00edna, recuper\u00e1ndose un total de 10 kilos de paltas que se encontraban dentro de una mochila.<br \/>\nEl detenido qued\u00f3 a disposici\u00f3n de la Fiscal\u00eda por los delitos de robo en lugar habitado e infracci\u00f3n a la Ley 20.000 de drogas.<br \/>\n<strong>Pablo Salinas Sald\u00edas<\/strong><\/p>\n","protected":false},"excerpt":{"rendered":"<div class=\"mh-excerpt\"><p>Propietario se percat\u00f3 tras los persistentes ladridos de su mascota que alertaba la presencia de dos intrusos en el inmueble. Uno de ellos logr\u00f3 escapar <a class=\"mh-excerpt-more\" href=\"https:\/\/www.eltrabajo.cl\/2017\/perro-guardian-delato-a-delincuente-que-robaba-paltas-en-vivienda\/\" title=\"Perro guardi\u00e1n delat\u00f3 a delincuente que robaba paltas en vivienda\">[&#8230;]<\/a><\/p>\n<\/div>","protected":false},"author":1,"featured_media":86352,"comment_status":"open","ping_status":"open","sticky":false,"template":"","format":"standard","meta":{"_jetpack_newsletter_access":"","_jetpack_dont_email_post_to_subs":false,"_jetpack_newsletter_tier_id":0,"_jetpack_memberships_contains_paywalled_content":false,"_jetpack_memberships_contains_paid_content":false,"footnotes":""},"categories":[2],"tags":[],"class_list":["post-86351","post","type-post","status-publish","format-standard","has-post-thumbnail","hentry","category-policial"],"nelio_content":{"autoShareEndMode":"never","automationSources":{"useCustomSentences":false,"customSentences":[]},"efiAlt":"","efiUrl":"","followers":[],"highlights":[],"isAutoShareEnabled":true,"networkImageIds":[],"permalinkQueryArgs":[],"series":[],"suggestedReferences":[]},"jetpack_featured_media_url":"https:\/\/i0.wp.com\/www.eltrabajo.cl\/2017\/wp-content\/uploads\/2018\/05\/paltas-recuperadas.jpg?fit=580%2C381&ssl=1","jetpack_sharing_enabled":true,"_links":{"self":[{"href":"https:\/\/www.eltrabajo.cl\/2017\/wp-json\/wp\/v2\/posts\/86351","targetHints":{"allow":["GET"]}}],"collection":[{"href":"https:\/\/www.eltrabajo.cl\/2017\/wp-json\/wp\/v2\/posts"}],"about":[{"href":"https:\/\/www.eltrabajo.cl\/2017\/wp-json\/wp\/v2\/types\/post"}],"author":[{"embeddable":true,"href":"https:\/\/www.eltrabajo.cl\/2017\/wp-json\/wp\/v2\/users\/1"}],"replies":[{"embeddable":true,"href":"https:\/\/www.eltrabajo.cl\/2017\/wp-json\/wp\/v2\/comments?post=86351"}],"version-history":[{"count":1,"href":"https:\/\/www.eltrabajo.cl\/2017\/wp-json\/wp\/v2\/posts\/86351\/revisions"}],"predecessor-version":[{"id":86353,"href":"https:\/\/www.eltrabajo.cl\/2017\/wp-json\/wp\/v2\/posts\/86351\/revisions\/86353"}],"wp:featuredmedia":[{"embeddable":true,"href":"https:\/\/www.eltrabajo.cl\/2017\/wp-json\/wp\/v2\/media\/86352"}],"wp:attachment":[{"href":"https:\/\/www.eltrabajo.cl\/2017\/wp-json\/wp\/v2\/media?parent=86351"}],"wp:term":[{"taxonomy":"category","embeddable":true,"href":"https:\/\/www.eltrabajo.cl\/2017\/wp-json\/wp\/v2\/categories?post=86351"},{"taxonomy":"post_tag","embeddable":true,"href":"https:\/\/www.eltrabajo.cl\/2017\/wp-json\/wp\/v2\/tags?post=86351"}],"curies":[{"name":"wp","href":"https:\/\/api.w.org\/{rel}","templated":true}]}}