{"id":86359,"date":"2018-05-18T05:02:26","date_gmt":"2018-05-18T09:02:26","guid":{"rendered":"http:\/\/www.eltrabajo.cl\/2017\/?p=86359"},"modified":"2018-05-17T21:02:19","modified_gmt":"2018-05-18T01:02:19","slug":"colision-termina-con-camioneta-incrustada-en-antejardin-de-vivienda","status":"publish","type":"post","link":"https:\/\/www.eltrabajo.cl\/2017\/colision-termina-con-camioneta-incrustada-en-antejardin-de-vivienda\/","title":{"rendered":"Colisi\u00f3n termina con camioneta incrustada en antejard\u00edn de vivienda"},"content":{"rendered":"<figure id=\"attachment_86361\" aria-describedby=\"caption-attachment-86361\" style=\"width: 579px\" class=\"wp-caption alignnone\"><img data-recalc-dims=\"1\" loading=\"lazy\" decoding=\"async\" class=\"size-full wp-image-86361\" src=\"https:\/\/i0.wp.com\/www.eltrabajo.cl\/2017\/wp-content\/uploads\/2018\/05\/INCRUSTADA-EN-JARDIN-4.jpg?resize=579%2C429\" alt=\"Tanto la reja como el muro de la vivienda resultaron con serios da\u00f1os, mientras que el conductor de la camioneta result\u00f3 herido.\" width=\"579\" height=\"429\" srcset=\"https:\/\/i0.wp.com\/www.eltrabajo.cl\/2017\/wp-content\/uploads\/2018\/05\/INCRUSTADA-EN-JARDIN-4.jpg?w=579&amp;ssl=1 579w, https:\/\/i0.wp.com\/www.eltrabajo.cl\/2017\/wp-content\/uploads\/2018\/05\/INCRUSTADA-EN-JARDIN-4.jpg?resize=300%2C222&amp;ssl=1 300w, https:\/\/i0.wp.com\/www.eltrabajo.cl\/2017\/wp-content\/uploads\/2018\/05\/INCRUSTADA-EN-JARDIN-4.jpg?resize=150%2C111&amp;ssl=1 150w\" sizes=\"auto, (max-width: 579px) 100vw, 579px\" \/><figcaption id=\"caption-attachment-86361\" class=\"wp-caption-text\">Tanto la reja como el muro de la vivienda resultaron con serios da\u00f1os, mientras que el conductor de la camioneta result\u00f3 herido.<\/figcaption><\/figure>\n<ul>\n<li><span style=\"color: #ff0000;\"><strong>Nuevo accidente en intersecci\u00f3n de Toro Mazote con Carlos Condell deja como saldo una persona herida.<\/strong><\/span><\/li>\n<\/ul>\n<p>Una persona result\u00f3 herida en un accidente de tr\u00e1nsito ocurrido ayer en la intersecci\u00f3n de las calles Toro Mazote con Carlos Condell en San Felipe.<br \/>\nLa persona herida fue identificada como Eduardo Herrera, domiciliado en la comuna de San Esteban, conductor de una camioneta tres cuartos marca Hyundai, modelo H100 de color blanco, quien lo hac\u00eda por calle Toro Mazote en direcci\u00f3n sur a norte y al llegar a la intersecci\u00f3n con Carlos Condell, por causas que se investigan impact\u00f3 con una suv color blanco de la misma marca que era conducida por una mujer que se dirig\u00eda de oriente a poniente.<br \/>\nProducto del impacto la camioneta se incrust\u00f3 en la reja del domicilio de Milida Puebla, resultando con da\u00f1os de consideraci\u00f3n tanto la reja como la base: \u201cTremendo el da\u00f1o, hay que esperar lo que diga Carabineros, lo importante es que estamos bien. Sentimos muy fuerte, muy fuerte el impacto; ya estamos curados de espanto con esto por Dios, en otra ocasi\u00f3n un veh\u00edculo sac\u00f3 de cuajo el \u00e1rbol, quebr\u00f3 el pavimento. Aqu\u00ed estamos esperando lo que va a pasar, despu\u00e9s la gente no responde por esto, ya nos ha pasado y tuvimos que responder nosotros\u201d, dijo.<br \/>\nRespecto al veh\u00edculo que se desplazaba por Condell, se pudo conocer que \u00e9ste no cuenta con seguro, activ\u00e1ndose el \u2018airbag\u2019 debido a la violencia del impacto, por lo que supuestamente ser\u00eda p\u00e9rdida total.<br \/>\nEn el lugar se hizo presente personal de Carabineros, Bomberos y el Samu, \u00e9stos \u00faltimos encargados de trasladar al chofer de la camioneta tres cuartos hasta el Servicio de Urgencia del Hospital San Camilo, ya que result\u00f3 herido, aunque en todo momento se mantuvo consciente.<br \/>\nSe trata de un empleado de una empresa seg\u00fan lo que dijo su jefa que lleg\u00f3 al lugar, agregando que Eduardo Herrera cumple una labor de j\u00fanior en la empresa repartiendo insumos.<br \/>\nEl padre de la conductora indic\u00f3 que seg\u00fan lo dicho por ella, el conductor herido no respet\u00f3 el signo Pare que hay por Toro Mazote al llegar a Condell.<br \/>\nAl respecto una vecina, Aidet Puebla, pidi\u00f3 a las autoridades especialmente al alcalde Patricio Freire, disponer de mayor seguridad vial en el lugar para de esa forma evitar este tipo de accidente que ser\u00edan pan de cada d\u00eda, seg\u00fan se\u00f1al\u00f3.<\/p>\n<figure id=\"attachment_86360\" aria-describedby=\"caption-attachment-86360\" style=\"width: 579px\" class=\"wp-caption alignnone\"><img data-recalc-dims=\"1\" loading=\"lazy\" decoding=\"async\" class=\"size-full wp-image-86360\" src=\"https:\/\/i0.wp.com\/www.eltrabajo.cl\/2017\/wp-content\/uploads\/2018\/05\/INCRUSTADA-EN-JARDIN-2.jpg?resize=579%2C389\" alt=\"La violencia del impacto fue de tal magnitud que lleg\u00f3 a disparar los airbags frontales de la Suv Hyundai involucrada en el accidente.\" width=\"579\" height=\"389\" srcset=\"https:\/\/i0.wp.com\/www.eltrabajo.cl\/2017\/wp-content\/uploads\/2018\/05\/INCRUSTADA-EN-JARDIN-2.jpg?w=579&amp;ssl=1 579w, https:\/\/i0.wp.com\/www.eltrabajo.cl\/2017\/wp-content\/uploads\/2018\/05\/INCRUSTADA-EN-JARDIN-2.jpg?resize=300%2C202&amp;ssl=1 300w, https:\/\/i0.wp.com\/www.eltrabajo.cl\/2017\/wp-content\/uploads\/2018\/05\/INCRUSTADA-EN-JARDIN-2.jpg?resize=150%2C101&amp;ssl=1 150w\" sizes=\"auto, (max-width: 579px) 100vw, 579px\" \/><figcaption id=\"caption-attachment-86360\" class=\"wp-caption-text\">La violencia del impacto fue de tal magnitud que lleg\u00f3 a disparar los airbags frontales de la Suv Hyundai involucrada en el accidente.<\/figcaption><\/figure>\n<figure id=\"attachment_86362\" aria-describedby=\"caption-attachment-86362\" style=\"width: 578px\" class=\"wp-caption alignnone\"><img data-recalc-dims=\"1\" loading=\"lazy\" decoding=\"async\" class=\"size-full wp-image-86362\" src=\"https:\/\/i0.wp.com\/www.eltrabajo.cl\/2017\/wp-content\/uploads\/2018\/05\/INCRUSTADA-EN-JARDIN-5.jpg?resize=578%2C408\" alt=\"Los moradores de esta vivienda reconocieron no ser la primera vez que ocurre un accidente de estas caracter\u00edsticas, por lo que esperaban que en esta ocasi\u00f3n los responsables respondan por los da\u00f1os que causaron.\" width=\"578\" height=\"408\" srcset=\"https:\/\/i0.wp.com\/www.eltrabajo.cl\/2017\/wp-content\/uploads\/2018\/05\/INCRUSTADA-EN-JARDIN-5.jpg?w=578&amp;ssl=1 578w, https:\/\/i0.wp.com\/www.eltrabajo.cl\/2017\/wp-content\/uploads\/2018\/05\/INCRUSTADA-EN-JARDIN-5.jpg?resize=300%2C212&amp;ssl=1 300w, https:\/\/i0.wp.com\/www.eltrabajo.cl\/2017\/wp-content\/uploads\/2018\/05\/INCRUSTADA-EN-JARDIN-5.jpg?resize=150%2C106&amp;ssl=1 150w\" sizes=\"auto, (max-width: 578px) 100vw, 578px\" \/><figcaption id=\"caption-attachment-86362\" class=\"wp-caption-text\">Los moradores de esta vivienda reconocieron no ser la primera vez que ocurre un accidente de estas caracter\u00edsticas, por lo que esperaban que en esta ocasi\u00f3n los responsables respondan por los da\u00f1os que causaron.<\/figcaption><\/figure>\n<figure id=\"attachment_86363\" aria-describedby=\"caption-attachment-86363\" style=\"width: 579px\" class=\"wp-caption alignnone\"><img data-recalc-dims=\"1\" loading=\"lazy\" decoding=\"async\" class=\"size-full wp-image-86363\" src=\"https:\/\/i0.wp.com\/www.eltrabajo.cl\/2017\/wp-content\/uploads\/2018\/05\/INCRUSTADA-EN-JARDIN-7.jpg?resize=579%2C509\" alt=\"El conductor de la camioneta es asistido por personal del Samu que lo traslad\u00f3 hasta el servicio de urgencia.\" width=\"579\" height=\"509\" srcset=\"https:\/\/i0.wp.com\/www.eltrabajo.cl\/2017\/wp-content\/uploads\/2018\/05\/INCRUSTADA-EN-JARDIN-7.jpg?w=579&amp;ssl=1 579w, https:\/\/i0.wp.com\/www.eltrabajo.cl\/2017\/wp-content\/uploads\/2018\/05\/INCRUSTADA-EN-JARDIN-7.jpg?resize=300%2C264&amp;ssl=1 300w, https:\/\/i0.wp.com\/www.eltrabajo.cl\/2017\/wp-content\/uploads\/2018\/05\/INCRUSTADA-EN-JARDIN-7.jpg?resize=150%2C132&amp;ssl=1 150w\" sizes=\"auto, (max-width: 579px) 100vw, 579px\" \/><figcaption id=\"caption-attachment-86363\" class=\"wp-caption-text\">El conductor de la camioneta es asistido por personal del Samu que lo traslad\u00f3 hasta el servicio de urgencia.<\/figcaption><\/figure>\n","protected":false},"excerpt":{"rendered":"<div class=\"mh-excerpt\"><p>Nuevo accidente en intersecci\u00f3n de Toro Mazote con Carlos Condell deja como saldo una persona herida. Una persona result\u00f3 herida en un accidente de tr\u00e1nsito <a class=\"mh-excerpt-more\" href=\"https:\/\/www.eltrabajo.cl\/2017\/colision-termina-con-camioneta-incrustada-en-antejardin-de-vivienda\/\" title=\"Colisi\u00f3n termina con camioneta incrustada en antejard\u00edn de vivienda\">[&#8230;]<\/a><\/p>\n<\/div>","protected":false},"author":1,"featured_media":86364,"comment_status":"open","ping_status":"open","sticky":false,"template":"","format":"standard","meta":{"_jetpack_newsletter_access":"","_jetpack_dont_email_post_to_subs":false,"_jetpack_newsletter_tier_id":0,"_jetpack_memberships_contains_paywalled_content":false,"_jetpack_memberships_contains_paid_content":false,"footnotes":""},"categories":[2],"tags":[],"class_list":["post-86359","post","type-post","status-publish","format-standard","has-post-thumbnail","hentry","category-policial"],"nelio_content":{"autoShareEndMode":"never","automationSources":{"useCustomSentences":false,"customSentences":[]},"efiAlt":"","efiUrl":"","followers":[],"highlights":[],"isAutoShareEnabled":true,"networkImageIds":[],"permalinkQueryArgs":[],"series":[],"suggestedReferences":[]},"jetpack_featured_media_url":"https:\/\/i0.wp.com\/www.eltrabajo.cl\/2017\/wp-content\/uploads\/2018\/05\/portada-choque-toro-mazote.jpg?fit=578%2C434&ssl=1","jetpack_sharing_enabled":true,"_links":{"self":[{"href":"https:\/\/www.eltrabajo.cl\/2017\/wp-json\/wp\/v2\/posts\/86359","targetHints":{"allow":["GET"]}}],"collection":[{"href":"https:\/\/www.eltrabajo.cl\/2017\/wp-json\/wp\/v2\/posts"}],"about":[{"href":"https:\/\/www.eltrabajo.cl\/2017\/wp-json\/wp\/v2\/types\/post"}],"author":[{"embeddable":true,"href":"https:\/\/www.eltrabajo.cl\/2017\/wp-json\/wp\/v2\/users\/1"}],"replies":[{"embeddable":true,"href":"https:\/\/www.eltrabajo.cl\/2017\/wp-json\/wp\/v2\/comments?post=86359"}],"version-history":[{"count":1,"href":"https:\/\/www.eltrabajo.cl\/2017\/wp-json\/wp\/v2\/posts\/86359\/revisions"}],"predecessor-version":[{"id":86365,"href":"https:\/\/www.eltrabajo.cl\/2017\/wp-json\/wp\/v2\/posts\/86359\/revisions\/86365"}],"wp:featuredmedia":[{"embeddable":true,"href":"https:\/\/www.eltrabajo.cl\/2017\/wp-json\/wp\/v2\/media\/86364"}],"wp:attachment":[{"href":"https:\/\/www.eltrabajo.cl\/2017\/wp-json\/wp\/v2\/media?parent=86359"}],"wp:term":[{"taxonomy":"category","embeddable":true,"href":"https:\/\/www.eltrabajo.cl\/2017\/wp-json\/wp\/v2\/categories?post=86359"},{"taxonomy":"post_tag","embeddable":true,"href":"https:\/\/www.eltrabajo.cl\/2017\/wp-json\/wp\/v2\/tags?post=86359"}],"curies":[{"name":"wp","href":"https:\/\/api.w.org\/{rel}","templated":true}]}}