{"id":86366,"date":"2018-05-18T05:03:22","date_gmt":"2018-05-18T09:03:22","guid":{"rendered":"http:\/\/www.eltrabajo.cl\/2017\/?p=86366"},"modified":"2018-05-17T21:03:34","modified_gmt":"2018-05-18T01:03:34","slug":"delincuentes-a-mano-armada-roban-especies-avaluadas-en-50-millones","status":"publish","type":"post","link":"https:\/\/www.eltrabajo.cl\/2017\/delincuentes-a-mano-armada-roban-especies-avaluadas-en-50-millones\/","title":{"rendered":"Delincuentes a mano armada roban especies avaluadas en $50 millones"},"content":{"rendered":"<figure id=\"attachment_86367\" aria-describedby=\"caption-attachment-86367\" style=\"width: 579px\" class=\"wp-caption alignnone\"><img data-recalc-dims=\"1\" loading=\"lazy\" decoding=\"async\" class=\"size-full wp-image-86367\" src=\"https:\/\/i0.wp.com\/www.eltrabajo.cl\/2017\/wp-content\/uploads\/2018\/05\/ASALTO-MANO-ARMADA1.jpg?resize=579%2C286\" alt=\"Los delincuentes armados y encapuchados concretaron el robo de especies, amenazando a los trabajadores de seguridad de la empresa Agrosant en Llay Llay. (Foto Referencial).\" width=\"579\" height=\"286\" srcset=\"https:\/\/i0.wp.com\/www.eltrabajo.cl\/2017\/wp-content\/uploads\/2018\/05\/ASALTO-MANO-ARMADA1.jpg?w=579&amp;ssl=1 579w, https:\/\/i0.wp.com\/www.eltrabajo.cl\/2017\/wp-content\/uploads\/2018\/05\/ASALTO-MANO-ARMADA1.jpg?resize=300%2C148&amp;ssl=1 300w, https:\/\/i0.wp.com\/www.eltrabajo.cl\/2017\/wp-content\/uploads\/2018\/05\/ASALTO-MANO-ARMADA1.jpg?resize=150%2C74&amp;ssl=1 150w\" sizes=\"auto, (max-width: 579px) 100vw, 579px\" \/><figcaption id=\"caption-attachment-86367\" class=\"wp-caption-text\">Los delincuentes armados y encapuchados concretaron el robo de especies, amenazando a los trabajadores de seguridad de la empresa Agrosant en Llay Llay. (Foto Referencial).<\/figcaption><\/figure>\n<ul>\n<li><strong><span style=\"color: #ff0000;\">Maniataron a tres nocheros llev\u00e1ndose maquinarias y camioneta:\u00a0<\/span>Hasta el momento no se ha logrado establecer la identidad de los sujetos debido a que actuaron encapuchados, huyendo por la ruta 5 Norte en Llay Llay. La investigaci\u00f3n qued\u00f3 a cargo de la SIP de Carabineros de San Felipe.<\/strong><\/li>\n<\/ul>\n<p>Un violento asalto a mano armada afect\u00f3 a la empresa exportadora \u2018Agrosant\u2019 ubicada en el sector Las Palmas, espec\u00edficamente en el kil\u00f3metro 88 de la Ruta 5 Norte en Llay Llay, luego que cuatro sujetos encapuchados irrumpieran en el recinto, maniatando a tres nocheros para concretar el robo de $50 millones en maquinarias y una camioneta.<br \/>\nLos hechos habr\u00edan ocurrido alrededor de las 23:00 horas de este mi\u00e9rcoles, luego que la banda delictual concretara el robo de especies, cubriendo sus rostros y utilizando guantes para no dejar huellas en el sitio del suceso, cargando las especies dentro de un cami\u00f3n, adem\u00e1s de apoderarse de una camioneta que se encontraba estacionada en el interior de la empresa.<br \/>\n\u201cEstos cuatro sujetos, utilizando armas cortas, amenazan a los nocheros, quienes fueron maniatados con sus cordones y amarras pl\u00e1sticas dentro de una oficina, quedando vigilados por uno de los delincuentes, mientras los otros tres sujetos ingresan con un veh\u00edculo, aparentemente un cami\u00f3n, apoder\u00e1ndose de una hidrolavadora, una conservadora, dos grupos electr\u00f3genos industriales y otras especies, adem\u00e1s de una camioneta, todo avaluado aproximadamente en 50 millones de pesos\u201d, afirm\u00f3 a Diario El Trabajo, el Subcomisario de Carabineros, Capit\u00e1n Osvaldo Villarroel.<br \/>\nEl oficial policial agreg\u00f3 que los delincuentes, una vez obtenido el bot\u00edn, huyeron por la carretera aparentemente hacia Santiago. Las diligencias policiales han resultado d\u00e9biles debido a que no existe un registro de c\u00e1maras de seguridad en la empresa.<br \/>\nAfortunadamente ambos trabajadores no resultaron lesionados tras este violento asalto, quienes ocurrido el hecho, solicitaron la presencia de Carabineros que concurrieron al lugar, efectuando patrullajes por la ruta y encargando a las unidades policiales a nivel nacional, la placa patente GF KF 66 y modelo de la camioneta sustra\u00edda.<br \/>\nLos hechos fueron denunciados a la Fiscal\u00eda de San Felipe, quedando la investigaci\u00f3n a cargo de la Secci\u00f3n de Investigaci\u00f3n Policial (SIP) de Carabineros de San Felipe.<br \/>\n<strong>Pablo Salinas Sald\u00edas<\/strong><\/p>\n","protected":false},"excerpt":{"rendered":"<div class=\"mh-excerpt\"><p>Maniataron a tres nocheros llev\u00e1ndose maquinarias y camioneta:\u00a0Hasta el momento no se ha logrado establecer la identidad de los sujetos debido a que actuaron encapuchados, <a class=\"mh-excerpt-more\" href=\"https:\/\/www.eltrabajo.cl\/2017\/delincuentes-a-mano-armada-roban-especies-avaluadas-en-50-millones\/\" title=\"Delincuentes a mano armada roban especies avaluadas en $50 millones\">[&#8230;]<\/a><\/p>\n<\/div>","protected":false},"author":1,"featured_media":86367,"comment_status":"open","ping_status":"open","sticky":false,"template":"","format":"standard","meta":{"_jetpack_newsletter_access":"","_jetpack_dont_email_post_to_subs":false,"_jetpack_newsletter_tier_id":0,"_jetpack_memberships_contains_paywalled_content":false,"_jetpack_memberships_contains_paid_content":false,"footnotes":""},"categories":[2],"tags":[],"class_list":["post-86366","post","type-post","status-publish","format-standard","has-post-thumbnail","hentry","category-policial"],"nelio_content":{"autoShareEndMode":"never","automationSources":{"useCustomSentences":false,"customSentences":[]},"efiAlt":"","efiUrl":"","followers":[],"highlights":[],"isAutoShareEnabled":true,"networkImageIds":[],"permalinkQueryArgs":[],"series":[],"suggestedReferences":[]},"jetpack_featured_media_url":"https:\/\/i0.wp.com\/www.eltrabajo.cl\/2017\/wp-content\/uploads\/2018\/05\/ASALTO-MANO-ARMADA1.jpg?fit=579%2C286&ssl=1","jetpack_sharing_enabled":true,"_links":{"self":[{"href":"https:\/\/www.eltrabajo.cl\/2017\/wp-json\/wp\/v2\/posts\/86366","targetHints":{"allow":["GET"]}}],"collection":[{"href":"https:\/\/www.eltrabajo.cl\/2017\/wp-json\/wp\/v2\/posts"}],"about":[{"href":"https:\/\/www.eltrabajo.cl\/2017\/wp-json\/wp\/v2\/types\/post"}],"author":[{"embeddable":true,"href":"https:\/\/www.eltrabajo.cl\/2017\/wp-json\/wp\/v2\/users\/1"}],"replies":[{"embeddable":true,"href":"https:\/\/www.eltrabajo.cl\/2017\/wp-json\/wp\/v2\/comments?post=86366"}],"version-history":[{"count":1,"href":"https:\/\/www.eltrabajo.cl\/2017\/wp-json\/wp\/v2\/posts\/86366\/revisions"}],"predecessor-version":[{"id":86368,"href":"https:\/\/www.eltrabajo.cl\/2017\/wp-json\/wp\/v2\/posts\/86366\/revisions\/86368"}],"wp:featuredmedia":[{"embeddable":true,"href":"https:\/\/www.eltrabajo.cl\/2017\/wp-json\/wp\/v2\/media\/86367"}],"wp:attachment":[{"href":"https:\/\/www.eltrabajo.cl\/2017\/wp-json\/wp\/v2\/media?parent=86366"}],"wp:term":[{"taxonomy":"category","embeddable":true,"href":"https:\/\/www.eltrabajo.cl\/2017\/wp-json\/wp\/v2\/categories?post=86366"},{"taxonomy":"post_tag","embeddable":true,"href":"https:\/\/www.eltrabajo.cl\/2017\/wp-json\/wp\/v2\/tags?post=86366"}],"curies":[{"name":"wp","href":"https:\/\/api.w.org\/{rel}","templated":true}]}}